{"id":38549,"date":"2025-04-15T08:12:31","date_gmt":"2025-04-15T08:12:31","guid":{"rendered":"https:\/\/calatorinromania.com\/?p=38549"},"modified":"2025-04-15T08:12:32","modified_gmt":"2025-04-15T08:12:32","slug":"continuarea-e-aici","status":"publish","type":"post","link":"https:\/\/calatorinromania.com\/?p=38549","title":{"rendered":"Continuarea e aici"},"content":{"rendered":"\n<p>\u2026m-am oprit, cu respira\u021bia t\u0103iat\u0103.<\/p>\n\n\n\n<p>Sunetul se repeta. Slab, ca o b\u0103taie \u00een u\u0219\u0103 uitat\u0103 de timp. M-am \u00eentors spre col\u021bul sc\u0103rii, acolo unde umbrele se adunau \u0219i z\u0103pada se adunase \u00een gr\u0103mezi neregulate. Un ochi str\u0103lucea. Apoi \u00eenc\u0103 unul.<\/p>\n\n\n\n<p>Am cobor\u00e2t dou\u0103 trepte, aproape f\u0103r\u0103 s\u0103 respir. Punga mi-a alunecat din m\u00e2n\u0103. Am \u00eengenuncheat \u00een z\u0103pad\u0103, m\u00e2inile \u00eemi tremurau, de team\u0103 c\u0103 gre\u0219esc, c\u0103 e altul, c\u0103 mintea mea \u00eemi joac\u0103 feste dup\u0103 at\u00e2ta dor.<\/p>\n\n\n\n<p>Dar nu. Era el.<\/p>\n\n\n\n<p>Aceea\u0219i bl\u0103ni\u021b\u0103 ro\u0219cat\u0103, aceea\u0219i pat\u0103 alb\u0103 pe piept, aceea\u0219i privire lene\u0219\u0103 \u0219i bl\u00e2nd\u0103, dar obosit\u0103. Arci m\u0103 privea. Nu fugea, nu mieuna isteric. Doar st\u0103tea. Ca \u0219i cum nici nu plecase. Ca \u0219i cum timpul se oprise exact acolo unde \u00eel l\u0103sasem.<\/p>\n\n\n\n<p>\u2014 Arci\u2026 \u2014 am \u0219optit. Vocea mi s-a fr\u00e2nt. \u2014 Arci, e\u0219ti tu?<\/p>\n\n\n\n<p>A venit spre mine \u00eencet, ezitant. \u0218i-a atins fruntea de genunchiul meu. Am izbucnit \u00een lacrimi. Am sim\u021bit cum toat\u0103 t\u0103cerea acelui an se rupe din mine, cum golul din piept se umple, f\u0103r\u0103 cuvinte, f\u0103r\u0103 explica\u021bii.<\/p>\n\n\n\n<p>L-am str\u00e2ns \u00een bra\u021be. Era mai slab. Dar viu. Cald. Real.<\/p>\n\n\n\n<p>Nu \u0219tiu unde fusese. Nu \u0219tiu prin ce trecuse. Nu \u0219tiu cum se \u00eentorsese. Dar acum era acolo. \u0218i era al meu din nou.<\/p>\n\n\n\n<p>\u00cen seara aceea, Ursule\u021bul a r\u0103mas nemi\u0219cat \u00een col\u021bul canapelei, privind cu ochii mari \u0219i t\u0103cu\u021bi cum un motan obosit se urc\u0103 \u00een patul lui de alt\u0103dat\u0103. L-a l\u0103sat. F\u0103r\u0103 ceart\u0103. F\u0103r\u0103 sunet. Ca \u0219i cum \u0219tia.<\/p>\n\n\n\n<p>Iar eu\u2026 eu am adormit pentru prima dat\u0103, f\u0103r\u0103 s\u0103 simt lipsa cuiva.<\/p>\n\n\n\n<p>Pentru c\u0103 unii se \u00eentorc. Poate nu to\u021bi. Poate nu mereu.<br>Dar unii \u0219tiu unde le e casa. \u0218i aleg s\u0103 vin\u0103 \u00eenapoi.<\/p>\n\n\n\n<p><strong>Dac\u0103 \u021bi-a pl\u0103cut povestea, nu uita s\u0103 o distribui cu prietenii t\u0103i! \u00cempreun\u0103 putem duce mai departe emo\u021bia \u0219i inspira\u021bia.<\/strong><\/p>\n","protected":false},"excerpt":{"rendered":"<p>\u2026m-am oprit, cu respira\u021bia t\u0103iat\u0103. Sunetul se repeta. Slab, ca o b\u0103taie \u00een u\u0219\u0103 uitat\u0103 de timp. M-am \u00eentors spre col\u021bul sc\u0103rii, acolo unde umbrele<\/p>\n","protected":false},"author":1,"featured_media":38467,"comment_status":"closed","ping_status":"closed","sticky":false,"template":"","format":"standard","meta":[],"categories":[1],"tags":[],"_links":{"self":[{"href":"https:\/\/calatorinromania.com\/index.php?rest_route=\/wp\/v2\/posts\/38549"}],"collection":[{"href":"https:\/\/calatorinromania.com\/index.php?rest_route=\/wp\/v2\/posts"}],"about":[{"href":"https:\/\/calatorinromania.com\/index.php?rest_route=\/wp\/v2\/types\/post"}],"author":[{"embeddable":true,"href":"https:\/\/calatorinromania.com\/index.php?rest_route=\/wp\/v2\/users\/1"}],"replies":[{"embeddable":true,"href":"https:\/\/calatorinromania.com\/index.php?rest_route=%2Fwp%2Fv2%2Fcomments&post=38549"}],"version-history":[{"count":1,"href":"https:\/\/calatorinromania.com\/index.php?rest_route=\/wp\/v2\/posts\/38549\/revisions"}],"predecessor-version":[{"id":38550,"href":"https:\/\/calatorinromania.com\/index.php?rest_route=\/wp\/v2\/posts\/38549\/revisions\/38550"}],"wp:featuredmedia":[{"embeddable":true,"href":"https:\/\/calatorinromania.com\/index.php?rest_route=\/wp\/v2\/media\/38467"}],"wp:attachment":[{"href":"https:\/\/calatorinromania.com\/index.php?rest_route=%2Fwp%2Fv2%2Fmedia&parent=38549"}],"wp:term":[{"taxonomy":"category","embeddable":true,"href":"https:\/\/calatorinromania.com\/index.php?rest_route=%2Fwp%2Fv2%2Fcategories&post=38549"},{"taxonomy":"post_tag","embeddable":true,"href":"https:\/\/calatorinromania.com\/index.php?rest_route=%2Fwp%2Fv2%2Ftags&post=38549"}],"curies":[{"name":"wp","href":"https:\/\/api.w.org\/{rel}","templated":true}]}}