{"id":38547,"date":"2025-04-15T08:11:03","date_gmt":"2025-04-15T08:11:03","guid":{"rendered":"https:\/\/calatorinromania.com\/?p=38547"},"modified":"2025-04-15T08:11:04","modified_gmt":"2025-04-15T08:11:04","slug":"surd-lasa-l-la-spital-nu-voi-creste-un-astfel-de-copil-a-spus-sotia-mea-iar-vocea-ei-era-atat-de-rece-incat-aerul-a-inghetat","status":"publish","type":"post","link":"https:\/\/calatorinromania.com\/?p=38547","title":{"rendered":"Surd? Las\u0103-l la spital. Nu voi cre\u0219te un astfel de copil! \u2013 a spus so\u021bia mea, iar vocea ei era at\u00e2t de rece \u00eenc\u00e2t aerul a \u00eenghe\u021bat."},"content":{"rendered":"\n<p>\u201eNu pot face asta. Nu m\u0103 c\u0103uta.\u201d<\/p>\n\n\n\n<p>Am citit biletul de trei ori \u00eenainte s\u0103 \u00een\u021beleg cu adev\u0103rat ce \u00eensemna. Maria nu era genul care s\u0103 se r\u0103zg\u00e2ndeasc\u0103. C\u00e2nd lua o decizie, o respecta. \u0218tiam c\u0103 nu se va \u00eentoarce.<\/p>\n\n\n\n<p>Am luat o gur\u0103 ad\u00e2nc\u0103 de aer \u0219i am privit spre leag\u0103nul unde Tudor dormea lini\u0219tit. Pentru prima dat\u0103 \u00een via\u021ba mea, eram pe cont propriu, responsabil pentru o via\u021b\u0103 at\u00e2t de fragil\u0103.<\/p>\n\n\n\n<p>Primele s\u0103pt\u0103m\u00e2ni au fost un co\u0219mar frumos. Nop\u021bi nedormite, scutece, biberoane la ore imposibile. \u00cenv\u0103\u021bam din mers, cu ajutorul internetului \u0219i al c\u00e2torva manuale pentru p\u0103rin\u021bi pe care le-am cump\u0103rat. Mama a venit s\u0103 ne ajute c\u00e2teva zile, dar a trebuit s\u0103 se \u00eentoarc\u0103 la sat pentru a avea grij\u0103 de tata bolnav.<\/p>\n\n\n\n<p>\u2013 Andrei, e\u0219ti sigur c\u0103 po\u021bi face asta? a \u00eentrebat ea \u00eenainte de plecare, \u00eengrijorarea str\u0103lucindu-i \u00een ochi.<\/p>\n\n\n\n<p>\u2013 Nu sunt sigur de nimic, mam\u0103. Dar trebuie s\u0103 \u00eencerc.<\/p>\n\n\n\n<p>La trei luni dup\u0103 na\u0219tere, am \u00eenceput s\u0103 merg la cursuri de limbaj mimico-gestual. Era dificil s\u0103 g\u0103sesc timp \u00eentre job-ul meu de electrician \u0219i \u00eengrijirea lui Tudor, dar vecinii mei, familia Popescu, m\u0103 ajutau ocazional s\u0103 am grij\u0103 de el. Doamna Popescu, o femeie de \u0219aizeci de ani cu inima mare \u0219i m\u00e2ini aspre, \u00eel \u021binea \u00een bra\u021be pe Tudor ca \u0219i cum ar fi fost nepotul ei.<\/p>\n\n\n\n<p>\u2013 \u00cemi aminte\u0219te de b\u0103iatul meu c\u00e2nd era mic, \u00eemi spunea ea, leg\u0103n\u00e2ndu-l. Are aceea\u0219i privire curioas\u0103.<\/p>\n\n\n\n<p>Primele semne ale inteligen\u021bei lui Tudor au \u00eenceput s\u0103 se vad\u0103 devreme. De\u0219i nu putea auzi, ochii lui urm\u0103reau totul, absorbind lumea cu o intensitate care m\u0103 uimea. Am transformat apartamentul nostru \u00eentr-un mediu vizual bogat, am pus postere colorate, imagini, am instalat lumini care clipeau c\u00e2nd suna soneria.<\/p>\n\n\n\n<p>La un an, am avut primul nostru moment magic. St\u0103team \u00een buc\u0103t\u0103rie, \u00eencerc\u00e2nd s\u0103-l hr\u0103nesc cu piure de legume. Tudor refuza, \u00eentorc\u00e2ndu-\u0219i capul. Frustrat, am pus lingura jos \u0219i am f\u0103cut semnul pentru \u201em\u00e2ncare\u201d pe care \u00eel \u00eenv\u0103\u021basem la curs. M\u00e2inile mele s-au mi\u0219cat lent, deliberat. Tudor s-a oprit, m-a privit cu aten\u021bie \u0219i apoi, spre uimirea mea, a imitat gestul, st\u00e2ngaci dar recognoscibil.<\/p>\n\n\n\n<p>Inima mi-a s\u0103rit din piept. A fost prima noastr\u0103 conversa\u021bie real\u0103.<\/p>\n\n\n\n<p>\u00cen acea noapte, am pl\u00e2ns pentru prima dat\u0103 de c\u00e2nd Maria plecase. Nu erau lacrimi de triste\u021be, ci de o bucurie profund\u0103, amestecat\u0103 cu teama c\u0103 nu voi fi destul de bun pentru acest copil extraordinar.<\/p>\n\n\n\n<p>Pe m\u0103sur\u0103 ce Tudor cre\u0219tea, limbajul nostru de semne se dezvolta. P\u00e2n\u0103 la trei ani, comunica mai eficient dec\u00e2t mul\u021bi copii vorbi\u021bi de v\u00e2rsta lui. Mintea lui absorbea fiecare gest nou, fiecare expresie. Am \u00eenceput s\u0103 citim \u00eempreun\u0103, eu ar\u0103t\u00e2ndu-i imaginile \u0219i f\u0103c\u00e2nd semnele corespunz\u0103toare.<\/p>\n\n\n\n<p>Provoc\u0103rile erau constante. Sistemul educa\u021bional nu era preg\u0103tit pentru un copil ca Tudor. Am luptat s\u0103 g\u0103sesc o gr\u0103dini\u021b\u0103 care s\u0103 accepte un copil surd, \u0219i \u00een cele din urm\u0103, am g\u0103sit una specializat\u0103 la cel\u0103lalt cap\u0103t al ora\u0219ului. Asta \u00eensemna c\u0103 trebuia s\u0103 m\u0103 trezesc la 5 diminea\u021ba pentru a-l preg\u0103ti \u0219i a-l duce acolo \u00eenainte de a merge la munc\u0103.<\/p>\n\n\n\n<p>Oboseala devenise parte din via\u021ba mea, dar z\u00e2mbetul lui Tudor c\u00e2nd \u00eenv\u0103\u021ba ceva nou f\u0103cea totul s\u0103 merite. Ne-am creat rutine, am stabilit reguli, am dezvoltat propriile noastre glume. Apartamentul nostru mic devenise un univers \u00een sine, cu legile \u0219i limbajul nostru.<\/p>\n\n\n\n<p>La patru ani, Tudor a \u00eentrebat pentru prima dat\u0103 despre mama lui. Eram \u00een parc, privind o familie \u2013 mam\u0103, tat\u0103, doi copii \u2013 juc\u00e2ndu-se pe iarb\u0103. Tudor a f\u0103cut semnul pentru \u201emam\u0103\u201d \u0219i apoi a ar\u0103tat spre femeia din parc, cu o expresie \u00eentreb\u0103toare.<\/p>\n\n\n\n<p>M-am g\u00e2ndit mult la acest moment, \u0219tiam c\u0103 va veni. Am f\u0103cut semnul pentru \u201eplecat\u201d \u0219i apoi, cu m\u00e2ini tremur\u0103toare, am ad\u0103ugat \u201edar tata r\u0103m\u00e2ne mereu\u201d.<\/p>\n\n\n\n<p>Tudor m-a privit lung, proces\u00e2nd informa\u021bia cu acea seriozitate care \u00eei caracteriza fa\u021ba mic\u0103. Apoi a dat din cap, a f\u0103cut semnul pentru \u201ebine\u201d \u0219i s-a \u00eentors la jocul s\u0103u. Simplitatea accept\u0103rii sale m-a f\u0103cut s\u0103-mi dau seama c\u00e2t de puternic\u0103 poate fi o inim\u0103 de copil.<\/p>\n\n\n\n<p>Via\u021ba noastr\u0103 nu era u\u0219oar\u0103. Banii erau mereu o problem\u0103. Am \u00eenceput s\u0103 iau job-uri suplimentare de electrician \u00een weekend-uri, l\u0103s\u00e2ndu-l pe Tudor cu doamna Popescu. Uneori, c\u00e2nd venea vreo factur\u0103 nea\u0219teptat\u0103, trebuia s\u0103 aleg \u00eentre a repara ceva \u00een cas\u0103 sau a cump\u0103ra materiale educa\u021bionale pentru Tudor.<\/p>\n\n\n\n<p>\u00centotdeauna alegeam materialele.<\/p>\n\n\n\n<p>La \u0219coal\u0103, Tudor excela \u00een matematic\u0103 \u0219i art\u0103. Profesorii erau uimi\u021bi de capacitatea lui de concentrare, de modul \u00een care putea rezolva probleme complexe vizual. Dar socializa greu cu al\u021bi copii. Bariera de comunicare era real\u0103, \u00een ciuda eforturilor \u0219colii de a crea un mediu incluziv.<\/p>\n\n\n\n<p>\u00centr-o zi, c\u00e2nd Tudor avea \u0219apte ani, am fost chemat de urgen\u021b\u0103 la \u0219coal\u0103. L-am g\u0103sit \u00een biroul directorului, cu nasul \u00eens\u00e2ngerat \u0219i hainele murdare. Un b\u0103iat mai mare \u00eel \u00eempinsese \u0219i \u00eel numise \u201emut\u201d. Tudor ripostase.<\/p>\n\n\n\n<p>\u00cen drum spre cas\u0103, l-am \u00eentrebat prin semne ce s-a \u00eent\u00e2mplat exact.<\/p>\n\n\n\n<p>\u201eEl r\u00e2dea de mine,\u201d a gesticulat Tudor. \u201eSpunea c\u0103 sunt prost pentru c\u0103 nu vorbesc.\u201d<\/p>\n\n\n\n<p>Am oprit ma\u0219ina \u0219i m-am \u00eentors spre el. Cu m\u00e2ini ferme, i-am f\u0103cut semn: \u201eTu nu e\u0219ti prost. Tu e\u0219ti diferit. Diferit \u00eenseamn\u0103 special, nu mai pu\u021bin.\u201d<\/p>\n\n\n\n<p>Tudor a z\u00e2mbit u\u0219or, dar \u0219tiam c\u0103 cuvintele b\u0103iatului \u00eel r\u0103niser\u0103 profund. \u00cen noaptea aceea, am stat treaz g\u00e2ndindu-m\u0103 cum s\u0103 fac lumea mai bl\u00e2nd\u0103 pentru fiul meu.<\/p>\n\n\n\n<p>Am \u00eenceput s\u0103 invit copii acas\u0103, organiz\u00e2nd activit\u0103\u021bi \u00een care comunicarea verbal\u0103 nu era necesar\u0103 \u2013 jocuri de construc\u021bie, art\u0103, experimente de \u0219tiin\u021b\u0103 simple. \u00cencet, Tudor \u0219i-a f\u0103cut primul prieten adev\u0103rat, Vlad, un b\u0103iat taciturn pasionat de astronomie. Vlad a \u00eenceput s\u0103 \u00eenve\u021be semne, descoperind c\u0103 putea comunica cu Tudor \u00eentr-un mod pe care \u00eel g\u0103sea mai confortabil dec\u00e2t vorbitul.<\/p>\n\n\n\n<p>C\u00e2nd Tudor a \u00eemplinit zece ani, am primit un plic cu timbru din Fran\u021ba. \u00cen\u0103untru era o felicitare \u0219i o fotografie: Maria, cu p\u0103rul mai scurt \u0219i cu riduri fine \u00een jurul ochilor, st\u00e2nd l\u00e2ng\u0103 un b\u0103rbat \u00eenalt \u0219i un copil de aproximativ cinci ani.<\/p>\n\n\n\n<p>Pe spatele fotografiei scria doar: \u201eSper c\u0103 sunte\u021bi bine. Sunt m\u00e2ndr\u0103 de tine, Andrei.\u201d<\/p>\n\n\n\n<p>Nu mi-am dat seama cum s\u0103-i explic lui Tudor aceast\u0103 apari\u021bie brusc\u0103. Am pus fotografia \u00eentr-un sertar, promi\u021b\u00e2ndu-mi c\u0103 \u00eei voi spune c\u00e2nd va fi mai mare, c\u00e2nd va putea \u00een\u021belege complexitatea adul\u021bilor, motivele egoiste dar profund umane care ne ghideaz\u0103 uneori ac\u021biunile.<\/p>\n\n\n\n<p>Anii au trecut. Tudor a crescut \u00eentr-un adolescent remarcabil. La cincisprezece ani era mai \u00eenalt dec\u00e2t mine, cu tr\u0103s\u0103turile fine ale Mariei \u0219i hot\u0103r\u00e2rea mea. Pasiunea lui pentru tehnologie l-a condus spre programare. \u00ce\u0219i petrecea ore dezvolt\u00e2nd aplica\u021bii pentru comunitatea surd\u0103, vis\u00e2nd la un viitor \u00een care barierele de comunicare ar disp\u0103rea.<\/p>\n\n\n\n<p>\u00centr-o sear\u0103, pe c\u00e2nd lucram \u00eempreun\u0103 la un proiect pentru \u0219coal\u0103, Tudor mi-a ar\u0103tat un program la care lucra \u00een secret. Era o aplica\u021bie care traducea \u00een timp real limbajul semnelor \u00een text \u0219i invers, folosind camera telefonului.<\/p>\n\n\n\n<p>\u201ePentru tine,\u201d a gesticulat el. \u201ePentru c\u0103 ai \u00eenv\u0103\u021bat o limb\u0103 nou\u0103 pentru mine.\u201d<\/p>\n\n\n\n<p>L-am \u00eembr\u0103\u021bi\u0219at, sim\u021bind cum acel copil mic \u0219i vulnerabil pe care \u00eel adusesem acas\u0103 din spital devenise acum protectorul meu \u00een multe feluri.<\/p>\n\n\n\n<p>La optsprezece ani, Tudor a fost acceptat la Facultatea de Informatic\u0103 cu burs\u0103 complet\u0103. \u00cen seara \u00een care am s\u0103rb\u0103torit, a deschis un sertar vechi \u0219i a scos fotografia Mariei.<\/p>\n\n\n\n<p>\u201e\u0218tiu despre ea de ani de zile,\u201d a gesticulat el. \u201eAm g\u0103sit-o c\u00e2nd c\u0103utam baterii.\u201d<\/p>\n\n\n\n<p>Am \u00eenghi\u021bit \u00een sec, ne\u0219tiind ce s\u0103 spun.<\/p>\n\n\n\n<p>\u201eNu sunt sup\u0103rat,\u201d a continuat el. \u201eEa a f\u0103cut o alegere. Tu ai f\u0103cut alta. Sunt recunosc\u0103tor pentru alegerea ta.\u201d<\/p>\n\n\n\n<p>\u00cen acea noapte, am stat pe balcon, privind ora\u0219ul care se \u00eentindea sub noi. Tudor dormea, vis\u00e2nd probabil la viitorul lui str\u0103lucit. M-am g\u00e2ndit la t\u00e2n\u0103rul speriat care fusesem, la decizia luat\u0103 \u00een acea zi la spital, \u0219i la drumul lung pe care \u00eel parcursesem de atunci.<\/p>\n\n\n\n<p>Nu a fost u\u0219or. Au fost nop\u021bi c\u00e2nd m-am \u00eendoit de mine, zile c\u00e2nd singur\u0103tatea p\u0103rea cople\u0219itoare, momente c\u00e2nd m-am \u00eentrebat dac\u0103 Maria avusese dreptate s\u0103 fug\u0103.<\/p>\n\n\n\n<p>Dar privind \u00eenapoi la tot ce am construit \u00eempreun\u0103, la limbajul special pe care l-am dezvoltat, la leg\u0103tura care transcende sunetul \u0219i cuvintele rostite, \u0219tiu c\u0103 a fost cea mai bun\u0103 decizie din via\u021ba mea.<\/p>\n\n\n\n<p>T\u0103cerea lui nu a fost niciodat\u0103 un handicap. A fost doar o alt\u0103 modalitate de a experimenta lumea, de a comunica, de a iubi.<\/p>\n\n\n\n<p>Iar \u00een aceast\u0103 t\u0103cere, am \u00eenv\u0103\u021bat s\u0103 ascult cu adev\u0103rat.<\/p>\n\n\n\n<p><strong>Dac\u0103 \u021bi-a pl\u0103cut povestea, nu uita s\u0103 o distribui cu prietenii t\u0103i! \u00cempreun\u0103 putem duce mai departe emo\u021bia \u0219i inspira\u021bia.<\/strong><\/p>\n","protected":false},"excerpt":{"rendered":"<p>\u201eNu pot face asta. Nu m\u0103 c\u0103uta.\u201d Am citit biletul de trei ori \u00eenainte s\u0103 \u00een\u021beleg cu adev\u0103rat ce \u00eensemna. Maria nu era genul care<\/p>\n","protected":false},"author":1,"featured_media":38467,"comment_status":"closed","ping_status":"closed","sticky":false,"template":"","format":"standard","meta":[],"categories":[1],"tags":[],"_links":{"self":[{"href":"https:\/\/calatorinromania.com\/index.php?rest_route=\/wp\/v2\/posts\/38547"}],"collection":[{"href":"https:\/\/calatorinromania.com\/index.php?rest_route=\/wp\/v2\/posts"}],"about":[{"href":"https:\/\/calatorinromania.com\/index.php?rest_route=\/wp\/v2\/types\/post"}],"author":[{"embeddable":true,"href":"https:\/\/calatorinromania.com\/index.php?rest_route=\/wp\/v2\/users\/1"}],"replies":[{"embeddable":true,"href":"https:\/\/calatorinromania.com\/index.php?rest_route=%2Fwp%2Fv2%2Fcomments&post=38547"}],"version-history":[{"count":1,"href":"https:\/\/calatorinromania.com\/index.php?rest_route=\/wp\/v2\/posts\/38547\/revisions"}],"predecessor-version":[{"id":38548,"href":"https:\/\/calatorinromania.com\/index.php?rest_route=\/wp\/v2\/posts\/38547\/revisions\/38548"}],"wp:featuredmedia":[{"embeddable":true,"href":"https:\/\/calatorinromania.com\/index.php?rest_route=\/wp\/v2\/media\/38467"}],"wp:attachment":[{"href":"https:\/\/calatorinromania.com\/index.php?rest_route=%2Fwp%2Fv2%2Fmedia&parent=38547"}],"wp:term":[{"taxonomy":"category","embeddable":true,"href":"https:\/\/calatorinromania.com\/index.php?rest_route=%2Fwp%2Fv2%2Fcategories&post=38547"},{"taxonomy":"post_tag","embeddable":true,"href":"https:\/\/calatorinromania.com\/index.php?rest_route=%2Fwp%2Fv2%2Ftags&post=38547"}],"curies":[{"name":"wp","href":"https:\/\/api.w.org\/{rel}","templated":true}]}}