{"id":38545,"date":"2025-04-15T08:06:57","date_gmt":"2025-04-15T08:06:57","guid":{"rendered":"https:\/\/calatorinromania.com\/?p=38545"},"modified":"2025-04-15T08:06:57","modified_gmt":"2025-04-15T08:06:57","slug":"intoarcerea-la-radacini-o-poveste-despre-familie-si-alegeri","status":"publish","type":"post","link":"https:\/\/calatorinromania.com\/?p=38545","title":{"rendered":"\u00centoarcerea la r\u0103d\u0103cini: O poveste despre familie \u0219i alegeri"},"content":{"rendered":"\n<p>\u201eNu pot s\u0103 cred c\u0103 ai avut tupeul s\u0103-mi ceri asta, Zoia!\u201d am strigat, sim\u021bind cum furia \u00eemi clocote\u0219te \u00een vene. Eram \u00een buc\u0103t\u0103ria casei p\u0103rinte\u0219ti, iar mirosul de pl\u0103cinte proasp\u0103t scoase din cuptor nu reu\u0219ea s\u0103 \u00eemi calmeze nervii. Zoia, sora mea mai mic\u0103, st\u0103tea \u00een fa\u021ba mea cu bra\u021bele \u00eencruci\u0219ate \u0219i un z\u00e2mbet sfid\u0103tor pe buze.<\/p>\n\n\n\n<p>\u201eE doar o sugestie, Andrei. Credeam c\u0103 ai vrea s\u0103 aju\u021bi familia,\u201d a r\u0103spuns ea cu un ton calm, dar plin de sub\u00een\u021belesuri.<\/p>\n\n\n\n<p>Am sim\u021bit cum s\u00e2ngele \u00eemi urc\u0103 la cap. Cum putea s\u0103 cread\u0103 c\u0103 a\u0219 renun\u021ba la tot ce am construit \u00een ora\u0219 pentru a m\u0103 \u00eentoarce la via\u021ba de la \u021bar\u0103? Am muncit din greu pentru a ajunge unde sunt acum, iar ideea de a vinde apartamentul meu din Bucure\u0219ti era pur \u0219i simplu ridicol\u0103.<\/p>\n\n\n\n<p>\u201eNu e vorba doar de mine, Zoia. E vorba de via\u021ba mea, de cariera mea. Nu pot s\u0103 renun\u021b la tot pentru o iluzie,\u201d am spus, \u00eencerc\u00e2nd s\u0103-mi p\u0103strez calmul.<\/p>\n\n\n\n<p>Zoia a oftat \u0219i a dat din cap dezaprobator. \u201eMama are nevoie de ajutor. Ferma nu se va \u00eentre\u021bine singur\u0103.\u201d<\/p>\n\n\n\n<p>Am plecat de acolo furios, jur\u00e2nd c\u0103 nu m\u0103 voi mai \u00eentoarce niciodat\u0103. Am condus \u00eenapoi spre ora\u0219 cu m\u00e2inile str\u00e2nse pe volan, sim\u021bind cum furia \u00eemi \u00eentunec\u0103 judecata. Nu era prima dat\u0103 c\u00e2nd Zoia \u00eencerca s\u0103 m\u0103 manipuleze emo\u021bional, dar de data asta sim\u021beam c\u0103 a mers prea departe.<\/p>\n\n\n\n<p>A doua zi diminea\u021b\u0103, duminic\u0103, m-am trezit la sunetul soneriei. Era Mihai, fratele meu mai mare, cu un co\u0219 plin de mere din livada noastr\u0103. \u201eAm venit s\u0103 vorbim,\u201d a spus el simplu.<\/p>\n\n\n\n<p>L-am invitat \u00een\u0103untru \u0219i ne-am a\u0219ezat la mas\u0103. \u201eZoia nu trebuia s\u0103-\u021bi cear\u0103 asta,\u201d a \u00eenceput el. \u201e\u0218tiu c\u0103 ai muncit mult pentru tot ce ai aici.\u201d<\/p>\n\n\n\n<p>\u201eNu e vorba doar de munc\u0103, Mihai. E vorba de respectul pentru deciziile mele,\u201d i-am r\u0103spuns.<\/p>\n\n\n\n<p>Mihai a dat din cap \u00een\u021beleg\u0103tor. \u201e\u0218tiu. Dar mama e bolnav\u0103 \u0219i are nevoie de noi.\u201d<\/p>\n\n\n\n<p>Cuvintele lui mi-au str\u0103puns inima ca un cu\u021bit. Mama\u2026 Nu \u0219tiam c\u0103 lucrurile stau at\u00e2t de r\u0103u. De\u0219i eram furios pe Zoia, nu puteam ignora faptul c\u0103 familia mea avea nevoie de ajutor.<\/p>\n\n\n\n<p>\u201eDe ce nu mi-a\u021bi spus nimic?\u201d am \u00eentrebat cu vocea tremur\u00e2nd\u0103.<\/p>\n\n\n\n<p>\u201eNu am vrut s\u0103 te \u00eempov\u0103r\u0103m,\u201d a spus Mihai \u00eencet.<\/p>\n\n\n\n<p>Am stat acolo, t\u0103cu\u021bi, fiecare pierdut \u00een g\u00e2ndurile sale. \u00centr-un final, Mihai s-a ridicat \u0219i mi-a pus m\u00e2na pe um\u0103r. \u201eG\u00e2nde\u0219te-te bine, Andrei. Nu trebuie s\u0103 iei o decizie acum.\u201d<\/p>\n\n\n\n<p>Dup\u0103 ce Mihai a plecat, am r\u0103mas singur cu g\u00e2ndurile mele. M-am uitat pe fereastr\u0103 la agita\u021bia ora\u0219ului care \u00eemi fusese cas\u0103 at\u00e2\u021bia ani. \u00cemi iubesc via\u021ba aici, dar nu pot ignora chemarea s\u00e2ngelui.<\/p>\n\n\n\n<p>\u00cen acea noapte am dormit pu\u021bin. M-am g\u00e2ndit la copil\u0103ria mea la \u021bar\u0103, la zilele petrecute alerg\u00e2nd prin livad\u0103 \u0219i la serile lini\u0219tite petrecute al\u0103turi de familie. Poate c\u0103 Zoia avea dreptate \u00eentr-un fel; poate c\u0103 uitasem ce \u00eenseamn\u0103 cu adev\u0103rat familia.<\/p>\n\n\n\n<p>A doua zi diminea\u021b\u0103 am decis s\u0103 fac o vizit\u0103 neanun\u021bat\u0103 acas\u0103. C\u00e2nd am ajuns, mama era \u00een gr\u0103din\u0103, \u00eencerc\u00e2nd s\u0103 smulg\u0103 buruienile cu m\u00e2inile tremur\u00e2nde.<\/p>\n\n\n\n<p>\u201eMam\u0103,\u201d am spus \u00eencet.<\/p>\n\n\n\n<p>Ea s-a \u00eentors surprins\u0103 \u0219i un z\u00e2mbet cald i-a luminat fa\u021ba obosit\u0103. \u201eAndrei! Ce surpriz\u0103 pl\u0103cut\u0103!\u201d<\/p>\n\n\n\n<p>Am \u00eembr\u0103\u021bi\u0219at-o str\u00e2ns \u0219i am sim\u021bit cum o lacrim\u0103 \u00eemi alunec\u0103 pe obraz. \u00cen acel moment am \u0219tiut c\u0103 trebuie s\u0103 fac ceva pentru a ajuta.<\/p>\n\n\n\n<p>\u201eMam\u0103, vreau s\u0103 te ajut,\u201d i-am spus cu sinceritate.<\/p>\n\n\n\n<p>Ea m-a privit cu ochii plini de lacrimi \u0219i mi-a str\u00e2ns m\u00e2na cu putere. \u201eMul\u021bumesc, fiule.\u201d<\/p>\n\n\n\n<p>Am petrecut restul zilei al\u0103turi de ea, discut\u00e2nd despre planurile pentru ferm\u0103 \u0219i despre cum a\u0219 putea s\u0103 contribui f\u0103r\u0103 a renun\u021ba complet la via\u021ba mea din ora\u0219.<\/p>\n\n\n\n<p>Pe drumul de \u00eentoarcere spre Bucure\u0219ti, m-am g\u00e2ndit la c\u00e2t de mult se schimbaser\u0103 lucrurile \u00eentr-un timp at\u00e2t de scurt. Poate c\u0103 nu voi vinde apartamentul \u0219i nu m\u0103 voi muta definitiv la \u021bar\u0103, dar \u0219tiam c\u0103 voi g\u0103si o cale de mijloc.<\/p>\n\n\n\n<p>\u00cen cele din urm\u0103, m-am \u00eentrebat: oare c\u00e2te alte lucruri importante am pierdut \u00een goana mea dup\u0103 succes? \u0218i dac\u0103 familia este cea mai mare realizare pe care o putem avea? Poate c\u0103 e timpul s\u0103 reevaluez ce conteaz\u0103 cu adev\u0103rat \u00een via\u021b\u0103.<\/p>\n","protected":false},"excerpt":{"rendered":"<p>\u201eNu pot s\u0103 cred c\u0103 ai avut tupeul s\u0103-mi ceri asta, Zoia!\u201d am strigat, sim\u021bind cum furia \u00eemi clocote\u0219te \u00een vene. Eram \u00een buc\u0103t\u0103ria casei<\/p>\n","protected":false},"author":1,"featured_media":38467,"comment_status":"closed","ping_status":"closed","sticky":false,"template":"","format":"standard","meta":[],"categories":[1],"tags":[],"_links":{"self":[{"href":"https:\/\/calatorinromania.com\/index.php?rest_route=\/wp\/v2\/posts\/38545"}],"collection":[{"href":"https:\/\/calatorinromania.com\/index.php?rest_route=\/wp\/v2\/posts"}],"about":[{"href":"https:\/\/calatorinromania.com\/index.php?rest_route=\/wp\/v2\/types\/post"}],"author":[{"embeddable":true,"href":"https:\/\/calatorinromania.com\/index.php?rest_route=\/wp\/v2\/users\/1"}],"replies":[{"embeddable":true,"href":"https:\/\/calatorinromania.com\/index.php?rest_route=%2Fwp%2Fv2%2Fcomments&post=38545"}],"version-history":[{"count":1,"href":"https:\/\/calatorinromania.com\/index.php?rest_route=\/wp\/v2\/posts\/38545\/revisions"}],"predecessor-version":[{"id":38546,"href":"https:\/\/calatorinromania.com\/index.php?rest_route=\/wp\/v2\/posts\/38545\/revisions\/38546"}],"wp:featuredmedia":[{"embeddable":true,"href":"https:\/\/calatorinromania.com\/index.php?rest_route=\/wp\/v2\/media\/38467"}],"wp:attachment":[{"href":"https:\/\/calatorinromania.com\/index.php?rest_route=%2Fwp%2Fv2%2Fmedia&parent=38545"}],"wp:term":[{"taxonomy":"category","embeddable":true,"href":"https:\/\/calatorinromania.com\/index.php?rest_route=%2Fwp%2Fv2%2Fcategories&post=38545"},{"taxonomy":"post_tag","embeddable":true,"href":"https:\/\/calatorinromania.com\/index.php?rest_route=%2Fwp%2Fv2%2Ftags&post=38545"}],"curies":[{"name":"wp","href":"https:\/\/api.w.org\/{rel}","templated":true}]}}