{"id":38543,"date":"2025-04-15T07:43:25","date_gmt":"2025-04-15T07:43:25","guid":{"rendered":"https:\/\/calatorinromania.com\/?p=38543"},"modified":"2025-04-15T07:43:26","modified_gmt":"2025-04-15T07:43:26","slug":"continuarea-povestii","status":"publish","type":"post","link":"https:\/\/calatorinromania.com\/?p=38543","title":{"rendered":"CONTINUAREA POVESTII&#8230;"},"content":{"rendered":"\n<p><\/p>\n\n\n\n<p>Viktor nu \u0219tia ce s\u0103 spun\u0103. Privirea lui era \u00eencremenit\u0103 pe cei doi copii, dar mintea \u00eei fugea haotic. Inima \u00eei b\u0103tea cu putere, iar \u00een cap \u00eei r\u0103sunau acelea\u0219i cuvinte: \u201eSunt ai t\u0103i?\u201d<\/p>\n\n\n\n<p>Eliza p\u0103rea s\u0103 fi observat fr\u0103m\u00e2nt\u0103rile lui. \u00cen ochii ei se citea o ad\u00e2nc\u0103 triste\u021be, dar \u0219i o hot\u0103r\u00e2re. Feti\u021ba \u0219i b\u0103iatul st\u0103teau lini\u0219ti\u021bi l\u00e2ng\u0103 ea, niciunul dintre ei ne\u00een\u021beleg\u00e2nd cu adev\u0103rat greutatea momentului.<\/p>\n\n\n\n<p>\u2014 Viktor, trebuie s\u0103-\u021bi spun ceva, \u2014 vocea Elizei tremura u\u0219or. \u2014 Da, ace\u0219tia sunt ai mei. Dar mai mult dec\u00e2t at\u00e2t, sunt ai t\u0103i\u2026 Gemenii t\u0103i.<\/p>\n\n\n\n<p>Viktor sim\u021bi cum picioarele \u00eei tremurau. O furie t\u0103cut\u0103 i-a cuprins corpul. \u201eGemenii mei?\u201d g\u00e2ndea el, cu ochii mari \u0219i f\u0103r\u0103 s\u0103 poat\u0103 cuprinde realitatea cu mintea. Eliza nu l\u0103sa loc de \u00eendoial\u0103 \u00een privirea ei.<\/p>\n\n\n\n<p>\u2014 \u00cen momentul \u00een care te-am p\u0103r\u0103sit, nu am \u0219tiut ce s\u0103 fac. \u00ce\u021bi aduci aminte de acea zi? Dup\u0103 tot ce s-a \u00eent\u00e2mplat, mi-a fost imposibil s\u0103 m\u0103 \u00eentorc \u0219i s\u0103-\u021bi spun adev\u0103rul. M-am sim\u021bit pierdut\u0103 \u0219i fric\u0103 de reac\u021bia ta. Iar c\u00e2nd am aflat c\u0103 sunt \u00eens\u0103rcinat\u0103 cu gemenii, am \u0219tiut c\u0103 nu te voi mai putea convinge s\u0103 m\u0103 ier\u021bi.<\/p>\n\n\n\n<p>Viktor era complet ab\u0103tut. \u0218ase ani de absen\u021b\u0103, de t\u0103cere, de dorin\u021ba de a o revedea, dar \u0219i de ur\u0103 fa\u021b\u0103 de ea. Crezuse c\u0103 \u00ee\u0219i va g\u0103si vreodat\u0103 r\u0103spunsurile, dar niciodat\u0103 nu se a\u0219tepta ca aceste r\u0103spunsuri s\u0103 vin\u0103 sub forma a doi copii, cu ochii aceia care \u00eei p\u0103reau at\u0103t de cunoscu\u021bi.<\/p>\n\n\n\n<p>\u2014 De ce nu mi-ai spus niciodat\u0103? \u2014 vocea lui era aproape un \u0219uier de disperare. \u2014 De ce m-ai l\u0103sat s\u0103 tr\u0103iesc cu minciuna?<\/p>\n\n\n\n<p>Eliza \u00ee\u0219i aplec\u0103 capul, o lacrim\u0103 i se prelingea pe obraz.<\/p>\n\n\n\n<p>\u2014 M-am temut, Viktor. M-am temut de reac\u021bia ta, de furia ta. Dar acum, nu mai pot tr\u0103i cu acest secret. \u0218tiu c\u0103 trebuie s\u0103 \u00ee\u021bi spun adev\u0103rul, chiar dac\u0103 \u00eemi va costa totul.<\/p>\n\n\n\n<p>Viktor r\u0103mase t\u0103cut pentru c\u00e2teva secunde, lu\u00e2nd \u00een calcul toate acele momente pierdute. G\u00e2ndurile se \u00eenv\u00e2rteau \u00eentr-un cerc vicios, iar fiecare \u00eentrebare pe care o avea p\u0103rea s\u0103 ad\u00e2nceasc\u0103 \u0219i mai mult golul din sufletul s\u0103u.<\/p>\n\n\n\n<p>\u2014 Deci, \u0103\u0219tia sunt copii mei\u2026 \u2014 spuse el \u00eencet, ca \u0219i cum ar fi \u00eencercat s\u0103 accepte acea realitate.<\/p>\n\n\n\n<p>Eliza d\u0103du din cap afirmativ. Nu mai erau multe cuvinte de spus. Adev\u0103rul fusese rostit.<\/p>\n\n\n\n<p>\u0218i totu\u0219i, chiar \u0219i \u00een acel moment, Viktor sim\u021bea c\u0103 via\u021ba lui se fr\u00e2ngea \u0219i se reconstruia \u00eentr-un mod pe care nu \u0219i-l dorise niciodat\u0103.<\/p>\n\n\n\n<p><strong>DISCLAIMER: Acest site este neutru din punct de vedere politic \u0219i nu sus\u021bine niciun partid sau ideologie politic\u0103.<\/strong><\/p>\n","protected":false},"excerpt":{"rendered":"<p>Viktor nu \u0219tia ce s\u0103 spun\u0103. Privirea lui era \u00eencremenit\u0103 pe cei doi copii, dar mintea \u00eei fugea haotic. Inima \u00eei b\u0103tea cu putere, iar<\/p>\n","protected":false},"author":1,"featured_media":38443,"comment_status":"closed","ping_status":"closed","sticky":false,"template":"","format":"standard","meta":[],"categories":[1],"tags":[],"_links":{"self":[{"href":"https:\/\/calatorinromania.com\/index.php?rest_route=\/wp\/v2\/posts\/38543"}],"collection":[{"href":"https:\/\/calatorinromania.com\/index.php?rest_route=\/wp\/v2\/posts"}],"about":[{"href":"https:\/\/calatorinromania.com\/index.php?rest_route=\/wp\/v2\/types\/post"}],"author":[{"embeddable":true,"href":"https:\/\/calatorinromania.com\/index.php?rest_route=\/wp\/v2\/users\/1"}],"replies":[{"embeddable":true,"href":"https:\/\/calatorinromania.com\/index.php?rest_route=%2Fwp%2Fv2%2Fcomments&post=38543"}],"version-history":[{"count":1,"href":"https:\/\/calatorinromania.com\/index.php?rest_route=\/wp\/v2\/posts\/38543\/revisions"}],"predecessor-version":[{"id":38544,"href":"https:\/\/calatorinromania.com\/index.php?rest_route=\/wp\/v2\/posts\/38543\/revisions\/38544"}],"wp:featuredmedia":[{"embeddable":true,"href":"https:\/\/calatorinromania.com\/index.php?rest_route=\/wp\/v2\/media\/38443"}],"wp:attachment":[{"href":"https:\/\/calatorinromania.com\/index.php?rest_route=%2Fwp%2Fv2%2Fmedia&parent=38543"}],"wp:term":[{"taxonomy":"category","embeddable":true,"href":"https:\/\/calatorinromania.com\/index.php?rest_route=%2Fwp%2Fv2%2Fcategories&post=38543"},{"taxonomy":"post_tag","embeddable":true,"href":"https:\/\/calatorinromania.com\/index.php?rest_route=%2Fwp%2Fv2%2Ftags&post=38543"}],"curies":[{"name":"wp","href":"https:\/\/api.w.org\/{rel}","templated":true}]}}