{"id":38538,"date":"2025-04-15T07:23:00","date_gmt":"2025-04-15T07:23:00","guid":{"rendered":"https:\/\/calatorinromania.com\/?p=38538"},"modified":"2025-04-15T07:23:01","modified_gmt":"2025-04-15T07:23:01","slug":"le-a-gasit-pe-cele-doua-fetite-gemene-in-pustietate-le-a-lasat-acasa-cu-sotia-lui-care-era-paralizata-si-a-plecat-dar-cand-s-a-intors-spre-dimineata-a-ramas-fara-cuvinte","status":"publish","type":"post","link":"https:\/\/calatorinromania.com\/?p=38538","title":{"rendered":"Le-a g\u0103sit pe cele dou\u0103 feti\u021be gemene \u00een pustietate, le-a l\u0103sat acas\u0103 cu so\u021bia lui, care era paralizat\u0103, \u0219i a plecat. dar c\u00e2nd s-a \u00eentors spre diminea\u021b\u0103\u2026 a r\u0103mas f\u0103r\u0103 cuvinte\u2026"},"content":{"rendered":"\n<p>C\u00e2nd s-a \u00eentors Ivan \u00een zori, obosit \u0219i cu m\u00e2inile \u00eenc\u0103 mirosind a p\u0103m\u00e2nt umed \u0219i frunze, primul lucru care l-a izbit a fost lini\u0219tea. Prea mult\u0103 lini\u0219te. Prea ad\u00e2nc\u0103, prea rece. Casa lui avea mereu un fream\u0103t \u2013 mai sc\u00e2r\u021b\u00e2ia ceva, mai tu\u0219ea nevasta din dormitor, dar acum\u2026 nimic.<\/p>\n\n\n\n<p>A aruncat un ochi prin buc\u0103t\u0103rie \u2013 fetele nu mai erau la mas\u0103. Ceaiul rece. Canile goale. Inima i-a tres\u0103rit.<\/p>\n\n\n\n<p>\u2013 Fetele? strig\u0103 el. Ari\u2026 Marina?<\/p>\n\n\n\n<p>Nimic.<\/p>\n\n\n\n<p>Se duse \u00eenspre dormitorul unde era so\u021bia lui. O iubea, de\u0219i via\u021ba le-a pus piedici. De c\u00e2\u021biva ani era paralizat\u0103, nu mai putea vorbi, doar clipea \u0219i scotea ni\u0219te sunete stinse. Dar era acolo. Vie. Prezent\u0103.<\/p>\n\n\n\n<p>\u00cencet, deschise u\u0219a\u2026 \u0219i ce-a v\u0103zut acolo\u2026 \u00eel l\u0103s\u0103 f\u0103r\u0103 aer.<\/p>\n\n\n\n<p>Fetele erau \u00een pat. Una dintre ele \u2013 Ari, probabil \u2013 st\u0103tea \u00een genunchi l\u00e2ng\u0103 femeie, cu m\u00e2na pe fruntea ei. Cealalt\u0103 \u2013 Marina \u2013 privea fix \u00een ochii ei. Femeia\u2026 z\u00e2mbea. Da, z\u00e2mbea. Era pentru prima dat\u0103, dup\u0103 at\u00e2ta timp, c\u00e2nd chipul ei nu era \u00eencremenit \u00eentr-o masc\u0103 f\u0103r\u0103 expresie.<\/p>\n\n\n\n<p>\u2013 Ce\u2026 Ce a\u021bi f\u0103cut? \u00eentreab\u0103 Ivan cu voce stins\u0103.<\/p>\n\n\n\n<p>Fetele se \u00eentorc c\u0103tre el, \u00eencet. \u00cen ochii lor \u2013 ceva ciudat. Ca o lumin\u0103 care nu era acolo asear\u0103.<\/p>\n\n\n\n<p>\u2013 D\u0103n\u021bul Ionu\u021b\u2026 ea nu mai sufer\u0103, zise Marina.<\/p>\n\n\n\n<p>\u2013 A fost trist\u0103 tare, dar acum e bine, adaug\u0103 Ari.<\/p>\n\n\n\n<p>Ivan cl\u0103tin\u0103 din cap, incapabil s\u0103 \u00een\u021beleag\u0103. Se apropie de pat. So\u021bia lui avea ochii \u00eenchi\u0219i. Dar nu era somn. Era o pace ad\u00e2nc\u0103, t\u0103cut\u0103, definitiv\u0103.<\/p>\n\n\n\n<p>O atinse cu m\u00e2na tremur\u00e2nd\u0103. Rece.<\/p>\n\n\n\n<p>\u2013 A murit\u2026 \u0219opti el. Fetele se uitau \u00een t\u0103cere, f\u0103r\u0103 fric\u0103, f\u0103r\u0103 vin\u0103.<\/p>\n\n\n\n<p>\u2013 N-am f\u0103cut nimic r\u0103u, zise Ari.<\/p>\n\n\n\n<p>\u2013 Doar am atins-o, \u0219i a zis cu ochii c\u0103 ne mul\u021bume\u0219te, c\u0103 e gata.<\/p>\n\n\n\n<p>Ivan \u00eengenunchea. O lacrim\u0103 i se prelinse pe obraz.<\/p>\n\n\n\n<p>\u2013 Ea\u2026 a z\u00e2mbit?<\/p>\n\n\n\n<p>\u2013 A z\u00e2mbit, d\u0103n\u021bule Ionu\u021b. Era fericit\u0103. Ne-a spus f\u0103r\u0103 cuvinte c\u0103 a a\u0219teptat momentul \u0103sta. C\u0103 era preg\u0103tit\u0103.<\/p>\n\n\n\n<p>A r\u0103mas a\u0219a, l\u00e2ng\u0103 pat, cu capul plecat, \u00een timp ce fetele ie\u0219eau din camer\u0103.<\/p>\n\n\n\n<p>A trecut o s\u0103pt\u0103m\u00e2n\u0103. Satul era \u00eenm\u0103rmurit. Unii ziceau c\u0103 gemenele sunt un semn. Al\u021bii, c\u0103-s blestemate. Dar Ivan \u0219tia adev\u0103rul lui.<\/p>\n\n\n\n<p>Le-a \u00eenfiat. A\u0219a, pur \u0219i simplu. A f\u0103cut acte, a vorbit cu cine trebuia, dar de fapt\u2026 le-a primit \u00een suflet din prima sear\u0103.<\/p>\n\n\n\n<p>Via\u021ba \u0219i-a reluat cursul. Fetele mergeau la \u0219coal\u0103. Ivan \u00eengrijea \u00een continuare p\u0103durea. Dar \u00een fiecare diminea\u021b\u0103, c\u00e2nd le privea cum se joac\u0103 \u00een curte, ceva \u00een el se \u00eenc\u0103lzea. Un foc molcom, bl\u00e2nd.<\/p>\n\n\n\n<p>\u0218i uneori, \u00een serile t\u0103cute de toamn\u0103, c\u00e2nd cea\u021ba plutea peste drum \u0219i frunzele c\u0103deau t\u0103cut, Ari se apropia de el \u0219i \u00eentreba:<\/p>\n\n\n\n<p>\u2013 Crezi c\u0103 mama mai z\u00e2mbe\u0219te?<\/p>\n\n\n\n<p>\u0218i Ivan, cu voce joas\u0103, r\u0103spundea mereu la fel:<\/p>\n\n\n\n<p>\u2013 Dac\u0103 voi sunte\u021bi aici, \u00eenseamn\u0103 c\u0103 z\u00e2mbe\u0219te \u00een fiecare zi.<\/p>\n","protected":false},"excerpt":{"rendered":"<p>C\u00e2nd s-a \u00eentors Ivan \u00een zori, obosit \u0219i cu m\u00e2inile \u00eenc\u0103 mirosind a p\u0103m\u00e2nt umed \u0219i frunze, primul lucru care l-a izbit a fost lini\u0219tea.<\/p>\n","protected":false},"author":1,"featured_media":38467,"comment_status":"closed","ping_status":"closed","sticky":false,"template":"","format":"standard","meta":[],"categories":[1],"tags":[],"_links":{"self":[{"href":"https:\/\/calatorinromania.com\/index.php?rest_route=\/wp\/v2\/posts\/38538"}],"collection":[{"href":"https:\/\/calatorinromania.com\/index.php?rest_route=\/wp\/v2\/posts"}],"about":[{"href":"https:\/\/calatorinromania.com\/index.php?rest_route=\/wp\/v2\/types\/post"}],"author":[{"embeddable":true,"href":"https:\/\/calatorinromania.com\/index.php?rest_route=\/wp\/v2\/users\/1"}],"replies":[{"embeddable":true,"href":"https:\/\/calatorinromania.com\/index.php?rest_route=%2Fwp%2Fv2%2Fcomments&post=38538"}],"version-history":[{"count":1,"href":"https:\/\/calatorinromania.com\/index.php?rest_route=\/wp\/v2\/posts\/38538\/revisions"}],"predecessor-version":[{"id":38539,"href":"https:\/\/calatorinromania.com\/index.php?rest_route=\/wp\/v2\/posts\/38538\/revisions\/38539"}],"wp:featuredmedia":[{"embeddable":true,"href":"https:\/\/calatorinromania.com\/index.php?rest_route=\/wp\/v2\/media\/38467"}],"wp:attachment":[{"href":"https:\/\/calatorinromania.com\/index.php?rest_route=%2Fwp%2Fv2%2Fmedia&parent=38538"}],"wp:term":[{"taxonomy":"category","embeddable":true,"href":"https:\/\/calatorinromania.com\/index.php?rest_route=%2Fwp%2Fv2%2Fcategories&post=38538"},{"taxonomy":"post_tag","embeddable":true,"href":"https:\/\/calatorinromania.com\/index.php?rest_route=%2Fwp%2Fv2%2Ftags&post=38538"}],"curies":[{"name":"wp","href":"https:\/\/api.w.org\/{rel}","templated":true}]}}