{"id":38530,"date":"2025-04-14T08:56:43","date_gmt":"2025-04-14T08:56:43","guid":{"rendered":"https:\/\/calatorinromania.com\/?p=38530"},"modified":"2025-04-14T08:56:43","modified_gmt":"2025-04-14T08:56:43","slug":"%f0%9f%a5%9a%e2%9c%a8-cand-vopsim-ouale-de-paste-importanta-momentului-potrivit","status":"publish","type":"post","link":"https:\/\/calatorinromania.com\/?p=38530","title":{"rendered":"\ud83e\udd5a\u2728 C\u00e2nd vopsim ou\u0103le de Pa\u0219te? Importan\u021ba <strong>momentului potrivit<\/strong>"},"content":{"rendered":"\n<p>\u00cen fiecare an, \u00een preajma Pa\u0219telui, buc\u0103t\u0103riile rom\u00e2nilor prind via\u021b\u0103: miros de cozonac, clinchet de vesel\u0103 \u0219i&#8230; <strong>ou\u0103 vopsite \u00een culori vii<\/strong> care dau startul s\u0103rb\u0103torii! \ud83c\udfa8\ud83d\udc92<\/p>\n\n\n\n<p><\/p>\n\n\n\n<p>Dar&#8230; \u0219tiai c\u0103 exist\u0103 un <strong>moment tradi\u021bional \u0219i spiritual potrivit<\/strong> pentru vopsirea ou\u0103lor? Iar graba sau neaten\u021bia pot duce, f\u0103r\u0103 s\u0103 vrem, la \u00eenc\u0103lcarea unei r\u00e2nduieli str\u0103vechi. Hai s\u0103 descoperim \u00eempreun\u0103 <strong>care este ziua ideal\u0103<\/strong> \u0219i <strong>ce semnifica\u021bie<\/strong> are acest obicei. \ud83d\udc47<\/p>\n\n\n\n<p><\/p>\n\n\n\n<h2>\ud83d\udcc5 <strong>Joia Mare<\/strong> \u2013 ziua ideal\u0103 pentru vopsirea ou\u0103lor<\/h2>\n\n\n\n<p><\/p>\n\n\n\n<p>Conform tradi\u021biei ortodoxe, ou\u0103le de Pa\u0219te se vopsesc <strong>\u00een Joia Mare<\/strong>, parte din S\u0103pt\u0103m\u00e2na Patimilor.<\/p>\n\n\n\n<p><\/p>\n\n\n\n<p>\ud83d\udd14 <strong>Ce simbolizeaz\u0103 Joia Mare?<\/strong><br>\ud83d\udc49 Este ziua Cinei celei de Tain\u0103, c\u00e2nd Iisus Hristos a instituit Taina \u00cemp\u0103rt\u0103\u0219aniei. Este o zi de cur\u0103\u021benie \u2013 <strong>\u00een cas\u0103, dar \u0219i \u00een suflet<\/strong>. \ud83d\udd4a\ufe0f<\/p>\n\n\n\n<p><\/p>\n\n\n\n<p>\ud83e\udd5a Se spune c\u0103 ou\u0103le vopsite \u00een aceast\u0103 zi <strong>nu se stric\u0103<\/strong> \u0219i pot fi p\u0103strate chiar \u0219i <strong>40 de zile<\/strong>.<br>Aceast\u0103 credin\u021b\u0103 popular\u0103 este \u00eent\u0103rit\u0103 de genera\u021bii de gospodine care au testat acest lucru \u00een practic\u0103. \ud83d\ude4c<\/p>\n\n\n\n<p><\/p>\n\n\n\n<h2>\u274c De ce <strong>NU se vopsesc ou\u0103le \u00een Vinerea Mare?<\/strong><\/h2>\n\n\n\n<p><\/p>\n\n\n\n<p>\ud83d\udccd Vinerea Mare este ziua \u00een care ne amintim de <strong>R\u0103stignirea \u0219i moartea lui Hristos<\/strong> \u2013 o zi de doliu \u0219i reculegere profund\u0103.<\/p>\n\n\n\n<p>\ud83d\udc49 Tradi\u021bia ne spune c\u0103:<\/p>\n\n\n\n<ul>\n<li>este o zi <strong>f\u0103r\u0103 activit\u0103\u021bi festive sau vesele<\/strong>,<\/li>\n\n\n\n<li>se evit\u0103 <strong>zgomotul, muzica, lucrul \u00een exces<\/strong>.<\/li>\n<\/ul>\n\n\n\n<p>\ud83d\udd34 Vopsirea ou\u0103lor \u2013 plin\u0103 de <strong>culoare \u0219i simboluri ale vie\u021bii<\/strong> \u2013 nu este potrivit\u0103 \u00een aceast\u0103 zi solemn\u0103. Preo\u021bii \u0219i b\u0103tr\u00e2nii din comunit\u0103\u021bi atrag aten\u021bia c\u0103 este un gest <strong>nepotrivit \u0219i lipsit de respect<\/strong>.<\/p>\n\n\n\n<h2>\u2696\ufe0f <strong>S\u00e2mb\u0103ta Mare<\/strong> \u2013 un compromis acceptat<\/h2>\n\n\n\n<p>Dac\u0103 nu reu\u0219e\u0219ti s\u0103 vopse\u0219ti ou\u0103le \u00een Joia Mare, po\u021bi face asta <strong>\u00een S\u00e2mb\u0103ta Mare<\/strong> \u2013 dar cu c\u00e2teva condi\u021bii:<\/p>\n\n\n\n<p>\u2705 Este o zi <strong>foarte aglomerat\u0103<\/strong>, \u00een care se preg\u0103te\u0219te masa de Pa\u0219te (cozonaci, friptur\u0103 de miel etc.)<br>\u2705 Este important ca vopsirea ou\u0103lor s\u0103 se <strong>\u00eencheie \u00eenaintea slujbei de \u00cenviere<\/strong> \ud83c\udf19<\/p>\n\n\n\n<p>Este o op\u021biune de compromis pentru gospodinele care nu au avut timp \u00een Joia Mare, dar vor totu\u0219i s\u0103 respecte tradi\u021bia c\u00e2t mai aproape de r\u00e2nduial\u0103.<\/p>\n\n\n\n<h2>\ud83c\udf08 Ce semnific\u0103 <strong>culorile ou\u0103lor<\/strong>?<\/h2>\n\n\n\n<p>\ud83d\udd34 <strong>Primul ou vopsit este \u00eentotdeauna ro\u0219u<\/strong> \u2013 simbolizeaz\u0103 s\u00e2ngele lui Hristos \u0219i sacrificiul S\u0103u pentru omenire.<br>\ud83d\udc49 Tradi\u021bia spune c\u0103 acest ou are <strong>puteri protectoare<\/strong> \u0219i aduce <strong>s\u0103n\u0103tate \u0219i noroc<\/strong> dac\u0103 este p\u0103strat \u00een cas\u0103 tot anul.<\/p>\n\n\n\n<p>Alte culori \u0219i semnifica\u021biile lor:<\/p>\n\n\n\n<ul>\n<li>\ud83d\udfe1 <strong>Galben<\/strong> \u2013 lumin\u0103, bucurie, soarele prim\u0103verii<\/li>\n\n\n\n<li>\ud83d\udfe2 <strong>Verde<\/strong> \u2013 natur\u0103, speran\u021b\u0103, re\u00eennoire<\/li>\n\n\n\n<li>\ud83d\udd35 <strong>Albastru<\/strong> \u2013 pace, \u00een\u021belepciune, cerul divin<\/li>\n<\/ul>\n\n\n\n<p>Fiecare ou colorat aduce <strong>un strop de simbol<\/strong> \u00een atmosfera cald\u0103 a Pa\u0219telui \u0219i reflect\u0103 bucuria re\u00eenvierii naturii \u0219i a sufletului. \ud83c\udf38\ud83d\udd4a\ufe0f<\/p>\n\n\n\n<h2>\ud83d\udcac Tu c\u00e2nd vopse\u0219ti ou\u0103le?<\/h2>\n\n\n\n<p>Spune-ne \u00een comentarii cum respec\u021bi aceast\u0103 tradi\u021bie \u00een familia ta \ud83d\udc47<br>Distribuie articolul mai departe ca s\u0103 afle toat\u0103 lumea despre <strong>momentul potrivit<\/strong> \u0219i semnifica\u021biile din spatele ou\u0103lor colorate de Pa\u0219te! \ud83e\udd5a\u2764\ufe0f\ud83d\udc9b\ud83d\udc9a<\/p>\n\n\n\n<p><\/p>\n","protected":false},"excerpt":{"rendered":"<p>\u00cen fiecare an, \u00een preajma Pa\u0219telui, buc\u0103t\u0103riile rom\u00e2nilor prind via\u021b\u0103: miros de cozonac, clinchet de vesel\u0103 \u0219i&#8230; ou\u0103 vopsite \u00een culori vii care dau startul<\/p>\n","protected":false},"author":1,"featured_media":38531,"comment_status":"closed","ping_status":"closed","sticky":false,"template":"","format":"standard","meta":[],"categories":[1],"tags":[],"_links":{"self":[{"href":"https:\/\/calatorinromania.com\/index.php?rest_route=\/wp\/v2\/posts\/38530"}],"collection":[{"href":"https:\/\/calatorinromania.com\/index.php?rest_route=\/wp\/v2\/posts"}],"about":[{"href":"https:\/\/calatorinromania.com\/index.php?rest_route=\/wp\/v2\/types\/post"}],"author":[{"embeddable":true,"href":"https:\/\/calatorinromania.com\/index.php?rest_route=\/wp\/v2\/users\/1"}],"replies":[{"embeddable":true,"href":"https:\/\/calatorinromania.com\/index.php?rest_route=%2Fwp%2Fv2%2Fcomments&post=38530"}],"version-history":[{"count":1,"href":"https:\/\/calatorinromania.com\/index.php?rest_route=\/wp\/v2\/posts\/38530\/revisions"}],"predecessor-version":[{"id":38532,"href":"https:\/\/calatorinromania.com\/index.php?rest_route=\/wp\/v2\/posts\/38530\/revisions\/38532"}],"wp:featuredmedia":[{"embeddable":true,"href":"https:\/\/calatorinromania.com\/index.php?rest_route=\/wp\/v2\/media\/38531"}],"wp:attachment":[{"href":"https:\/\/calatorinromania.com\/index.php?rest_route=%2Fwp%2Fv2%2Fmedia&parent=38530"}],"wp:term":[{"taxonomy":"category","embeddable":true,"href":"https:\/\/calatorinromania.com\/index.php?rest_route=%2Fwp%2Fv2%2Fcategories&post=38530"},{"taxonomy":"post_tag","embeddable":true,"href":"https:\/\/calatorinromania.com\/index.php?rest_route=%2Fwp%2Fv2%2Ftags&post=38530"}],"curies":[{"name":"wp","href":"https:\/\/api.w.org\/{rel}","templated":true}]}}