{"id":38508,"date":"2025-04-13T08:36:34","date_gmt":"2025-04-13T08:36:34","guid":{"rendered":"https:\/\/calatorinromania.com\/?p=38508"},"modified":"2025-04-13T08:36:34","modified_gmt":"2025-04-13T08:36:34","slug":"drac-u-m-a-imboldit-sa-vin-acasa-mai-devreme","status":"publish","type":"post","link":"https:\/\/calatorinromania.com\/?p=38508","title":{"rendered":"Drac u \u2019 m-a \u00eemboldit s\u0103 vin acas\u0103 mai devreme"},"content":{"rendered":"\n<p>Cu m\u00e2inile tremur\u00e2nde, am l\u0103sat florile s\u0103 cad\u0103 pe covor.<\/p>\n\n\n\n<p>Creierul meu refuza s\u0103 proceseze ceea ce tocmai auzisem.<\/p>\n\n\n\n<p>Nata\u0219a, so\u021bia mea de patru ani, femeia cu care pl\u0103nuisem s\u0103 am copii, vorbea cu un alt b\u0103rbat din baia noastr\u0103. Din casa noastr\u0103.<\/p>\n\n\n\n<p>Dintr-o dat\u0103, toate micile semne pe care le ignorasem \u00een ultimele luni au \u00eenceput s\u0103 se lege: orele prelungite la serviciu, mesajele discrete pe telefon, parfumul diferit pe care uneori \u00eel sim\u021beam \u00een p\u0103rul ei.<\/p>\n\n\n\n<p>Am \u00eenghe\u021bat locului, incapabil s\u0103 decid ce s\u0103 fac. S\u0103-i confrunt acum? S\u0103 plec \u00eenainte s\u0103 m\u0103 vad\u0103? S\u0103 a\u0219tept \u0219i s\u0103 v\u0103d cine este acest \u201eVasilic\u0103\u201d?<\/p>\n\n\n\n<p>U\u0219a b\u0103ii s-a deschis larg \u0219i Nata\u0219a a ie\u0219it \u00eenv\u0103luit\u0103 \u00eentr-un nor de aburi, purt\u00e2nd doar un prosop \u00een jurul corpului. C\u00e2nd m-a v\u0103zut, s-a oprit brusc, fa\u021ba ei transform\u00e2ndu-se \u00eentr-o masc\u0103 de teroare. A deschis gura s\u0103 spun\u0103 ceva, dar niciun sunet nu a ie\u0219it.<\/p>\n\n\n\n<p>\u201eUnde e?\u201d am \u00eentrebat, surprinz\u00e2ndu-m\u0103 c\u00e2t de calm\u0103 \u00eemi suna vocea \u00een ciuda furtunii din interiorul meu.<\/p>\n\n\n\n<p>\u201eS-sergiu,\u201d a b\u00e2lb\u00e2it ea. \u201eNu este\u2026 nu e ceea ce crezi.\u201d<\/p>\n\n\n\n<p>Am f\u0103cut un pas spre dormitor, dar ea s-a pus \u00een fa\u021ba mea.<\/p>\n\n\n\n<p>\u201eTe rog,\u201d a \u0219optit ea. \u201ePot s\u0103 explic.\u201d<\/p>\n\n\n\n<p>\u201eLas\u0103-m\u0103 s\u0103 trec,\u201d am spus, sim\u021bind cum furia \u00eenlocuie\u0219te uimirea ini\u021bial\u0103.<\/p>\n\n\n\n<p>\u00cen acel moment, o mi\u0219care din buc\u0103t\u0103rie mi-a atras aten\u021bia. M-am \u00eentors brusc, preg\u0103tit s\u0103 \u00eenfrunt b\u0103rbatul care-mi distrusese c\u0103snicia.<\/p>\n\n\n\n<p>Dar nu era nimeni acolo. Cel pu\u021bin, nimeni la nivelul ochilor. Abia c\u00e2nd am privit \u00een jos, am v\u0103zut-o: o pisic\u0103 portocalie, gr\u0103su\u021b\u0103, ling\u00e2ndu-\u0219i l\u0103bu\u021bele pe blatul buc\u0103t\u0103riei, l\u00e2ng\u0103 o farfurie goal\u0103.<\/p>\n\n\n\n<p>\u201eCe naiba\u2026?\u201d am murmurat, confuzia \u00eenlocuind furia.<\/p>\n\n\n\n<p>Nata\u0219a a profitat de momentul meu de ezitare \u0219i a trecut pe l\u00e2ng\u0103 mine, \u00eendrept\u00e2ndu-se spre pisic\u0103.<\/p>\n\n\n\n<p>\u201e\u00cel cheam\u0103 Vasilic\u0103,\u201d a spus ea, ridic\u00e2nd pisica \u00een bra\u021be. \u201eL-am g\u0103sit s\u0103pt\u0103m\u00e2na trecut\u0103 \u00een parcarea subteran\u0103, era ud leoarc\u0103 \u0219i fl\u0103m\u00e2nd. Voiam s\u0103-\u021bi spun, dar \u0219tiu c\u00e2t e\u0219ti de alergic la pisici \u0219i\u2026 am tot am\u00e2nat. Pl\u0103nuiam s\u0103-l duc la ad\u0103post, dar e at\u00e2t de dr\u0103gu\u021b \u0219i se comport\u0103 at\u00e2t de bine\u2026\u201d<\/p>\n\n\n\n<p>Am privit-o nevenindu-mi s\u0103 cred. Toat\u0103 tensiunea, toat\u0103 furia, toat\u0103 durerea \u2013 totul pentru o pisic\u0103?<\/p>\n\n\n\n<p>\u201eO pisic\u0103?\u201d am exclamat. \u201eCredeam c\u0103 m\u0103 \u00een\u0219eli!\u201d<\/p>\n\n\n\n<p>Nata\u0219a a clipit surprins\u0103, apoi a \u00eenceput s\u0103 r\u00e2d\u0103. \u201eTu credeai\u2026 tu ai crezut c\u0103 eu\u2026 cu Vasilic\u0103?\u201d<\/p>\n\n\n\n<p>Am sim\u021bit cum obrajii \u00eemi ard de ru\u0219ine. Desigur, acum totul avea sens. Mesajele discrete pe care le v\u0103zusem probabil erau c\u0103tre refugiile pentru animale. Parfumul diferit \u2013 probabil dezinfectant sau \u0219ampon pentru pisici.<\/p>\n\n\n\n<p>\u201eNu e amuzant,\u201d am morm\u0103it, dar col\u021burile gurii \u00eencepeau s\u0103 mi se ridice \u00eentr-un z\u00e2mbet.<\/p>\n\n\n\n<p>\u201eBa este,\u201d a insistat ea, \u00eenc\u0103 r\u00e2z\u00e2nd. \u201eAr trebui s\u0103 vezi expresia de pe fa\u021ba ta!\u201d<\/p>\n\n\n\n<p>Vasilic\u0103 a scos un mieunat lung, parc\u0103 ad\u0103ug\u00e2ndu-\u0219i comentariul la situa\u021bie.<\/p>\n\n\n\n<p>\u201eDeci\u2026 nu m\u0103 \u00een\u0219eli?\u201d am \u00eentrebat, sim\u021bindu-m\u0103 ridicol.<\/p>\n\n\n\n<p>Nata\u0219a a pus pisica jos \u0219i s-a apropiat de mine, \u00eenf\u0103\u0219ur\u00e2ndu-\u0219i bra\u021bele \u00een jurul g\u00e2tului meu.<\/p>\n\n\n\n<p>\u201eCu cine a\u0219 putea s\u0103 te \u00een\u0219el? Tu e\u0219ti singurul b\u0103rbat din via\u021ba mea. Bine, acum e \u0219i Vasilic\u0103, dar el e mai mult un bebelu\u0219 dec\u00e2t un b\u0103rbat.\u201d<\/p>\n\n\n\n<p>Am s\u0103rutat-o, sim\u021bind cum tensiunea din ultimele minute se tope\u0219te.<\/p>\n\n\n\n<p>\u201eFlorile sunt pentru mine?\u201d a \u00eentrebat ea, z\u0103rind buchetul c\u0103zut l\u00e2ng\u0103 u\u0219\u0103.<\/p>\n\n\n\n<p>\u201eErau,\u201d am spus. \u201eAcum sunt pu\u021bin strivite.\u201d<\/p>\n\n\n\n<p>\u201eSunt perfecte,\u201d a spus ea, ridic\u00e2ndu-le. \u201eLa fel ca tine.\u201d<\/p>\n\n\n\n<p>Am privit spre pisica portocalie care acum se sp\u0103la lini\u0219tit\u0103 pe canapea, complet dezinteresat\u0103 de drama uman\u0103 care tocmai avusese loc.<\/p>\n\n\n\n<p>\u201eCe facem cu el?\u201d am \u00eentrebat. \u201e\u0218tii c\u0103 sunt alergic.\u201d<\/p>\n\n\n\n<p>Nata\u0219a a z\u00e2mbit vinovat\u0103. \u201eAm vorbit deja cu medicul. Exist\u0103 ni\u0219te tratamente noi pentru alergii. \u0218i am cump\u0103rat un purificator de aer special. E foarte eficient.\u201d<\/p>\n\n\n\n<p>Am oftat, d\u00e2ndu-mi seama c\u0103 pisica deja c\u00e2\u0219tigase locul \u00een casa noastr\u0103.<\/p>\n\n\n\n<p>\u201eBine,\u201d am cedat. \u201eDar doar p\u00e2n\u0103 \u00eei g\u0103sim o cas\u0103 permanent\u0103.\u201d<\/p>\n\n\n\n<p>Nata\u0219a a z\u00e2mbit str\u0103lucitor \u0219i m-a s\u0103rutat din nou. \u201eBine\u00een\u021beles. Doar temporar.\u201d<\/p>\n\n\n\n<p>Trei ani mai t\u00e2rziu, Vasilic\u0103 \u00eenc\u0103 este cu noi, al\u0103turi de cei doi pui pe care i-a f\u0103cut cu pisica vecinului \u00eenainte s\u0103-l steriliz\u0103m. Alergiile mele au disp\u0103rut aproape complet cu ajutorul tratamentului, iar casa noastr\u0103 este plin\u0103 de juc\u0103rii pentru pisici \u0219i p\u0103r portocaliu.<\/p>\n\n\n\n<p>C\u00e2teodat\u0103, c\u00e2nd \u00eemi amintesc de acea zi, de momentul \u00een care am crezut c\u0103 \u00eemi pierdusem c\u0103snicia, nu pot s\u0103 nu r\u00e2d de mine \u00eensumi. Pentru c\u0103, \u00een acea zi, \u00een loc s\u0103 pierd ceva, am c\u00e2\u0219tigat un nou membru al familiei \u2013 \u0219i o lec\u021bie important\u0103 despre \u00eencredere \u0219i comunicare. \u0218i, desigur, despre c\u00e2t de u\u0219or pot interpret\u0103rile gre\u0219ite s\u0103 ne conduc\u0103 pe c\u0103i neb\u0103nuite.<\/p>\n\n\n\n<p>Dac\u0103 \u021bi-a pl\u0103cut povestea, nu uita s\u0103 o distribui cu prietenii t\u0103i! \u00cempreun\u0103 putem duce mai departe emo\u021bia \u0219i inspira\u021bia.<\/p>\n","protected":false},"excerpt":{"rendered":"<p>Cu m\u00e2inile tremur\u00e2nde, am l\u0103sat florile s\u0103 cad\u0103 pe covor. Creierul meu refuza s\u0103 proceseze ceea ce tocmai auzisem. Nata\u0219a, so\u021bia mea de patru ani,<\/p>\n","protected":false},"author":1,"featured_media":38467,"comment_status":"closed","ping_status":"closed","sticky":false,"template":"","format":"standard","meta":[],"categories":[1],"tags":[],"_links":{"self":[{"href":"https:\/\/calatorinromania.com\/index.php?rest_route=\/wp\/v2\/posts\/38508"}],"collection":[{"href":"https:\/\/calatorinromania.com\/index.php?rest_route=\/wp\/v2\/posts"}],"about":[{"href":"https:\/\/calatorinromania.com\/index.php?rest_route=\/wp\/v2\/types\/post"}],"author":[{"embeddable":true,"href":"https:\/\/calatorinromania.com\/index.php?rest_route=\/wp\/v2\/users\/1"}],"replies":[{"embeddable":true,"href":"https:\/\/calatorinromania.com\/index.php?rest_route=%2Fwp%2Fv2%2Fcomments&post=38508"}],"version-history":[{"count":1,"href":"https:\/\/calatorinromania.com\/index.php?rest_route=\/wp\/v2\/posts\/38508\/revisions"}],"predecessor-version":[{"id":38509,"href":"https:\/\/calatorinromania.com\/index.php?rest_route=\/wp\/v2\/posts\/38508\/revisions\/38509"}],"wp:featuredmedia":[{"embeddable":true,"href":"https:\/\/calatorinromania.com\/index.php?rest_route=\/wp\/v2\/media\/38467"}],"wp:attachment":[{"href":"https:\/\/calatorinromania.com\/index.php?rest_route=%2Fwp%2Fv2%2Fmedia&parent=38508"}],"wp:term":[{"taxonomy":"category","embeddable":true,"href":"https:\/\/calatorinromania.com\/index.php?rest_route=%2Fwp%2Fv2%2Fcategories&post=38508"},{"taxonomy":"post_tag","embeddable":true,"href":"https:\/\/calatorinromania.com\/index.php?rest_route=%2Fwp%2Fv2%2Ftags&post=38508"}],"curies":[{"name":"wp","href":"https:\/\/api.w.org\/{rel}","templated":true}]}}