{"id":38504,"date":"2025-04-13T08:18:24","date_gmt":"2025-04-13T08:18:24","guid":{"rendered":"https:\/\/calatorinromania.com\/?p=38504"},"modified":"2025-04-13T08:18:25","modified_gmt":"2025-04-13T08:18:25","slug":"sotia-a-nascut-un-baietel-de-culoare-si-sotul-a-divortat-de-ea","status":"publish","type":"post","link":"https:\/\/calatorinromania.com\/?p=38504","title":{"rendered":"So\u021bia a n\u0103scut un b\u0103ie\u021bel de culoare, \u0219i so\u021bul a divor\u021bat de ea."},"content":{"rendered":"\n<h3>DISCLAIMER: Acest site este neutru din punct de vedere politic \u0219i nu sus\u021bine niciun partid sau ideologie politic\u0103.<\/h3>\n\n\n\n<p>\u2026\u0219i-a jurat c\u0103 va face tot posibilul s\u0103-i ofere dragoste \u0219i sprijin, chiar \u0219i f\u0103r\u0103 prezen\u021ba lui Victor.<\/p>\n\n\n\n<p>Dup\u0103 ce a fost externat\u0103 din spital, Ana s-a \u00eentors \u00eentr-o cas\u0103 goal\u0103. Victor plecase, lu\u00e2nd cu el majoritatea lucrurilor personale \u0219i l\u0103s\u00e2nd doar un bilet pe care scria: \u201eAm depus actele de divor\u021b. Nu vreau s\u0103 mai aud niciodat\u0103 de tine sau de copilul altui b\u0103rbat.\u201d<\/p>\n\n\n\n<p>Primele luni au fost devastatoare pentru Ana. Rudele lui Victor au \u00eentors spatele at\u00e2t ei, c\u00e2t \u0219i copilului. Vecinii \u0219u\u0219oteau, iar prietenii comuni au luat partea lui, consider\u00e2nd-o vinovat\u0103 de adulter. Nimeni nu a vrut s\u0103 asculte explica\u021biile ei.<\/p>\n\n\n\n<p>Doar mama Anei a r\u0103mas al\u0103turi de ea, ajut\u00e2nd-o s\u0103 \u00eengrijeasc\u0103 micu\u021bul Mihai, a\u0219a cum \u0219i-a numit ea fiul. Cu sprijinul mamei sale, Ana a reu\u0219it s\u0103 \u00ee\u0219i g\u0103seasc\u0103 un loc de munc\u0103 \u0219i s\u0103 \u00eenceap\u0103 o nou\u0103 via\u021b\u0103, dedicat\u0103 \u00eentru totul b\u0103ie\u021belului ei.<\/p>\n\n\n\n<p>Pe m\u0103sur\u0103 ce Mihai cre\u0219tea, Ana nu i-a ascuns niciodat\u0103 adev\u0103rul despre tat\u0103l s\u0103u. I-a explicat c\u0103 Victor nu a putut accepta na\u0219terea lui \u0219i a ales s\u0103 plece. Dar niciodat\u0103 nu i-a spus \u00eentreaga poveste, consider\u00e2nd c\u0103 un copil nu trebuie s\u0103 \u0219tie c\u00e2t de crunt poate fi respins.<\/p>\n\n\n\n<p>Ana a observat de timpuriu c\u0103 Mihai era un copil special. Avea o inteligen\u021b\u0103 sclipitoare, \u00eenv\u0103\u021ba cu u\u0219urin\u021b\u0103 \u0219i, \u00een ciuda originii sale mixte, care \u00eel f\u0103cea s\u0103 arate diferit fa\u021b\u0103 de ceilal\u021bi copii, avea un caracter puternic care \u00eel ajuta s\u0103 dep\u0103\u0219easc\u0103 momentele dificile.<\/p>\n\n\n\n<p>La \u0219coal\u0103 excelase \u00een toate materiile, dar pasiunea lui era medicina. \u00cenc\u0103 din primii ani de liceu vorbea despre dorin\u021ba de a deveni doctor, de a salva vie\u021bi. Ana f\u0103cea sacrificii enorme pentru a-i putea oferi educa\u021bia de care avea nevoie, lucr\u00e2nd adesea dou\u0103 joburi simultan.<\/p>\n\n\n\n<p>C\u00e2nd Mihai a \u00eemplinit 18 ani \u0219i a fost acceptat la Facultatea de Medicin\u0103 din Bucure\u0219ti, Ana a pl\u00e2ns de fericire. Toate sacrificiile ei nu fuseser\u0103 \u00een zadar. Fiul ei urma s\u0103 devin\u0103 medic, s\u0103 salveze vie\u021bi.<\/p>\n\n\n\n<p>Doi ani mai t\u00e2rziu, \u00eentr-o diminea\u021b\u0103 de toamn\u0103, Ana primi un telefon care \u00eei schimb\u0103 complet via\u021ba. Era de la spitalul jude\u021bean.<\/p>\n\n\n\n<p>\u201eDoamn\u0103 Ana Popescu? V\u0103 sun\u0103m \u00een leg\u0103tur\u0103 cu so\u021bul dumneavoastr\u0103, Victor Popescu. A suferit un accident grav \u0219i are nevoie urgent\u0103 de o transfuzie de s\u00e2nge. Din p\u0103cate, are o grup\u0103 sangvin\u0103 foarte rar\u0103, iar rezervele noastre sunt epuizate.\u201d<\/p>\n\n\n\n<p>Ana r\u0103mase f\u0103r\u0103 cuvinte. Nu mai auzise de Victor de dou\u0103zeci de ani.<\/p>\n\n\n\n<p>\u201eCred c\u0103 e o gre\u0219eal\u0103,\u201d r\u0103spunse ea cu voce tremur\u00e2nd\u0103. \u201eEu \u0219i Victor suntem divor\u021ba\u021bi de mul\u021bi ani.\u201d<\/p>\n\n\n\n<p>\u201eNe cerem scuze pentru confuzie, doamn\u0103. Dar \u00een actele domnului Popescu, dumneavoastr\u0103 sunte\u021bi trecut\u0103 ca persoan\u0103 de contact \u00een caz de urgen\u021b\u0103. Situa\u021bia este critic\u0103. F\u0103r\u0103 transfuzie, \u0219ansele lui de supravie\u021buire sunt minime.\u201d<\/p>\n\n\n\n<p>Ana \u00eenchise telefonul, sim\u021bindu-se cople\u0219it\u0103 de emo\u021bii contradictorii. Partea ra\u021bional\u0103 \u00eei spunea s\u0103 ignore apelul, s\u0103-l lase pe Victor s\u0103 se descurce singur, a\u0219a cum o l\u0103sase \u0219i el cu dou\u0103zeci de ani \u00een urm\u0103. Dar o alt\u0103 parte din ea, poate cea mai uman\u0103, nu putea ignora un om aflat \u00een suferin\u021b\u0103.<\/p>\n\n\n\n<p>\u00cen acel moment, Mihai intr\u0103 \u00een camer\u0103. Observ\u00e2nd paloarea mamei sale, o \u00eentreb\u0103 \u00eengrijorat ce s-a \u00eent\u00e2mplat. Dup\u0103 ce Ana \u00eei povesti despre apel, Mihai r\u0103mase t\u0103cut c\u00e2teva momente.<\/p>\n\n\n\n<p>\u201eMam\u0103, trebuie s\u0103 mergem la spital,\u201d spuse el \u00een cele din urm\u0103. \u201eIndiferent ce a f\u0103cut \u00een trecut, este o via\u021b\u0103 \u00een pericol.\u201d<\/p>\n\n\n\n<p>Ana \u00eel privi pe fiul ei de dou\u0103zeci de ani, impresionat\u0103 de maturitatea \u0219i compasiunea lui.<\/p>\n\n\n\n<p>\u201eAi dreptate,\u201d r\u0103spunse ea \u00eencet. \u201eDar nu \u0219tiu dac\u0103 sunt preg\u0103tit\u0103 s\u0103-l rev\u0103d.\u201d<br>ff<br>\u201eNu trebuie s\u0103 \u00eel vezi. Eu pot dona s\u00e2nge dac\u0103 grupa mea este compatibil\u0103.\u201d<\/p>\n\n\n\n<p>Ajun\u0219i la spital, Mihai fu testat rapid pentru compatibilitate. Medicul de gard\u0103, un b\u0103rbat \u00een v\u00e2rst\u0103 cu p\u0103rul c\u0103runt, privi rezultatele cu uimire.<\/p>\n\n\n\n<p>\u201eEste uimitor,\u201d spuse el. \u201eAve\u021bi exact aceea\u0219i grup\u0103 de s\u00e2nge rar\u0103 ca pacientul nostru. Este o coinciden\u021b\u0103 extraordinar\u0103.\u201d<\/p>\n\n\n\n<p>Ana \u0219i Mihai schimbar\u0103 o privire, dar nu comentar\u0103. Mihai don\u0103 s\u00e2nge, iar medicii \u00eei asigurar\u0103 c\u0103 transfuzia va \u00eencepe imediat.<\/p>\n\n\n\n<p>\u201ePutem s\u0103-l vedem?\u201d \u00eentreb\u0103 Ana ezitant.<\/p>\n\n\n\n<p>Medicul \u00eei conduse \u00eentr-un salon de terapie intensiv\u0103. Pe un pat, conectat la multiple aparate, z\u0103cea Victor. Era mult mai b\u0103tr\u00e2n dec\u00e2t \u0219i-l amintea Ana, cu fa\u021ba palid\u0103 \u0219i br\u0103zdat\u0103 de riduri ad\u00e2nci.<\/p>\n\n\n\n<p>\u201eVa supravie\u021bui?\u201d \u00eentreb\u0103 ea.<\/p>\n\n\n\n<p>\u201eDatorit\u0103 transfuziei, \u0219ansele sale au crescut considerabil,\u201d r\u0103spunse medicul. \u201eDar a suferit traumatisme severe \u00een accident. Va avea nevoie de o perioad\u0103 lung\u0103 de recuperare.\u201d<\/p>\n\n\n\n<p>Mihai se apropie de pat, privind cu curiozitate b\u0103rbatul care, biologic, era tat\u0103l s\u0103u, dar care nu fusese niciodat\u0103 prezent \u00een via\u021ba lui.<\/p>\n\n\n\n<p>\u201eDe ce are nevoie de o transfuzie at\u00e2t de urgent\u0103?\u201d \u00eentreb\u0103 el, intr\u00e2nd instinctiv \u00een rolul de student la medicin\u0103.<\/p>\n\n\n\n<p>\u201eAre o afec\u021biune genetic\u0103 rar\u0103,\u201d explic\u0103 medicul. \u201eAceasta face ca tipul s\u0103u de s\u00e2nge s\u0103 fie extrem de dificil de g\u0103sit. E\u0219ti norocos c\u0103 ai aceea\u0219i grup\u0103.\u201d<\/p>\n\n\n\n<p>La auzul acestor cuvinte, Ana sim\u021bi cum i se taie respira\u021bia. O afec\u021biune genetic\u0103 rar\u0103? Aceea\u0219i grup\u0103 de s\u00e2nge? Puzzle-ul \u00eencepea s\u0103 se contureze \u00een mintea ei.<\/p>\n\n\n\n<p>Trei zile mai t\u00e2rziu, Victor \u00ee\u0219i reveni. C\u00e2nd deschise ochii \u0219i o v\u0103zu pe Ana la marginea patului s\u0103u, expresia lui fu una de complet\u0103 nedumerire.<\/p>\n\n\n\n<p>\u201eCe cau\u021bi tu aici?\u201d \u00eentreb\u0103 el cu o voce slab\u0103.<\/p>\n\n\n\n<p>\u201eSpitalul m-a contactat. Aparent, \u00eenc\u0103 sunt trecut\u0103 ca persoan\u0103 de contact \u00een actele tale.\u201d<\/p>\n\n\n\n<p>Victor \u00eenchise ochii pentru un moment, apoi \u00eei redeschise.<\/p>\n\n\n\n<p>\u201e\u00cemi pare r\u0103u pentru tot,\u201d spuse el nea\u0219teptat. \u201eAm fost un la\u0219 \u0219i un idiot.\u201d<\/p>\n\n\n\n<p>\u201eDe ce m\u0103 contactezi abia acum, dup\u0103 dou\u0103zeci de ani?\u201d \u00eentreb\u0103 Ana.<\/p>\n\n\n\n<p>\u201eNu te-am contactat eu. A fost un accident\u2026 Dar poate c\u0103 destinul a vrut s\u0103 ne re\u00eent\u00e2lnim. Am at\u00e2tea s\u0103-\u021bi spun\u2026\u201d<\/p>\n\n\n\n<p>\u00cen acel moment, u\u0219a salonului se deschise, \u0219i Mihai intr\u0103. V\u0103z\u00e2ndu-l, Victor r\u0103mase f\u0103r\u0103 cuvinte. Privirea lui trecu de la Mihai la Ana \u0219i \u00eenapoi.<\/p>\n\n\n\n<p>\u201eCine\u2026 cine e\u0219ti tu?\u201d \u00eentreb\u0103 el, de\u0219i r\u0103spunsul era evident \u00een tr\u0103s\u0103turile tinere ale lui Mihai, care reflectau ceva din propriul s\u0103u chip.<\/p>\n\n\n\n<p>\u201eEl este Mihai, fiul meu,\u201d r\u0103spunse Ana. \u201e\u0218i datorit\u0103 lui e\u0219ti \u00eenc\u0103 \u00een via\u021b\u0103. El \u021bi-a donat s\u00e2ngele de care aveai nevoie.\u201d<\/p>\n\n\n\n<p>Victor p\u0103ru cople\u0219it de emo\u021bie.<\/p>\n\n\n\n<p>\u201eDar\u2026 cum? Cum poate fi el\u2026\u201d<\/p>\n\n\n\n<p>\u201eCompatibil cu tine?\u201d complet\u0103 Ana. \u201ePentru c\u0103 este fiul t\u0103u, Victor. \u00centotdeauna a fost.\u201d<\/p>\n\n\n\n<p>Victor cl\u0103tin\u0103 din cap, confuz.<\/p>\n\n\n\n<p>\u201eImposibil. El este\u2026 el nu arat\u0103 ca mine.\u201d<\/p>\n\n\n\n<p>\u201eMihai este fiul nostru,\u201d insist\u0103 Ana. \u201eCuloarea pielii lui se datoreaz\u0103 unei muta\u021bii genetice rare, aceea\u0219i muta\u021bie care face ca s\u00e2ngele t\u0103u s\u0103 fie at\u00e2t de special. Doctorii mi-au explicat asta dup\u0103 na\u0219tere, dar tu nu ai vrut s\u0103 ascul\u021bi. Ai presupus ce era mai r\u0103u despre mine \u0219i ai plecat.\u201d<\/p>\n\n\n\n<p>Victor p\u0103ru zdrobit de revela\u021bie. \u00ce\u0219i acoperi fa\u021ba cu m\u00e2inile, iar umerii \u00eencepur\u0103 s\u0103-i tremure.<\/p>\n\n\n\n<p>\u201eTo\u021bi ace\u0219ti ani\u2026 Am ratat to\u021bi ace\u0219ti ani\u2026\u201d<\/p>\n\n\n\n<p>Mihai, care r\u0103m\u0103sese t\u0103cut p\u00e2n\u0103 atunci, f\u0103cu un pas \u00eenainte.<\/p>\n\n\n\n<p>\u201eMedicul mi-a explicat despre afec\u021biunea ta genetic\u0103. Este fascinant din punct de vedere medical. \u0218i explic\u0103 multe lucruri despre mine.\u201d<\/p>\n\n\n\n<p>Victor \u00eel privi pe Mihai, v\u0103z\u00e2nd acum asem\u0103n\u0103rile subtile \u2013 forma ochilor, structura fe\u021bei, chiar \u0219i gesturile.<\/p>\n\n\n\n<p>\u201eE\u0219ti\u2026 e\u0219ti student la medicin\u0103?\u201d \u00eentreb\u0103 Victor, observ\u00e2nd halatul alb pe care Mihai \u00eel purta.<\/p>\n\n\n\n<p>\u201eDa,\u201d r\u0103spunse Mihai cu m\u00e2ndrie. \u201eSunt \u00een al doilea an.\u201d<\/p>\n\n\n\n<p>\u201eVrea s\u0103 devin\u0103 chirurg,\u201d ad\u0103ug\u0103 Ana. \u201eA fost \u00eentotdeauna cel mai bun din clas\u0103.\u201d<\/p>\n\n\n\n<p>Victor nu \u00ee\u0219i putea lua ochii de la Mihai, ca \u0219i cum \u00eencerca s\u0103 recupereze dou\u0103zeci de ani pierdu\u021bi dintr-o singur\u0103 privire.<\/p>\n\n\n\n<p>\u201e\u00cemi pare r\u0103u,\u201d spuse el \u00een cele din urm\u0103, \u00eentorc\u00e2ndu-se spre Ana. \u201eNu exist\u0103 cuvinte care s\u0103 exprime c\u00e2t de r\u0103u \u00eemi pare. Te-am judecat gre\u0219it. V-am abandonat pe am\u00e2ndoi c\u00e2nd avea\u021bi cea mai mare nevoie de mine.\u201d<\/p>\n\n\n\n<p>Ana sim\u021bi cum vechile r\u0103ni \u00eencep s\u0103 se deschid\u0103, dar \u0219i un sentiment ciudat de eliberare.<\/p>\n\n\n\n<p>\u201eDe ce nu ai cerut un test de paternitate?\u201d \u00eentreb\u0103 ea. \u201eDe ce ai presupus imediat ce era mai r\u0103u?\u201d<\/p>\n\n\n\n<p>Victor oft\u0103 ad\u00e2nc.<\/p>\n\n\n\n<p>\u201eEram t\u00e2n\u0103r, speriat \u0219i prost. \u0218i, mai presus de toate, eram \u00eengrozit de ce ar spune ceilal\u021bi. \u00cen loc s\u0103 stau l\u00e2ng\u0103 tine \u0219i s\u0103 afl\u0103m \u00eempreun\u0103 adev\u0103rul, am ales calea u\u0219oar\u0103 \u2013 s\u0103 fug.\u201d<\/p>\n\n\n\n<p>Un moment de t\u0103cere se a\u0219ternu \u00een salonul de spital. Fiecare dintre ei era absorbit \u00een propriile g\u00e2nduri, reflect\u00e2nd asupra a dou\u0103zeci de ani de separare \u0219i a \u0219ansei nea\u0219teptate de reconciliere.<\/p>\n\n\n\n<p>\u201eCe se \u00eent\u00e2mpl\u0103 acum?\u201d \u00eentreb\u0103 Mihai, rup\u00e2nd t\u0103cerea. \u201eVreau s\u0103 spun, dup\u0103 ce te externeaz\u0103 din spital?\u201d<\/p>\n\n\n\n<p>Victor se uit\u0103 la fiul s\u0103u, apoi la Ana.<\/p>\n\n\n\n<p>\u201eNu \u0219tiu,\u201d r\u0103spunse el sincer. \u201eNu am dreptul s\u0103 cer nimic. V-am abandonat, \u0219i nimic nu poate schimba asta. Dar\u2026 dac\u0103 mi-a\u021bi permite s\u0103 v\u0103 cunosc, s\u0103 fac parte din via\u021ba voastr\u0103, chiar \u0219i \u00eentr-un mod mic\u2026 ar \u00eensemna totul pentru mine.\u201d<\/p>\n\n\n\n<p>Ana privi la b\u0103rbatul care \u00eei fr\u00e2nsese inima cu dou\u0103zeci de ani \u00een urm\u0103 \u0219i la fiul lor, care st\u0103tea \u00eentre ei ca un pod peste timp. Poate c\u0103 era prea t\u00e2rziu pentru dragostea lor, dar poate c\u0103 nu era prea t\u00e2rziu pentru a vindeca vechile r\u0103ni \u0219i a construi ceva nou \u2013 nu o familie \u00een sensul tradi\u021bional, ci o rela\u021bie bazat\u0103 pe respect \u0219i \u00een\u021belegere reciproc\u0103.<\/p>\n\n\n\n<p>\u201eCred c\u0103 asta depinde de Mihai,\u201d spuse ea \u00een cele din urm\u0103. \u201eEl este cel care a crescut f\u0103r\u0103 tat\u0103.\u201d<\/p>\n\n\n\n<p>Mihai \u00ee\u0219i privi tat\u0103l pentru un moment lung, apoi vorbi:<\/p>\n\n\n\n<p>\u201eAm mul\u021bi pacien\u021bi de examinat \u0219i multe studii de completat. Dar cred c\u0103 a\u0219 putea face loc \u00een program pentru a lua cina cu tine din c\u00e2nd \u00een c\u00e2nd. Ca s\u0103 ne cunoa\u0219tem.\u201d<\/p>\n\n\n\n<p>Victor z\u00e2mbi printre lacrimi.<\/p>\n\n\n\n<p>\u201eMi-ar pl\u0103cea asta foarte mult.\u201d<\/p>\n\n\n\n<p>\u00cen timp ce Ana privea interac\u021biunea dintre tat\u0103l \u0219i fiul care se \u00eent\u00e2lneau pentru prima dat\u0103 dup\u0103 dou\u0103zeci de ani, realiz\u0103 c\u0103 via\u021ba are un mod ciudat de a aduce oamenii \u00eempreun\u0103, chiar \u0219i dup\u0103 ce drumurile lor par separate pentru totdeauna. Nimic nu putea \u0219terge durerea din trecut, dar poate, doar poate, viitorul putea aduce o form\u0103 de vindecare pe care niciunul dintre ei nu o crezuse posibil\u0103.<\/p>\n\n\n\n<p>Dac\u0103 \u021bi-a pl\u0103cut povestea, nu uita s\u0103 o distribui cu prietenii t\u0103i! \u00cempreun\u0103 putem duce mai departe emo\u021bia \u0219i inspira\u021bia.<\/p>\n","protected":false},"excerpt":{"rendered":"<p>DISCLAIMER: Acest site este neutru din punct de vedere politic \u0219i nu sus\u021bine niciun partid sau ideologie politic\u0103. \u2026\u0219i-a jurat c\u0103 va face tot posibilul<\/p>\n","protected":false},"author":1,"featured_media":38467,"comment_status":"closed","ping_status":"closed","sticky":false,"template":"","format":"standard","meta":[],"categories":[1],"tags":[],"_links":{"self":[{"href":"https:\/\/calatorinromania.com\/index.php?rest_route=\/wp\/v2\/posts\/38504"}],"collection":[{"href":"https:\/\/calatorinromania.com\/index.php?rest_route=\/wp\/v2\/posts"}],"about":[{"href":"https:\/\/calatorinromania.com\/index.php?rest_route=\/wp\/v2\/types\/post"}],"author":[{"embeddable":true,"href":"https:\/\/calatorinromania.com\/index.php?rest_route=\/wp\/v2\/users\/1"}],"replies":[{"embeddable":true,"href":"https:\/\/calatorinromania.com\/index.php?rest_route=%2Fwp%2Fv2%2Fcomments&post=38504"}],"version-history":[{"count":1,"href":"https:\/\/calatorinromania.com\/index.php?rest_route=\/wp\/v2\/posts\/38504\/revisions"}],"predecessor-version":[{"id":38505,"href":"https:\/\/calatorinromania.com\/index.php?rest_route=\/wp\/v2\/posts\/38504\/revisions\/38505"}],"wp:featuredmedia":[{"embeddable":true,"href":"https:\/\/calatorinromania.com\/index.php?rest_route=\/wp\/v2\/media\/38467"}],"wp:attachment":[{"href":"https:\/\/calatorinromania.com\/index.php?rest_route=%2Fwp%2Fv2%2Fmedia&parent=38504"}],"wp:term":[{"taxonomy":"category","embeddable":true,"href":"https:\/\/calatorinromania.com\/index.php?rest_route=%2Fwp%2Fv2%2Fcategories&post=38504"},{"taxonomy":"post_tag","embeddable":true,"href":"https:\/\/calatorinromania.com\/index.php?rest_route=%2Fwp%2Fv2%2Ftags&post=38504"}],"curies":[{"name":"wp","href":"https:\/\/api.w.org\/{rel}","templated":true}]}}