{"id":38500,"date":"2025-04-13T08:13:19","date_gmt":"2025-04-13T08:13:19","guid":{"rendered":"https:\/\/calatorinromania.com\/?p=38500"},"modified":"2025-04-13T08:13:20","modified_gmt":"2025-04-13T08:13:20","slug":"bunicul-plangea-in-hohote-langa-sicriul-nepoatei-sale-dar-simtind-ca-ceva-nu-e-in-regula-a-cerut-sa-l-deschida-din-nou-si-ce-a-vazut-l-a-socat","status":"publish","type":"post","link":"https:\/\/calatorinromania.com\/?p=38500","title":{"rendered":"Bunicul pl\u00e2ngea \u00een hohote l\u00e2ng\u0103 sicriul nepoatei sale, dar sim\u021bind c\u0103 ceva nu e \u00een regul\u0103, a cerut s\u0103-l deschid\u0103 din nou\u2026 \u0219i ce a v\u0103zut l-a \u0219ocat!"},"content":{"rendered":"\n<h3>DISCLAIMER: Acest site este neutru din punct de vedere politic \u0219i nu sus\u021bine niciun partid sau ideologie politic\u0103.<\/h3>\n\n\n\n<p>Satul Tr\u0103ncev\u021bi era cufundat \u00een doliu. To\u021bi locuitorii se adunaser\u0103 la \u00eenmorm\u00e2ntarea Anei, o feti\u021b\u0103 de 12 ani \u2014 mereu z\u00e2mbitoare \u0219i luminoas\u0103, iubit\u0103 de to\u021bi. Moartea ei fusese pus\u0103 pe seama unui stop cardiac brusc \u2014 lucru ciudat pentru o v\u00e2rst\u0103 at\u00e2t de fraged\u0103, dar medicul de la spitalul jude\u021bean confirmase diagnosticul. Bunicul ei, b\u0103tr\u00e2nul mo\u0219 Petre, era distrus. El o crescuse pe Ana dup\u0103 ce p\u0103rin\u021bii ei muriser\u0103 \u00eentr-un accident, \u0219i ea era tot ce mai avea.<\/p>\n\n\n\n<p>\u00cen timp ce toat\u0103 lumea \u00ee\u0219i lua r\u0103mas-bun de la copil, mo\u0219 Petre nu avea lini\u0219te. Nu sim\u021bea pace \u00een preajma trupului ei \u2014 fa\u021ba ei p\u0103rea prea vie, iar obrajii \u2014 u\u0219or ro\u0219ii.<br>\u201eNu e normal asta\u2026\u201d a murmurat el, \u00eenm\u0103rmurit. C\u00e2nd sicriul trebuia deja s\u0103 fie \u00eenchis, a strigat brusc:<br>\u2014 Sta\u021bi! Deschide\u021bi-l din nou! Fata asta nu e moart\u0103!<\/p>\n\n\n\n<p>Lumea a r\u0103mas blocat\u0103. Unii au crezut c\u0103 durerea i-a \u00eentunecat mintea, dar el a insistat. \u00cen cele din urm\u0103, de\u0219i cu reticen\u021b\u0103, sicriul a fost redeschis. \u0218i atunci to\u021bi au \u00eencremenit. Pieptul Anei se ridica u\u0219or \u2014 respira. \u00cencet, cu pleoapele abia mi\u0219c\u00e2ndu-se, feti\u021ba a deschis ochii.<\/p>\n\n\n\n<p>Au chemat imediat ambulan\u021ba, iar fata a fost dus\u0103 la spital. S-a dovedit c\u0103 Ana trecuse printr-o stare rar\u0103 \u2014 un stupor catatonic, care imit\u0103 moartea. Diagnosticul fusese gre\u0219it, pentru c\u0103 aparatura din spitalul local era veche, iar medicul \u2014 obosit \u0219i neatent.<\/p>\n\n\n\n<p>Mo\u0219 Petre nu s-a desprins nicio clip\u0103 de nepoata lui. Iar c\u00e2nd ea s-a trezit de tot \u0219i l-a \u00eembr\u0103\u021bi\u0219at, \u00een ochii lui s-au \u00eentors via\u021ba \u0219i lumina.<br>\u2014 Am \u0219tiut eu, copil drag\u2026 inima mea mi-a spus.<\/p>\n","protected":false},"excerpt":{"rendered":"<p>DISCLAIMER: Acest site este neutru din punct de vedere politic \u0219i nu sus\u021bine niciun partid sau ideologie politic\u0103. Satul Tr\u0103ncev\u021bi era cufundat \u00een doliu. To\u021bi<\/p>\n","protected":false},"author":1,"featured_media":38467,"comment_status":"closed","ping_status":"closed","sticky":false,"template":"","format":"standard","meta":[],"categories":[1],"tags":[],"_links":{"self":[{"href":"https:\/\/calatorinromania.com\/index.php?rest_route=\/wp\/v2\/posts\/38500"}],"collection":[{"href":"https:\/\/calatorinromania.com\/index.php?rest_route=\/wp\/v2\/posts"}],"about":[{"href":"https:\/\/calatorinromania.com\/index.php?rest_route=\/wp\/v2\/types\/post"}],"author":[{"embeddable":true,"href":"https:\/\/calatorinromania.com\/index.php?rest_route=\/wp\/v2\/users\/1"}],"replies":[{"embeddable":true,"href":"https:\/\/calatorinromania.com\/index.php?rest_route=%2Fwp%2Fv2%2Fcomments&post=38500"}],"version-history":[{"count":1,"href":"https:\/\/calatorinromania.com\/index.php?rest_route=\/wp\/v2\/posts\/38500\/revisions"}],"predecessor-version":[{"id":38501,"href":"https:\/\/calatorinromania.com\/index.php?rest_route=\/wp\/v2\/posts\/38500\/revisions\/38501"}],"wp:featuredmedia":[{"embeddable":true,"href":"https:\/\/calatorinromania.com\/index.php?rest_route=\/wp\/v2\/media\/38467"}],"wp:attachment":[{"href":"https:\/\/calatorinromania.com\/index.php?rest_route=%2Fwp%2Fv2%2Fmedia&parent=38500"}],"wp:term":[{"taxonomy":"category","embeddable":true,"href":"https:\/\/calatorinromania.com\/index.php?rest_route=%2Fwp%2Fv2%2Fcategories&post=38500"},{"taxonomy":"post_tag","embeddable":true,"href":"https:\/\/calatorinromania.com\/index.php?rest_route=%2Fwp%2Fv2%2Ftags&post=38500"}],"curies":[{"name":"wp","href":"https:\/\/api.w.org\/{rel}","templated":true}]}}