{"id":38494,"date":"2025-04-12T09:24:10","date_gmt":"2025-04-12T09:24:10","guid":{"rendered":"https:\/\/calatorinromania.com\/?p=38494"},"modified":"2025-04-12T09:24:10","modified_gmt":"2025-04-12T09:24:10","slug":"%f0%9f%8d%9e%e2%9c%a8-greseli-comune-in-prepararea-cozonacului-si-cum-sa-le-eviti","status":"publish","type":"post","link":"https:\/\/calatorinromania.com\/?p=38494","title":{"rendered":"\ud83c\udf5e\u2728 <strong>Gre\u0219eli Comune \u00een Prepararea Cozonacului \u0219i Cum s\u0103 le Evi\u021bi<\/strong>"},"content":{"rendered":"\n<h2><\/h2>\n\n\n\n<p>Cozonacul este nelipsit de pe masa de s\u0103rb\u0103toare \ud83d\udd4a\ufe0f, \u00eens\u0103 pentru a ob\u021bine acel <strong>aluat pufos \u0219i aromat<\/strong>, este esen\u021bial s\u0103 evi\u021bi c\u00e2teva gre\u0219eli frecvente.<\/p>\n\n\n\n<p><\/p>\n\n\n\n<h3>\u274c <strong>Gre\u0219eli care \u00ee\u021bi pot strica cozonacul<\/strong>:<\/h3>\n\n\n\n<p><\/p>\n\n\n\n<p>\ud83d\udd38 <strong>1. F\u0103in\u0103 necernut\u0103<\/strong><br>\u27a1\ufe0f F\u0103ina trebuie <strong>cernut\u0103<\/strong> \u00eenainte de folosire! Aerarea ei ajut\u0103 la o textur\u0103 mai lejer\u0103 \u0219i o dospire corect\u0103.<\/p>\n\n\n\n<p><\/p>\n\n\n\n<p>\ud83d\udd38 <strong>2. Ingrediente reci<\/strong><br>\u27a1\ufe0f Asigur\u0103-te c\u0103 <strong>ou\u0103le, laptele \u0219i untul<\/strong> sunt la <strong>temperatura camerei<\/strong>. Aluatul nu cre\u0219te bine dac\u0103 e &#8222;\u0219ocat&#8221; de ingrediente reci.<\/p>\n\n\n\n<p><\/p>\n\n\n\n<p>\ud83d\udd38 <strong>3. Prea mult\u0103 drojdie<\/strong><br>\u27a1\ufe0f Excesul de drojdie = gust amar \ud83d\ude16. Respect\u0103 cantit\u0103\u021bile recomandate din re\u021bet\u0103.<\/p>\n\n\n\n<p><\/p>\n\n\n\n<p>\ud83d\udd38 <strong>4. Fr\u0103m\u00e2ntare insuficient\u0103<\/strong><br>\u27a1\ufe0f <strong>Fr\u0103m\u00e2ntatul<\/strong> dezvolt\u0103 glutenul, care face cozonacul <strong>elastic \u0219i pufos<\/strong>. Aloc\u0103 timp acestui pas! \u23f3<\/p>\n\n\n\n<p><\/p>\n\n\n\n<p>\ud83d\udd38 <strong>5. Temperatura prea sc\u0103zut\u0103 \u00een camer\u0103<\/strong><br>\u27a1\ufe0f Dospirea are nevoie de <strong>c\u0103ldur\u0103 constant\u0103<\/strong>. A\u0219az\u0103 aluatul \u00eentr-un loc ferit de curent \u0219i rece.<\/p>\n\n\n\n<p><\/p>\n\n\n\n<p>\ud83d\udd38 <strong>6. Dospire incomplet\u0103<\/strong><br>\u27a1\ufe0f Aluatul trebuie s\u0103 \u00ee\u0219i <strong>dub\u00adleze volumul<\/strong> \u00eenainte de coacere. Nu te gr\u0103bi!<\/p>\n\n\n\n<p><\/p>\n\n\n\n<p>\ud83d\udd38 <strong>7. Prea mult zah\u0103r, gr\u0103sime sau umplutur\u0103<\/strong><br>\u27a1\ufe0f Dac\u0103 exagerezi cu aceste ingrediente, aluatul devine greu \u0219i <strong>nu mai cre\u0219te bine<\/strong>.<\/p>\n\n\n\n<p><\/p>\n\n\n\n<p>\ud83d\udd38 <strong>8. Temperatura cuptorului prea mare sau coacere prelungit\u0103<\/strong><br>\u27a1\ufe0f Coace la <strong>temperatur\u0103 moderat\u0103<\/strong> (160\u2013180\u00b0C). Nu deschide u\u0219a cuptorului \u00een primele 20 de minute! \ud83d\udeab<\/p>\n\n\n\n<p><\/p>\n\n\n\n<p>\ud83d\udd38 <strong>9. Pozi\u021bionarea gre\u0219it\u0103 \u00een cuptor<\/strong><br>\u27a1\ufe0f Tava cu cozonacul trebuie pus\u0103 \u00een <strong>mijlocul cuptorului<\/strong> \u2013 coacere uniform\u0103 garantat\u0103 \ud83d\udd25<\/p>\n","protected":false},"excerpt":{"rendered":"<p>Cozonacul este nelipsit de pe masa de s\u0103rb\u0103toare \ud83d\udd4a\ufe0f, \u00eens\u0103 pentru a ob\u021bine acel aluat pufos \u0219i aromat, este esen\u021bial s\u0103 evi\u021bi c\u00e2teva gre\u0219eli frecvente.<\/p>\n","protected":false},"author":1,"featured_media":38495,"comment_status":"closed","ping_status":"closed","sticky":false,"template":"","format":"standard","meta":[],"categories":[1],"tags":[],"_links":{"self":[{"href":"https:\/\/calatorinromania.com\/index.php?rest_route=\/wp\/v2\/posts\/38494"}],"collection":[{"href":"https:\/\/calatorinromania.com\/index.php?rest_route=\/wp\/v2\/posts"}],"about":[{"href":"https:\/\/calatorinromania.com\/index.php?rest_route=\/wp\/v2\/types\/post"}],"author":[{"embeddable":true,"href":"https:\/\/calatorinromania.com\/index.php?rest_route=\/wp\/v2\/users\/1"}],"replies":[{"embeddable":true,"href":"https:\/\/calatorinromania.com\/index.php?rest_route=%2Fwp%2Fv2%2Fcomments&post=38494"}],"version-history":[{"count":1,"href":"https:\/\/calatorinromania.com\/index.php?rest_route=\/wp\/v2\/posts\/38494\/revisions"}],"predecessor-version":[{"id":38496,"href":"https:\/\/calatorinromania.com\/index.php?rest_route=\/wp\/v2\/posts\/38494\/revisions\/38496"}],"wp:featuredmedia":[{"embeddable":true,"href":"https:\/\/calatorinromania.com\/index.php?rest_route=\/wp\/v2\/media\/38495"}],"wp:attachment":[{"href":"https:\/\/calatorinromania.com\/index.php?rest_route=%2Fwp%2Fv2%2Fmedia&parent=38494"}],"wp:term":[{"taxonomy":"category","embeddable":true,"href":"https:\/\/calatorinromania.com\/index.php?rest_route=%2Fwp%2Fv2%2Fcategories&post=38494"},{"taxonomy":"post_tag","embeddable":true,"href":"https:\/\/calatorinromania.com\/index.php?rest_route=%2Fwp%2Fv2%2Ftags&post=38494"}],"curies":[{"name":"wp","href":"https:\/\/api.w.org\/{rel}","templated":true}]}}