{"id":38359,"date":"2025-04-07T11:34:19","date_gmt":"2025-04-07T11:34:19","guid":{"rendered":"https:\/\/calatorinromania.com\/?p=38359"},"modified":"2025-04-07T11:34:20","modified_gmt":"2025-04-07T11:34:20","slug":"stand-la-inmormantarea-fiului-mamei-i-s-a-parut-ca-aude-vocea-lui-si-s-a-repezit-spre-sicriul-inchis","status":"publish","type":"post","link":"https:\/\/calatorinromania.com\/?p=38359","title":{"rendered":"St\u00e2nd la \u00eenmorm\u00e2ntarea fiului, mamei i s-a p\u0103rut c\u0103 aude vocea lui \u0219i s-a repezit spre sicriul \u00eenchis"},"content":{"rendered":"\n<p>De sub arborele masiv de stejar, un b\u0103rbat \u00eenalt se apropia cu pa\u0219i \u0219ov\u0103ielnici. P\u0103rea c\u0103 nu \u00een\u021belege ce se \u00eent\u00e2mpl\u0103, ochii s\u0103i r\u0103t\u0103ceau de la sicriul negru la fe\u021bele \u00eencremenite ale oamenilor aduna\u021bi, iar m\u00e2inile \u00eei tremurau vizibil.<\/p>\n\n\n\n<p>\u201eMama? Olga?\u201d vocea \u00eei era r\u0103gu\u0219it\u0103, de parc\u0103 nu mai vorbise de mult timp.<\/p>\n\n\n\n<p>Tatiana sim\u021bi cum toat\u0103 lumea se \u00eenv\u00e2rte \u00een jurul ei. Nu era posibil. Era o halucina\u021bie, un vis ur\u00e2t, o nebunie provocat\u0103 de durere. Dar Olga, care o \u021binea \u00eenc\u0103 de um\u0103r, \u00ee\u0219i sl\u0103bi brusc str\u00e2nsoarea \u0219i murmur\u0103:<\/p>\n\n\n\n<p>\u201eSa\u0219a? Tu e\u0219ti\u2026 \u00een via\u021b\u0103?\u201d<\/p>\n\n\n\n<p>\u201eCine\u2026 cine e \u00een sicriu?\u201d \u00eentreb\u0103 b\u0103rbatul, apropiindu-se \u0219i mai mult.<\/p>\n\n\n\n<p>Fa\u021ba lui era palid\u0103, avea o barb\u0103 de c\u00e2teva zile \u0219i un bandaj improvizat la t\u00e2mpl\u0103. Hainele \u00eei erau murdare \u0219i \u0219ifonate, de parc\u0103 ar fi dormit \u00een ele mai multe zile.<\/p>\n\n\n\n<p>Tatiana nu mai putu rezista. Cu un strig\u0103t sf\u00e2\u0219ietor, se smulse din bra\u021bele norei \u0219i se arunc\u0103 spre fiul ei, \u00eempiedic\u00e2ndu-se \u00een propria rochie neagr\u0103. Sa\u0219a o prinse, \u0219i femeia sim\u021bi c\u0103ldura corpului s\u0103u, mirosul familiar, for\u021ba bra\u021belor care o \u021bineau \u2013 totul era real, teribil de real.<\/p>\n\n\n\n<p>\u201eFiul meu\u2026 fiul meu e viu\u2026\u201d hohotea ea, nevenindu-i s\u0103 cread\u0103, ating\u00e2ndu-i fa\u021ba cu m\u00e2inile tremur\u00e2nde. \u201eDar cine\u2026 cine e acolo?\u201d<\/p>\n\n\n\n<p>Mormane de coroane funerare, chipuri confuze, \u0219u\u0219oteli din ce \u00een ce mai sonore\u2026 Nimeni nu \u00een\u021belegea ce se \u00eent\u00e2mpl\u0103. Angaja\u021bii serviciilor funerare se opriser\u0103 din lucru, privind scena cu gura c\u0103scat\u0103. Olga, palid\u0103 ca un cear\u0219af, se apropia \u00eencet de so\u021bul ei, de parc\u0103 s-ar fi temut c\u0103 va disp\u0103rea.<\/p>\n\n\n\n<p>\u201eEra\u021bi siguri c\u0103 eu sunt acolo?\u201d \u00eentreb\u0103 Sa\u0219a, ar\u0103t\u00e2nd spre sicriu.<\/p>\n\n\n\n<p>Tatiana nu-l sl\u0103bea din \u00eembr\u0103\u021bi\u0219are, de parc\u0103 s-ar fi temut c\u0103 cineva i-l va lua iar\u0103\u0219i.<\/p>\n\n\n\n<p>\u201eMi-au spus\u2026 poli\u021bistul a venit\u2026 actele tale\u2026 totul era la el\u2026\u201d bolborosi ea printre lacrimi.<\/p>\n\n\n\n<p>Olga ajunse l\u00e2ng\u0103 ei, \u0219i pentru o clip\u0103 cei trei r\u0103maser\u0103 \u00eembr\u0103\u021bi\u0219a\u021bi, form\u00e2nd un cerc str\u00e2ns, izolat de mul\u021bimea uluit\u0103.<\/p>\n\n\n\n<p>Apoi Olga se desprinse \u0219i se \u00eendrept\u0103 spre sicriu cu pa\u0219i hot\u0103r\u00e2\u021bi.<\/p>\n\n\n\n<p>\u201eVreau s\u0103 v\u0103d,\u201d spuse ea.<\/p>\n\n\n\n<p>Lucr\u0103torii de la pompe funebre schimbar\u0103 priviri confuze.<\/p>\n\n\n\n<p>\u201eDoamn\u0103, nu e recomandabil\u2026\u201d<\/p>\n\n\n\n<p>Dar Olga era deja l\u00e2ng\u0103 sicriu, cu m\u00e2inile pe capacul pe jum\u0103tate deschis.<\/p>\n\n\n\n<p>\u201eAjuta\u021bi-m\u0103,\u201d spuse ea ferm.<\/p>\n\n\n\n<p>Doi b\u0103rba\u021bi se apropiar\u0103 \u0219i deschiser\u0103 complet capacul, iar mul\u021bimea scoase un oftat colectiv.<\/p>\n\n\n\n<p>\u00cen sicriu se afla un b\u0103rbat care sem\u0103na izbitor cu Sa\u0219a \u2013 aceea\u0219i statur\u0103, aceea\u0219i form\u0103 a fe\u021bei, acela\u0219i p\u0103r \u0219aten. Dar c\u00e2nd Tatiana se apropie, sprijinit\u0103 de fiul ei adev\u0103rat, \u00een\u021belese imediat \u2013 nu era Sa\u0219a al ei. Asem\u0103narea era izbitoare, dar ochii erau pu\u021bin mai apropia\u021bi, nasul mai lung, \u0219i avea o cicatrice mic\u0103 deasupra spr\u00e2ncenei drepte, pe care fiul ei nu o avea.<\/p>\n\n\n\n<p>\u201eDoamne Dumnezeule,\u201d \u0219opti Olga, f\u0103c\u00e2ndu-\u0219i cruce. \u201eCine e acest om?\u201d<\/p>\n\n\n\n<p>\u00cenainte ca cineva s\u0103 poat\u0103 r\u0103spunde, un ofi\u021ber de poli\u021bie \u00ee\u0219i f\u0103cu loc prin mul\u021bime.<\/p>\n\n\n\n<p>\u201eCe se \u00eent\u00e2mpl\u0103 aici?\u201d \u00eentreb\u0103 el, oprindu-se brusc c\u00e2nd \u00eel v\u0103zu pe Sa\u0219a. \u201eDumnezeule mare\u2026\u201d<\/p>\n\n\n\n<p>\u201eLocotenent Dima,\u201d spuse Sa\u0219a, recunosc\u00e2ndu-l pe poli\u021bistul local. \u201eSe pare c\u0103 am ratat propria \u00eenmorm\u00e2ntare.\u201d<\/p>\n\n\n\n<p>Zece minute mai t\u00e2rziu, toat\u0103 lumea era \u00een curtea cimitirului. \u00cenmorm\u00e2ntarea fusese suspendat\u0103, iar sicriul acoperit cu o p\u00e2nz\u0103. Poli\u021bistul vorbea \u00een sta\u021bie, cer\u00e2nd \u00eent\u0103riri \u0219i o echip\u0103 de identificare, \u00een timp ce Sa\u0219a, acum a\u0219ezat pe o banc\u0103, cu mama \u0219i so\u021bia de o parte \u0219i de alta, \u00eencerca s\u0103 explice ce se \u00eent\u00e2mplase.<\/p>\n\n\n\n<p>\u201eAm fost \u00een p\u0103dure, la cabana lui Tudor, unde a fost petrecerea companiei. C\u00e2nd to\u021bi au plecat, am r\u0103mas s\u0103 str\u00e2ng \u0219i s\u0103 \u00eenchid. Era t\u00e2rziu, ploua, \u0219i am decis s\u0103 r\u0103m\u00e2n peste noapte.\u201d<\/p>\n\n\n\n<p>Vocea lui era \u00eenc\u0103 slab\u0103, \u0219i Tatiana observ\u0103 o paloare nefireasc\u0103 pe fa\u021ba lui.<\/p>\n\n\n\n<p>\u201eDiminea\u021ba, c\u00e2nd m-am trezit, am auzit zgomote afar\u0103. C\u00e2nd am ie\u0219it, am v\u0103zut un b\u0103rbat care se chinuia s\u0103-mi porneasc\u0103 ma\u0219ina. Avea haina mea pe el \u0219i geanta mea. Cred c\u0103 a intrat \u00een caban\u0103 \u00een timpul nop\u021bii \u0219i mi-a luat lucrurile, inclusiv actele.\u201d<\/p>\n\n\n\n<p>\u201eDe ce nu ne-ai sunat?\u201d \u00eentreb\u0103 Olga, \u021bin\u00e2ndu-l str\u00e2ns de m\u00e2n\u0103.<\/p>\n\n\n\n<p>\u201eAm alergat s\u0103-l opresc, dar c\u00e2nd m-a v\u0103zut, a accelerat brusc. Am s\u0103rit s\u0103-l prind, m-am ag\u0103\u021bat de ma\u0219in\u0103, \u0219i el a \u00eenceput s\u0103 conduc\u0103 haotic, \u00eencerc\u00e2nd s\u0103 m\u0103 scuture. Apoi\u2026 a pierdut controlul. Ma\u0219ina a ie\u0219it de pe drum \u0219i s-a r\u0103sturnat \u00eentr-o r\u00e2p\u0103.\u201d<\/p>\n\n\n\n<p>Tatiana \u00ee\u0219i duse m\u00e2na la gur\u0103, \u00een\u021beleg\u00e2nd brusc.<\/p>\n\n\n\n<p>\u201eM-am lovit la cap \u00een c\u0103dere \u0219i am pierdut cuno\u0219tin\u021ba. C\u00e2nd m-am trezit, eram pe jum\u0103tate aruncat din ma\u0219in\u0103, iar el\u2026 el era zdrobit sub volan, mort. Era \u00eembr\u0103cat cu hainele mele, avea portofelul meu\u2026\u201d<\/p>\n\n\n\n<p>\u201eIar noi l-am identificat ca fiind tu,\u201d complet\u0103 locotenentul, care se apropiase s\u0103 asculte. \u201eAccidentul a fost violent, fa\u021ba era\u2026 greu de recunoscut. Am g\u0103sit actele tale \u00een buzunarul lui. Ma\u0219ina era a ta. Totul indica c\u0103 tu erai.\u201d<\/p>\n\n\n\n<p>\u201eCum ai supravie\u021buit at\u00e2tea zile \u00een p\u0103dure?\u201d \u00eentreb\u0103 Tatiana, nevenindu-i s\u0103 cread\u0103 c\u0103 fiul ei st\u0103tuse r\u0103t\u0103cit at\u00e2ta timp, \u00een timp ce ea \u00eel pl\u00e2ngea mort.<\/p>\n\n\n\n<p>\u201eO familie de ciobani m-a g\u0103sit \u0219i m-a ad\u0103postit. Eram confuz, nu-mi aminteam cine sunt. Abia azi-diminea\u021b\u0103 mi-a revenit memoria. Mi-au spus c\u0103 \u00een sat se vorbe\u0219te despre un accident mortal, \u0219i am avut un presentiment teribil\u2026\u201d<\/p>\n\n\n\n<p>Olga \u00eencepu s\u0103 pl\u00e2ng\u0103 \u00een hohote, iar Tatiana o lu\u0103 \u00een bra\u021be, \u00eencerc\u00e2nd s\u0103 o lini\u0219teasc\u0103, de\u0219i propriile lacrimi curgeau necontrolat.<\/p>\n\n\n\n<p>\u201eCine era el?\u201d \u00eentreb\u0103 Olga printre lacrimi. \u201eCine e omul din sicriu?\u201d<\/p>\n\n\n\n<p>\u201eNu \u0219tim \u00eenc\u0103,\u201d r\u0103spunse poli\u021bistul. \u201eDar vom afla. Important e c\u0103 so\u021bul t\u0103u e viu, doamn\u0103 Olga.\u201d<\/p>\n\n\n\n<p>Oamenii \u00eencepuser\u0103 s\u0103 se disperseze, unii plecau, dar cei mai mul\u021bi r\u0103m\u00e2neau, \u0219u\u0219otind \u00eentre ei, \u00eenc\u0103 nevenindu-le s\u0103 cread\u0103 la ce spectacol incredibil asistaser\u0103.<\/p>\n\n\n\n<p>\u201eTrebuie s\u0103 mergi la spital,\u201d spuse Tatiana, observ\u00e2nd c\u0103 bandajul de la t\u00e2mpla fiului s\u0103u era plin de s\u00e2nge. \u201eAi o ran\u0103 ur\u00e2t\u0103 acolo.\u201d<\/p>\n\n\n\n<p>\u201eVin \u0219i eu,\u201d ad\u0103ug\u0103 Olga, \u0219terg\u00e2ndu-\u0219i lacrimile \u0219i \u00eencerc\u00e2nd s\u0103 z\u00e2mbeasc\u0103. \u201e\u0218i nu te mai scap din ochi niciodat\u0103.\u201d<\/p>\n\n\n\n<p>\u00cen acea sear\u0103, dup\u0103 ce medicii \u00eel examinar\u0103 pe Sa\u0219a \u0219i \u00eel panser\u0103 corespunz\u0103tor \u2013 constat\u00e2nd c\u0103 suferise o contuzie sever\u0103, dar f\u0103r\u0103 consecin\u021be grave \u2013 familia era reunit\u0103 \u00een casa Tatianei. Vecinii \u0219i rudele veneau \u00een flux continuu, nevenindu-le s\u0103 cread\u0103 \u201emiracolul\u201d, aduc\u00e2nd m\u00e2ncare \u0219i b\u0103utur\u0103, transform\u00e2nd ce ar fi trebuit s\u0103 fie o poman\u0103 funerar\u0103 \u00eentr-o s\u0103rb\u0103toare a vie\u021bii.<\/p>\n\n\n\n<p>\u201eE ca \u0219i cum te-ai fi n\u0103scut a doua oar\u0103,\u201d spuse Tatiana, m\u00e2ng\u00e2indu-i p\u0103rul fiului ei, a\u0219a cum f\u0103cea c\u00e2nd era mic.<\/p>\n\n\n\n<p>\u201eC\u00e2nd am v\u0103zut sicriul\u2026\u201d Sa\u0219a se cutremur\u0103. \u201eAm crezut c\u0103 \u00eennebunesc. Era ca \u0219i cum m\u0103 uitam la propria moarte.\u201d<\/p>\n\n\n\n<p>Olga, care nu se dezlipise de so\u021bul ei toat\u0103 ziua, \u00eel str\u00e2nse \u0219i mai tare de m\u00e2n\u0103.<\/p>\n\n\n\n<p>\u201eCine crezi c\u0103 era?\u201d \u00eentreb\u0103 ea \u00een \u0219oapt\u0103. \u201eMedicul legist a spus c\u0103 nu avea niciun act de identitate asupra lui, \u00een afar\u0103 de ale tale.\u201d<\/p>\n\n\n\n<p>\u201ePoli\u021bistul mi-a spus c\u0103 ar putea fi un evadat de la \u00eenchisoarea regional\u0103,\u201d r\u0103spunse Sa\u0219a. \u201eSe pare c\u0103 lipsesc c\u00e2\u021biva de\u021binu\u021bi dup\u0103 revolta de s\u0103pt\u0103m\u00e2na trecut\u0103. Probabil c\u0103uta un mijloc de transport \u0219i a g\u0103sit cabana \u0219i ma\u0219ina mea\u2026\u201d<\/p>\n\n\n\n<p>\u201eDumnezeu s\u0103-l ierte,\u201d spuse Tatiana, f\u0103c\u00e2ndu-\u0219i cruce. \u201eOricine ar fi fost, a murit o fiin\u021b\u0103 uman\u0103.\u201d<\/p>\n\n\n\n<p>\u201e\u0218i familia lui va primi vestea pe care noi am primit-o zilele trecute,\u201d ad\u0103ug\u0103 Olga, cu ochii din nou umezi. \u201eE \u00eengrozitor.\u201d<\/p>\n\n\n\n<p>Sa\u0219a r\u0103mase t\u0103cut pentru un moment, apoi spuse:<\/p>\n\n\n\n<p>\u201e\u0218ti\u021bi ce am realizat? C\u00e2t de fragile sunt toate. Via\u021ba, identitatea, certitudinile noastre\u2026 Totul se poate schimba \u00eentr-o clip\u0103. M-am uitat la sicriul acela \u0219i m-am v\u0103zut pe mine. Pentru c\u00e2teva zile, eu&nbsp;<em>am fost<\/em>&nbsp;mort pentru toat\u0103 lumea.\u201d<\/p>\n\n\n\n<p>Tatiana \u00eel str\u00e2nse de um\u0103r.<\/p>\n\n\n\n<p>\u201eImportant e c\u0103 acum e\u0219ti aici, cu noi. \u0218i te rog, nu mai pleca niciodat\u0103 singur la cabana aceea. Niciodat\u0103!\u201d<\/p>\n\n\n\n<p>Sa\u0219a z\u00e2mbi slab.<\/p>\n\n\n\n<p>\u201ePromit, mam\u0103.\u201d<\/p>\n\n\n\n<p>Mai t\u00e2rziu, c\u00e2nd majoritatea vizitatorilor plecaser\u0103, \u0219i Sa\u0219a adormise epuizat pe canapeaua din sufragerie, Tatiana \u0219i Olga st\u0103teau la mas\u0103, b\u00e2nd ceai \u00een t\u0103cere.<\/p>\n\n\n\n<p>\u201e\u0218tii,\u201d spuse Olga \u00eencet, \u201easear\u0103 am visat c\u0103 Sa\u0219a \u00eemi spunea s\u0103 nu-l pl\u00e2ng, c\u0103 e bine unde e. M-am trezit pl\u00e2ng\u00e2nd. \u0218i acum\u2026 e aici, doarme \u00een camera al\u0103turat\u0103.\u201d<\/p>\n\n\n\n<p>\u201eC\u00e2nd am v\u0103zut sicriul azi-diminea\u021b\u0103,\u201d \u0219opti Tatiana, \u201eam sim\u021bit c\u0103 o parte din mine moare odat\u0103 cu el. Eram preg\u0103tit\u0103 s\u0103 m\u0103 \u00eentind pe morm\u00e2ntul lui \u0219i s\u0103 mor acolo. \u0218i apoi\u2026\u201d<\/p>\n\n\n\n<p>\u201eUn miracol,\u201d complet\u0103 Olga. \u201eCel mai mare miracol.\u201d<\/p>\n\n\n\n<p>Afar\u0103 se \u00eentunecase, \u0219i prin fereastr\u0103 se vedeau stelele str\u0103lucind pe cerul clar. Undeva, departe, o familie primea vestea tragic\u0103 pe care ele o primiser\u0103 cu c\u00e2teva zile \u00een urm\u0103. Undeva, o alt\u0103 mam\u0103 pl\u00e2ngea pierderea fiului ei. Dar aici, \u00een aceast\u0103 cas\u0103 care cu c\u00e2teva ore \u00een urm\u0103 era cufundat\u0103 \u00een doliu, via\u021ba triumfase asupra mor\u021bii, iar bucuria re\u00eent\u00e2lnirii \u00eenvinsese durerea pierderii.<\/p>\n\n\n\n<p>\u201eM\u00e2ine vom merge la biseric\u0103,\u201d spuse Tatiana, f\u0103c\u00e2ndu-\u0219i cruce. \u201eVom aprinde lum\u00e2n\u0103ri pentru sufletul celui necunoscut \u0219i vom mul\u021bumi pentru via\u021ba lui Sa\u0219a.\u201d<\/p>\n\n\n\n<p>Olga \u00eencuviin\u021b\u0103, \u0219i cele dou\u0103 femei r\u0103maser\u0103 a\u0219a, \u00een lini\u0219tea nop\u021bii, veghindu-l pe cel pe care \u00eel crezuser\u0103 pierdut pentru totdeauna \u0219i care, printr-o r\u0103sturnare incredibil\u0103 de situa\u021bie, le fusese redat.<\/p>\n\n\n\n<p>Via\u021ba, cu toate complexit\u0103\u021bile \u0219i r\u0103sturn\u0103rile ei de situa\u021bie, le oferise cea mai pre\u021bioas\u0103 lec\u021bie: s\u0103 pre\u021buiasc\u0103 fiecare moment, fiecare \u00eembr\u0103\u021bi\u0219are, fiecare cuv\u00e2nt \u2013 pentru c\u0103 nimeni nu \u0219tie c\u00e2nd toate acestea ar putea fi luate pentru totdeauna.<\/p>\n\n\n\n<p><strong>Dac\u0103 \u021bi-a pl\u0103cut povestea, nu uita s\u0103 o distribui cu prietenii t\u0103i! \u00cempreun\u0103 putem duce mai departe emo\u021bia \u0219i inspira\u021bia.<\/strong><\/p>\n","protected":false},"excerpt":{"rendered":"<p>De sub arborele masiv de stejar, un b\u0103rbat \u00eenalt se apropia cu pa\u0219i \u0219ov\u0103ielnici. P\u0103rea c\u0103 nu \u00een\u021belege ce se \u00eent\u00e2mpl\u0103, ochii s\u0103i r\u0103t\u0103ceau de<\/p>\n","protected":false},"author":1,"featured_media":38334,"comment_status":"closed","ping_status":"closed","sticky":false,"template":"","format":"standard","meta":[],"categories":[1],"tags":[],"_links":{"self":[{"href":"https:\/\/calatorinromania.com\/index.php?rest_route=\/wp\/v2\/posts\/38359"}],"collection":[{"href":"https:\/\/calatorinromania.com\/index.php?rest_route=\/wp\/v2\/posts"}],"about":[{"href":"https:\/\/calatorinromania.com\/index.php?rest_route=\/wp\/v2\/types\/post"}],"author":[{"embeddable":true,"href":"https:\/\/calatorinromania.com\/index.php?rest_route=\/wp\/v2\/users\/1"}],"replies":[{"embeddable":true,"href":"https:\/\/calatorinromania.com\/index.php?rest_route=%2Fwp%2Fv2%2Fcomments&post=38359"}],"version-history":[{"count":1,"href":"https:\/\/calatorinromania.com\/index.php?rest_route=\/wp\/v2\/posts\/38359\/revisions"}],"predecessor-version":[{"id":38360,"href":"https:\/\/calatorinromania.com\/index.php?rest_route=\/wp\/v2\/posts\/38359\/revisions\/38360"}],"wp:featuredmedia":[{"embeddable":true,"href":"https:\/\/calatorinromania.com\/index.php?rest_route=\/wp\/v2\/media\/38334"}],"wp:attachment":[{"href":"https:\/\/calatorinromania.com\/index.php?rest_route=%2Fwp%2Fv2%2Fmedia&parent=38359"}],"wp:term":[{"taxonomy":"category","embeddable":true,"href":"https:\/\/calatorinromania.com\/index.php?rest_route=%2Fwp%2Fv2%2Fcategories&post=38359"},{"taxonomy":"post_tag","embeddable":true,"href":"https:\/\/calatorinromania.com\/index.php?rest_route=%2Fwp%2Fv2%2Ftags&post=38359"}],"curies":[{"name":"wp","href":"https:\/\/api.w.org\/{rel}","templated":true}]}}