{"id":38356,"date":"2025-04-07T11:10:29","date_gmt":"2025-04-07T11:10:29","guid":{"rendered":"https:\/\/calatorinromania.com\/?p=38356"},"modified":"2025-04-07T11:10:30","modified_gmt":"2025-04-07T11:10:30","slug":"%f0%9f%8d%b3-omleta-sarata-la-cuptor-cu-legume-si-sunca","status":"publish","type":"post","link":"https:\/\/calatorinromania.com\/?p=38356","title":{"rendered":"\ud83c\udf73 Omlet\u0103 S\u0103rat\u0103 la Cuptor cu Legume \u0219i \u0218unc\u0103"},"content":{"rendered":"\n<h3><\/h3>\n\n\n\n<p><strong>Pufoas\u0103, aromat\u0103 \u0219i hr\u0103nitoare<\/strong> \u2013 aceast\u0103 omlet\u0103 e perfect\u0103 pentru micul dejun, brunch sau o cin\u0103 lejer\u0103. Se face u\u0219or, e plin\u0103 de legume \u0219i gust, \u0219i o po\u021bi adapta dup\u0103 cum \u00ee\u021bi place!<\/p>\n\n\n\n<p><\/p>\n\n\n\n<h2>\u23f1 Timp de preparare<\/h2>\n\n\n\n<ul>\n<li><strong>Preg\u0103tire:<\/strong> 15 minute<\/li>\n\n\n\n<li><strong>Coacere:<\/strong> 50 minute<\/li>\n\n\n\n<li><strong>Total:<\/strong> 1 or\u0103<\/li>\n\n\n\n<li><strong>Por\u021bii:<\/strong> 4<\/li>\n<\/ul>\n\n\n\n<p><\/p>\n\n\n\n<h2>\ud83e\uddfa Ingrediente<\/h2>\n\n\n\n<h3>Pentru compozi\u021bie:<\/h3>\n\n\n\n<ul>\n<li>4 ou\u0103<\/li>\n\n\n\n<li>100 ml lapte (\u00bd can\u0103)<\/li>\n\n\n\n<li>50 g br\u00e2nz\u0103 ras\u0103 (\u2153 can\u0103)<\/li>\n\n\n\n<li>130 g f\u0103in\u0103 (1 can\u0103)<\/li>\n\n\n\n<li>Sare, piper negru \u0219i boia \u2013 dup\u0103 gust<\/li>\n<\/ul>\n\n\n\n<p><\/p>\n\n\n\n<h3>Pentru umplutur\u0103:<\/h3>\n\n\n\n<ul>\n<li>1 ceap\u0103 (tocat\u0103 fin)<\/li>\n\n\n\n<li>1 morcov (ras)<\/li>\n\n\n\n<li>1 ardei gras (cubule\u021be)<\/li>\n\n\n\n<li>150 g ciuperci (tocat\u0103 m\u0103runt)<\/li>\n\n\n\n<li>2 c\u0103\u021bei de usturoi (m\u0103run\u021bi\u021bi)<\/li>\n\n\n\n<li>150 g \u0219unc\u0103 (cubule\u021be)<\/li>\n\n\n\n<li>Ceap\u0103 verde \u2013 pentru decor<\/li>\n\n\n\n<li>Ulei vegetal \u2013 pentru pr\u0103jit \u0219i uns tava<\/li>\n<\/ul>\n\n\n\n<p><\/p>\n\n\n\n<h2>\ud83e\uddd1\u200d\ud83c\udf73 Mod de preparare<\/h2>\n\n\n\n<p><\/p>\n\n\n\n<h3>1. Preg\u0103te\u0219te amestecul de ou\u0103<\/h3>\n\n\n\n<ul>\n<li>\u00centr-un bol mare, bate <strong>ou\u0103le<\/strong> cu <strong>laptele<\/strong>, <strong>br\u00e2nza<\/strong>, <strong>sarea<\/strong>, <strong>piperul<\/strong> \u0219i <strong>boiaua<\/strong>.<\/li>\n\n\n\n<li>Adaug\u0103 <strong>f\u0103ina<\/strong> \u0219i amestec\u0103 p\u00e2n\u0103 ob\u021bii o compozi\u021bie omogen\u0103.<\/li>\n<\/ul>\n\n\n\n<p><\/p>\n\n\n\n<h3>2. C\u0103le\u0219te legumele<\/h3>\n\n\n\n<ul>\n<li>\u00centr-o tigaie \u00eencins\u0103 cu pu\u021bin ulei, c\u0103le\u0219te <strong>ceapa<\/strong> p\u00e2n\u0103 se \u00eenmoaie.<\/li>\n\n\n\n<li>Adaug\u0103 <strong>morcovul<\/strong>, <strong>ardeiul<\/strong>, <strong>ciupercile<\/strong> \u0219i <strong>usturoiul<\/strong>. G\u0103te\u0219te 5 minute.<\/li>\n\n\n\n<li>Pune <strong>\u0219unca<\/strong> \u0219i condimenteaz\u0103 dup\u0103 gust. Amestec\u0103 bine.<\/li>\n<\/ul>\n\n\n\n<p><\/p>\n\n\n\n<h3>3. Asambleaz\u0103 omleta<\/h3>\n\n\n\n<ul>\n<li>Pre\u00eenc\u0103lze\u0219te cuptorul la <strong>180\u00b0C<\/strong>.<\/li>\n\n\n\n<li>Unge o tav\u0103 cu ulei.<\/li>\n\n\n\n<li>Pune legumele \u0219i \u0219unca \u00een tav\u0103, apoi toarn\u0103 amestecul de ou\u0103 deasupra.<\/li>\n\n\n\n<li>Presar\u0103 <strong>ceapa verde tocat\u0103<\/strong>.<\/li>\n<\/ul>\n\n\n\n<p><\/p>\n\n\n\n<h3>4. Coace<\/h3>\n\n\n\n<ul>\n<li>Coace omleta timp de <strong>50 de minute<\/strong>, p\u00e2n\u0103 se \u00eencheag\u0103 frumos \u0219i devine aurie.<\/li>\n\n\n\n<li>Las-o s\u0103 se r\u0103ceasc\u0103 pu\u021bin \u00eenainte de a o felia.<\/li>\n<\/ul>\n\n\n\n<p><\/p>\n\n\n\n<h2>\ud83c\udf7d Sugestii de servire<\/h2>\n\n\n\n<ul>\n<li>Cu p\u00e2ine pr\u0103jit\u0103 \u0219i o salat\u0103 verde.<\/li>\n\n\n\n<li>Cu iaurt grecesc sau sm\u00e2nt\u00e2n\u0103 pentru un plus de cremozitate.<\/li>\n\n\n\n<li>Cu un sos picant sau salsa \u2013 pentru un strop de intensitate!<\/li>\n<\/ul>\n\n\n\n<p><\/p>\n\n\n\n<h2>\ud83d\udcdd Tips &amp; Tricks<\/h2>\n\n\n\n<p>\u2705 Po\u021bi <strong>personaliza<\/strong> re\u021beta ad\u0103ug\u00e2nd:<\/p>\n\n\n\n<ul>\n<li>spanac<\/li>\n\n\n\n<li>m\u0103sline<\/li>\n\n\n\n<li>ca\u0219caval afumat<\/li>\n\n\n\n<li>c\u00e2rna\u021bi sau bacon<\/li>\n<\/ul>\n\n\n\n<p><\/p>\n\n\n\n<p>\ud83e\udd66 Pentru o variant\u0103 <strong>vegetarian\u0103<\/strong>, renun\u021b\u0103 la \u0219unc\u0103 \u0219i adaug\u0103 mai multe legume sau tofu.<br>\ud83c\udf31 Pentru o variant\u0103 <strong>f\u0103r\u0103 gluten<\/strong>, \u00eenlocuie\u0219te f\u0103ina cu f\u0103in\u0103 de migdale sau amidon de porumb.<br>\ud83c\udf31 Pentru o variant\u0103 <strong>f\u0103r\u0103 lactate<\/strong>, folose\u0219te lapte vegetal \u0219i br\u00e2nz\u0103 vegan\u0103.<\/p>\n\n\n\n<h2>\ud83d\udc9a De ce \u00ee\u021bi va pl\u0103cea aceast\u0103 re\u021bet\u0103?<\/h2>\n\n\n\n<ul>\n<li>U\u0219or de f\u0103cut, doar bagi la cuptor \u0219i gata.<\/li>\n\n\n\n<li>Ideal\u0103 pentru <strong>meal prep<\/strong> \u2013 o felie la mic dejun sau cin\u0103, chiar \u0219i rece!<\/li>\n\n\n\n<li>S\u0103\u021bioas\u0103, echilibrat\u0103, plin\u0103 de <strong>protein\u0103 \u0219i fibre<\/strong>.<\/li>\n\n\n\n<li>Se p\u0103streaz\u0103 perfect 2-3 zile \u00een frigider. Po\u021bi chiar congela por\u021bii!<\/li>\n<\/ul>\n\n\n\n<h2>\u2753 \u00centreb\u0103ri frecvente<\/h2>\n\n\n\n<p>\ud83d\udd38 <strong>Pot s\u0103 o congelez?<\/strong><br>Da! Por\u021bioneaz-o \u0219i congeleaz-o. Se re\u00eenc\u0103lze\u0219te perfect.<\/p>\n\n\n\n<p>\ud83d\udd38 <strong>Ce pot pune \u00een loc de f\u0103in\u0103?<\/strong><br>Amidon de porumb, f\u0103in\u0103 de migdale, sau orice alternativ\u0103 f\u0103r\u0103 gluten.<\/p>\n\n\n\n<p>\ud83d\udd38 <strong>Merge f\u0103r\u0103 \u0219unc\u0103?<\/strong><br>Absolut. Po\u021bi pune tofu sau doar mai multe legume.<\/p>\n\n\n\n<p>\ud83d\udd38 <strong>Pot folosi br\u00e2nz\u0103 extra?<\/strong><br>Sigur! Va fi \u0219i mai cremoas\u0103 \u0219i gustoas\u0103.<\/p>\n\n\n\n<h2>\u2728 Concluzie<\/h2>\n\n\n\n<p>Aceast\u0103 omlet\u0103 la cuptor este o alegere <strong>delicioas\u0103, simpl\u0103 \u0219i versatil\u0103<\/strong> \u2013 exact ce ai nevoie pentru o mas\u0103 rapid\u0103 \u0219i hr\u0103nitoare. \u00cencearc-o \u0219i spune-mi cum \u021bi-a ie\u0219it! \ud83d\udcac\ud83d\udc47<\/p>\n\n\n\n<p><\/p>\n","protected":false},"excerpt":{"rendered":"<p>Pufoas\u0103, aromat\u0103 \u0219i hr\u0103nitoare \u2013 aceast\u0103 omlet\u0103 e perfect\u0103 pentru micul dejun, brunch sau o cin\u0103 lejer\u0103. Se face u\u0219or, e plin\u0103 de legume \u0219i<\/p>\n","protected":false},"author":1,"featured_media":38357,"comment_status":"closed","ping_status":"closed","sticky":false,"template":"","format":"standard","meta":[],"categories":[1],"tags":[],"_links":{"self":[{"href":"https:\/\/calatorinromania.com\/index.php?rest_route=\/wp\/v2\/posts\/38356"}],"collection":[{"href":"https:\/\/calatorinromania.com\/index.php?rest_route=\/wp\/v2\/posts"}],"about":[{"href":"https:\/\/calatorinromania.com\/index.php?rest_route=\/wp\/v2\/types\/post"}],"author":[{"embeddable":true,"href":"https:\/\/calatorinromania.com\/index.php?rest_route=\/wp\/v2\/users\/1"}],"replies":[{"embeddable":true,"href":"https:\/\/calatorinromania.com\/index.php?rest_route=%2Fwp%2Fv2%2Fcomments&post=38356"}],"version-history":[{"count":1,"href":"https:\/\/calatorinromania.com\/index.php?rest_route=\/wp\/v2\/posts\/38356\/revisions"}],"predecessor-version":[{"id":38358,"href":"https:\/\/calatorinromania.com\/index.php?rest_route=\/wp\/v2\/posts\/38356\/revisions\/38358"}],"wp:featuredmedia":[{"embeddable":true,"href":"https:\/\/calatorinromania.com\/index.php?rest_route=\/wp\/v2\/media\/38357"}],"wp:attachment":[{"href":"https:\/\/calatorinromania.com\/index.php?rest_route=%2Fwp%2Fv2%2Fmedia&parent=38356"}],"wp:term":[{"taxonomy":"category","embeddable":true,"href":"https:\/\/calatorinromania.com\/index.php?rest_route=%2Fwp%2Fv2%2Fcategories&post=38356"},{"taxonomy":"post_tag","embeddable":true,"href":"https:\/\/calatorinromania.com\/index.php?rest_route=%2Fwp%2Fv2%2Ftags&post=38356"}],"curies":[{"name":"wp","href":"https:\/\/api.w.org\/{rel}","templated":true}]}}