{"id":38342,"date":"2025-04-07T09:44:14","date_gmt":"2025-04-07T09:44:14","guid":{"rendered":"https:\/\/calatorinromania.com\/?p=38342"},"modified":"2025-04-07T09:44:15","modified_gmt":"2025-04-07T09:44:15","slug":"sunt-cu-logodnicul-meu-de-sase-ani","status":"publish","type":"post","link":"https:\/\/calatorinromania.com\/?p=38342","title":{"rendered":"Sunt cu logodnicul meu de \u0219ase ani"},"content":{"rendered":"\n<h3>DISCLAIMER: Acest site este neutru din punct de vedere politic \u0219i nu sus\u021bine niciun partid sau ideologie politic\u0103.<\/h3>\n\n\n\n<p>Sunt cu logodnicul meu de \u0219ase ani \u0219i ar fi trebuit s\u0103 ne c\u0103s\u0103torim luna viitoare. Dar, \u00een timpul unei vizite la p\u0103rin\u021bii mei, el a descoperit un aspect ascuns al stilului lor de via\u021b\u0103, ceea ce l-a f\u0103cut s\u0103 pun\u0103 la \u00eendoial\u0103 \u0219i rela\u021bia noastr\u0103.<\/p>\n\n\n\n<p>Ne cunoa\u0219tem de nou\u0103 ani, iar p\u00e2n\u0103 acum totul p\u0103rea s\u0103 mearg\u0103 bine. Am planificat s\u0103-l prezint unei p\u0103r\u021bi din familia mea extins\u0103 \u00eenainte de nunt\u0103, iar p\u0103rin\u021bii mei s-au oferit s\u0103 ne g\u0103zduiasc\u0103 \u00een camera mea de copil\u0103rie pentru c\u00e2teva zile.<\/p>\n\n\n\n<p>De\u0219i logodnicul meu, Adam, voia s\u0103 st\u0103m la hotel, eu m-am g\u00e2ndit c\u0103 ar fi distractiv s\u0103-i ar\u0103t camera mea veche \u0219i s\u0103 petrecem timpul \u00eempreun\u0103 cu p\u0103rin\u021bii mei pentru ultima dat\u0103 \u00eenainte de a ne c\u0103s\u0103tori.<\/p>\n\n\n\n<p>\u201eNu v\u0103d de ce s\u0103 st\u0103m \u00een casa copil\u0103riei tale ar schimba ceva,\u201d mi-a spus Adam \u00een timp ce \u00eempachetam pentru c\u0103l\u0103torie.<\/p>\n\n\n\n<p>\u201ePentru c\u0103 va fi ultima oar\u0103 c\u00e2nd voi mai fi cu p\u0103rin\u021bii mei \u00eenainte s\u0103 devin so\u021bie. E un moment special,\u201d i-am r\u0103spuns.<\/p>\n\n\n\n<p>Adam a acceptat, spun\u00e2nd c\u0103, dac\u0103 devine inconfortabil, va merge la hotel. Nici unul dintre noi nu se a\u0219tepta \u00eens\u0103 la ceea ce urma s\u0103 se \u00eent\u00e2mple. Am ajuns la p\u0103rin\u021bii mei, unde am fost \u00eent\u00e2mpina\u021bi cu entuziasm, iar mama \u0219i m\u0103tu\u0219a mea au preg\u0103tit o cin\u0103 special\u0103. Totul p\u0103rea s\u0103 decurg\u0103 bine p\u00e2n\u0103 c\u00e2nd, \u00een mijlocul nop\u021bii, Adam s-a trezit nelini\u0219tit.<\/p>\n\n\n\n<p>Nu reu\u0219ea s\u0103 adoarm\u0103 \u0219i, la sugestia mea, a ie\u0219it s\u0103 ia pu\u021bin aer. \u00cens\u0103, la scurt timp, un \u021bip\u0103t a spart lini\u0219tea nop\u021bii. M-am ridicat speriat\u0103 din pat, iar c\u00e2nd am ajuns la Adam, era plin de furie \u0219i \u0219ocat.<\/p>\n\n\n\n<p>\u201eNu pot s\u0103 cred,\u201d a strigat el. \u201eMama ta! Am v\u0103zut-o s\u0103rut\u00e2nd un alt b\u0103rbat \u00een hol!\u201d<\/p>\n\n\n\n<p>Am \u00eencercat s\u0103-l lini\u0219tesc, dar Adam era furios. \u0218i-a imaginat imediat ce ar crede tat\u0103l meu despre asta \u0219i a cerut s\u0103-l chem imediat. Dar situa\u021bia era mult mai complex\u0103 dec\u00e2t p\u0103rea. P\u0103rin\u021bii mei aveau o c\u0103snicie neconven\u021bional\u0103, iar eu \u0219tiam acest lucru de mult timp.<\/p>\n\n\n\n<p>Adam, \u00eens\u0103, nu putea \u00een\u021belege acest lucru. A sim\u021bit c\u0103 i-am ascuns un secret important \u0219i a \u00eenceput s\u0103-\u0219i pun\u0103 la \u00eendoial\u0103 \u00eencrederea \u00een mine. A plecat \u00eentr-un hotel, iar restul nop\u021bii l-am petrecut pl\u00e2ng\u00e2nd, sim\u021bindu-m\u0103 cople\u0219it\u0103 de consecin\u021bele alegerilor p\u0103rin\u021bilor mei asupra propriei rela\u021bii.<\/p>\n\n\n\n<p>De\u0219i am \u00eencercat s\u0103-i explic c\u0103 eu nu \u00eemp\u0103rt\u0103\u0219esc acela\u0219i stil de via\u021b\u0103 \u0219i c\u0103 nu va trebui s\u0103 ne confrunt\u0103m cu astfel de probleme \u00een viitor, Adam avea nevoie de timp s\u0103 proceseze totul. Am decis s\u0103 lu\u0103m o pauz\u0103 \u00een rela\u021bia noastr\u0103, dar \u00eenc\u0103 mai sper c\u0103, cu \u00een\u021belegere \u0219i r\u0103bdare, vom reu\u0219i s\u0103 ne reg\u0103sim.<\/p>\n\n\n\n<p>De\u0219i povestea noastr\u0103 de dragoste nu s-a terminat, viitorul r\u0103m\u00e2ne incert. <\/p>\n","protected":false},"excerpt":{"rendered":"<p>DISCLAIMER: Acest site este neutru din punct de vedere politic \u0219i nu sus\u021bine niciun partid sau ideologie politic\u0103. Sunt cu logodnicul meu de \u0219ase ani<\/p>\n","protected":false},"author":1,"featured_media":38334,"comment_status":"closed","ping_status":"closed","sticky":false,"template":"","format":"standard","meta":[],"categories":[1],"tags":[],"_links":{"self":[{"href":"https:\/\/calatorinromania.com\/index.php?rest_route=\/wp\/v2\/posts\/38342"}],"collection":[{"href":"https:\/\/calatorinromania.com\/index.php?rest_route=\/wp\/v2\/posts"}],"about":[{"href":"https:\/\/calatorinromania.com\/index.php?rest_route=\/wp\/v2\/types\/post"}],"author":[{"embeddable":true,"href":"https:\/\/calatorinromania.com\/index.php?rest_route=\/wp\/v2\/users\/1"}],"replies":[{"embeddable":true,"href":"https:\/\/calatorinromania.com\/index.php?rest_route=%2Fwp%2Fv2%2Fcomments&post=38342"}],"version-history":[{"count":1,"href":"https:\/\/calatorinromania.com\/index.php?rest_route=\/wp\/v2\/posts\/38342\/revisions"}],"predecessor-version":[{"id":38343,"href":"https:\/\/calatorinromania.com\/index.php?rest_route=\/wp\/v2\/posts\/38342\/revisions\/38343"}],"wp:featuredmedia":[{"embeddable":true,"href":"https:\/\/calatorinromania.com\/index.php?rest_route=\/wp\/v2\/media\/38334"}],"wp:attachment":[{"href":"https:\/\/calatorinromania.com\/index.php?rest_route=%2Fwp%2Fv2%2Fmedia&parent=38342"}],"wp:term":[{"taxonomy":"category","embeddable":true,"href":"https:\/\/calatorinromania.com\/index.php?rest_route=%2Fwp%2Fv2%2Fcategories&post=38342"},{"taxonomy":"post_tag","embeddable":true,"href":"https:\/\/calatorinromania.com\/index.php?rest_route=%2Fwp%2Fv2%2Ftags&post=38342"}],"curies":[{"name":"wp","href":"https:\/\/api.w.org\/{rel}","templated":true}]}}