{"id":38190,"date":"2025-03-30T08:47:58","date_gmt":"2025-03-30T08:47:58","guid":{"rendered":"https:\/\/calatorinromania.com\/?p=38190"},"modified":"2025-03-30T08:47:58","modified_gmt":"2025-03-30T08:47:58","slug":"stewardesele-nu-lasau-bunica-sa-intre-la-clasa-business-a-avionului","status":"publish","type":"post","link":"https:\/\/calatorinromania.com\/?p=38190","title":{"rendered":"Stewardesele nu l\u0103sau bunica s\u0103 intre la clasa business a avionului"},"content":{"rendered":"\n<p><strong>DISCLAIMER: Acest site este neutru din punct de vedere politic \u0219i nu sus\u021bine niciun partid sau ideologie politic\u0103.<\/strong><\/p>\n\n\n\n<p>Stewardesa care era mai aproape s-a aplecat automat s\u0103 ridice fotografia, dar c\u00e2nd a v\u0103zut imaginea, a r\u0103mas cu m\u00e2na \u00een aer. Al\u0103turi de ea, \u0219eful serviciului de securitate s-a oprit brusc.<\/p>\n\n\n\n<p>\u00cen fotografie, o t\u00e2n\u0103r\u0103 frumoas\u0103 \u00een uniform\u0103 de pilot st\u0103tea l\u00e2ng\u0103 un avion de lupt\u0103, cu casca sub bra\u021b \u0219i un z\u00e2mbet larg pe fa\u021b\u0103. Era o fotografie veche, alb-negru, dar calitatea era remarcabil\u0103. \u00cen col\u021bul din dreapta jos, cineva scrisese de m\u00e2n\u0103: \u201eMaria Vasilescu, primul pilot feminin al Escadrilei de V\u00e2n\u0103toare, 1952\u201d.<\/p>\n\n\n\n<p>\u201eAcesta\u2026 acesta este un MiG-15?\u201d a \u00eentrebat \u0219eful securit\u0103\u021bii, cu vocea schimbat\u0103.<\/p>\n\n\n\n<p>Maria \u0219i-a \u0219ters lacrimile \u0219i a dat din cap. \u201eDa. Am fost \u00een prima promo\u021bie de femei pilot militar dup\u0103 r\u0103zboi. Aveam dou\u0103zeci \u0219i trei de ani atunci.\u201d<\/p>\n\n\n\n<p>Un murmur a str\u0103b\u0103tut cabina. Pasagerii care fuseser\u0103 at\u00e2t de vocali cu c\u00e2teva minute \u00een urm\u0103 au t\u0103cut brusc, majoritatea evit\u00e2nd acum s\u0103 o priveasc\u0103 pe b\u0103tr\u00e2n\u0103.<\/p>\n\n\n\n<p>Stewardesa i-a \u00eentins fotografia cu m\u00e2ini tremur\u00e2nde. \u201e\u00cemi cer scuze, doamn\u0103. Nu \u0219tiam\u2026\u201d<\/p>\n\n\n\n<p>\u201eNormal c\u0103 nu \u0219tiai, draga mea\u201d, a spus Maria, lu\u00e2nd fotografia cu delicate\u021be. \u201eNimeni nu \u0219tie. Azi, c\u00e2nd vezi o b\u0103tr\u00e2n\u0103 \u00eembr\u0103cat\u0103 modest, presupui c\u0103 e doar o bunicu\u021b\u0103 obi\u0219nuit\u0103 care ar trebui s\u0103 stea acas\u0103 \u0219i s\u0103 fac\u0103 pr\u0103jituri.\u201d<\/p>\n\n\n\n<p>B\u0103rbatul care st\u0103tea l\u00e2ng\u0103 ea \u0219i care protestase cel mai vehement a privit \u00een p\u0103m\u00e2nt, vizibil st\u00e2njenit.<\/p>\n\n\n\n<p>C\u0103pitanul avionului, anun\u021bat discret de una dintre stewardese despre situa\u021bie, a ap\u0103rut la intrarea \u00een cabin\u0103.<\/p>\n\n\n\n<p>\u201eDoamn\u0103 Vasilescu?\u201d a \u00eentrebat el, apropiindu-se. \u201eEste o onoare s\u0103 v\u0103 am la bord. A\u0219 dori s\u0103 v\u0103 invit \u00een cabina de pilotaj \u00eenainte de decolare, dac\u0103 v\u0103 face pl\u0103cere.\u201d<\/p>\n\n\n\n<p>Maria a z\u00e2mbit, un z\u00e2mbet care p\u0103rea s\u0103 o \u00eentinereasc\u0103 cu decenii. \u201eCu drag\u0103 pl\u0103cere, c\u0103pitane.\u201d<\/p>\n\n\n\n<p>\u00cen timp ce stewardesa o conducea pe Maria spre cabina de pilotaj, pasagerii au \u00eenceput s\u0103 \u0219u\u0219oteasc\u0103 \u00eentre ei. B\u0103rbatul de l\u00e2ng\u0103 locul ei s-a ridicat brusc.<\/p>\n\n\n\n<p>\u201eA\u0219tepta\u021bi! Doamn\u0103 Vasilescu, v\u0103 rog s\u0103 m\u0103 ierta\u021bi. Am fost nepoliticos \u0219i prejudec\u0103tor. V\u0103 rog, accepta\u021bi-mi scuzele.\u201d<\/p>\n\n\n\n<p>Maria s-a oprit \u0219i s-a \u00eentors spre el. \u201eSunt obi\u0219nuit\u0103, tinere. Oamenii judec\u0103 dup\u0103 aparen\u021be. \u00centotdeauna au f\u0103cut-o.\u201d<\/p>\n\n\n\n<p>\u201ePot s\u0103 v\u0103 \u00eentreb\u2026 de ce zbura\u021bi azi?\u201d a intervenit o femeie din primul r\u00e2nd.<\/p>\n\n\n\n<p>Maria a ezitat, apoi a scos din geant\u0103 o alt\u0103 fotografie. Era mai recent\u0103 \u0219i \u00eel ar\u0103ta pe un b\u0103rbat \u00een v\u00e2rst\u0103 \u00eentr-un pat de spital.<\/p>\n\n\n\n<p>\u201eSo\u021bul meu, Constantin. A fost \u0219i el pilot. Ne-am cunoscut \u00een armat\u0103. Am petrecut \u0219aizeci de ani \u00eempreun\u0103.\u201d Vocea ei a devenit mai joas\u0103. \u201eA avut un accident vascular acum dou\u0103 luni. Este \u00eentr-un spital specializat din Viena. Azi e aniversarea noastr\u0103 de c\u0103s\u0103torie \u2013 \u0219aizeci \u0219i cinci de ani. I-am promis c\u0103 voi fi acolo.\u201d<\/p>\n\n\n\n<p>Un moment de t\u0103cere a cuprins cabina. Apoi, ca la un semnal nev\u0103zut, un b\u0103rbat din spate a \u00eenceput s\u0103 aplaude. La \u00eenceput ezitant, apoi tot mai mul\u021bi pasageri s-au al\u0103turat, p\u00e2n\u0103 c\u00e2nd \u00eentreaga clas\u0103 business a izbucnit \u00een aplauze.<\/p>\n\n\n\n<p>\u201eV\u0103 rug\u0103m, lua\u021bi-v\u0103 locul, doamn\u0103 Vasilescu\u201d, a spus b\u0103rbatul care protestase ini\u021bial. \u201eEste privilegiul nostru s\u0103 zbur\u0103m al\u0103turi de dumneavoastr\u0103.\u201d<\/p>\n\n\n\n<p>Maria a z\u00e2mbit din nou \u0219i s-a \u00eendreptat spre cabina de pilotaj, unde c\u0103pitanul o a\u0219tepta. \u00cen timp ce se \u00eendep\u0103rta pe culoar, pasagerii au putut observa spatele ei drept ca o sc\u00e2ndur\u0103, \u00een ciuda v\u00e2rstei \u00eenaintate \u2013 postura unei femei care sfidase gravita\u021bia \u0219i prejudec\u0103\u021bile \u00eentreaga ei via\u021b\u0103.<\/p>\n\n\n\n<p>\u00cen cabina de pilotaj, c\u0103pitanul a invitat-o s\u0103 se a\u0219eze \u00een scaunul din dreapta.<\/p>\n\n\n\n<p>\u201eEste adev\u0103rat c\u0103 a\u021bi pilotat MiG-15? Trebuie s\u0103 fi fost una dintre primele femei pilot militar din \u021bara noastr\u0103\u201d, a spus el, cu admira\u021bie evident\u0103 \u00een voce.<\/p>\n\n\n\n<p>Maria a atins u\u0219or tabloul de bord al avionului modern, at\u00e2t de diferit de cel pe care-l cuno\u0219tea ea.<\/p>\n\n\n\n<p>\u201eEram \u0219ase fete, toate sub dou\u0103zeci \u0219i cinci de ani. Nimeni nu credea c\u0103 putem face fa\u021b\u0103. Instructorii no\u0219tri erau pilo\u021bi sovietici care ne tratau ca pe ni\u0219te curiozit\u0103\u021bi amuzante.\u201d A z\u00e2mbit la amintire. \u201eP\u00e2n\u0103 c\u00e2nd i-am \u00eenvins pe to\u021bi la acroba\u021bie aerian\u0103.\u201d<\/p>\n\n\n\n<p>\u201eCum a\u021bi ajuns pilot?\u201d a \u00eentrebat copilotul, fascinat.<\/p>\n\n\n\n<p>\u201eTat\u0103l meu a fost mecanic de avia\u021bie \u00een primul r\u0103zboi mondial. Mi-a construit un planor c\u00e2nd aveam zece ani. La cincisprezece ani, pilotam deja.\u201d Ochii ei alba\u0219tri, \u00eenc\u0103 vii \u0219i str\u0103lucitori, s-au pierdut pentru o clip\u0103 \u00een amintiri. \u201eComuni\u0219tii nu erau interesa\u021bi de originea social\u0103 c\u00e2nd venea vorba de ap\u0103rarea \u021b\u0103rii. Aveau nevoie de pilo\u021bi buni, iar eu eram cea mai bun\u0103.\u201d<\/p>\n\n\n\n<p>C\u0103pitanul a schimbat o privire cu copilotul s\u0103u. \u201eDoamn\u0103 Vasilescu, ar fi o onoare pentru noi dac\u0103 a\u021bi accepta s\u0103 face\u021bi anun\u021bul de \u00eent\u00e2mpinare pentru pasageri. Sunt sigur c\u0103 le-ar pl\u0103cea s\u0103 aud\u0103 de la o legend\u0103 a avia\u021biei.\u201d<\/p>\n\n\n\n<p>Maria a ezitat. \u201eNu sunt o legend\u0103, tinere. Sunt doar o b\u0103tr\u00e2n\u0103 care \u00eencearc\u0103 s\u0103 ajung\u0103 la so\u021bul ei bolnav.\u201d<\/p>\n\n\n\n<p>\u201eSunte\u021bi o inspira\u021bie\u201d, a insistat c\u0103pitanul. \u201eV\u0103 rog.\u201d<\/p>\n\n\n\n<p>Dup\u0103 c\u00e2teva momente, Maria a dat din cap \u00een semn de aprobare.<\/p>\n\n\n\n<p>C\u00e2nd s-a \u00eentors \u00een cabina pasagerilor, atmosfera se schimbase complet. Oamenii \u00eei z\u00e2mbeau, iar cei de l\u00e2ng\u0103 ea o priveau cu respect. B\u0103rbatul care protestase i-a oferit chiar o pern\u0103 pentru spate.<\/p>\n\n\n\n<p>\u201eDoamnelor \u0219i domnilor,\u201d a \u00eenceput c\u0103pitanul prin sistemul de comunicare, \u201eavem onoarea de a avea la bord pe doamna Maria Vasilescu, unul dintre primii pilo\u021bi de v\u00e2n\u0103toare femei din \u021bara noastr\u0103. A pilotat MiG-15 \u00een anii \u201950 \u0219i are peste 3.000 de ore de zbor la activ. Doamna Vasilescu va face anun\u021bul de bun venit \u00een aceast\u0103 c\u0103l\u0103torie special\u0103.\u201d<\/p>\n\n\n\n<p>C\u00e2nd microfonul a ajuns la ea, Maria a respirat ad\u00e2nc \u0219i a \u00eenceput s\u0103 vorbeasc\u0103 cu vocea ei cald\u0103, care purta \u00eenc\u0103 urme ale autorit\u0103\u021bii din tinere\u021be.<\/p>\n\n\n\n<p>\u201eDragi pasageri, m\u0103 numesc Maria Vasilescu \u0219i am fost pilot de v\u00e2n\u0103toare \u00een tinere\u021be, \u00eentr-o vreme c\u00e2nd femeile erau rare \u00een avia\u021bie. Ast\u0103zi zbor pentru a fi al\u0103turi de so\u021bul meu, pilot \u0219i el, \u00een ziua anivers\u0103rii noastre. V\u0103 mul\u021bumesc c\u0103 \u00eemi permite\u021bi s\u0103 \u00eemp\u0103rt\u0103\u0219esc aceast\u0103 c\u0103l\u0103torie cu dumneavoastr\u0103.\u201d<\/p>\n\n\n\n<p>A ezitat, apoi a ad\u0103ugat: \u201eC\u00e2nd eram t\u00e2n\u0103r\u0103, am \u00eenv\u0103\u021bat c\u0103 nu conteaz\u0103 c\u00e2t de sus zbori sau c\u00e2t de rapid. Ceea ce conteaz\u0103 cu adev\u0103rat este cu cine alegi s\u0103 aterizezi. V\u0103 doresc un zbor pl\u0103cut \u0219i v\u0103 mul\u021bumesc pentru bun\u0103tatea dumneavoastr\u0103.\u201d<\/p>\n\n\n\n<p>Cabina a izbucnit \u00een aplauze, iar Maria a observat c\u0103 mul\u021bi pasageri \u00ee\u0219i \u0219tergeau discret lacrimile.<\/p>\n\n\n\n<p>\u00cen timpul zborului, Maria a devenit centrul aten\u021biei. Pasagerii veneau pe r\u00e2nd s\u0103-i vorbeasc\u0103, s\u0103-i pun\u0103 \u00eentreb\u0103ri sau doar s\u0103-i str\u00e2ng\u0103 m\u00e2na. B\u0103tr\u00e2na care fusese aproape dat\u0103 afar\u0103 de la clasa business devenise, brusc, cea mai respectat\u0103 persoan\u0103 de la bord.<\/p>\n\n\n\n<p>O stewardes\u0103 i-a adus un album de fotografii al companiei aeriene, ar\u0103t\u00e2ndu-i evolu\u021bia flotei de-a lungul anilor. Maria a comentat fiecare model, amintindu-\u0219i detalii tehnice pe care mul\u021bi le uitaser\u0103 sau nici nu le \u0219tiuser\u0103 vreodat\u0103.<\/p>\n\n\n\n<p>C\u00e2nd avionul a \u00eenceput procedura de aterizare la Viena, c\u0103pitanul a f\u0103cut un anun\u021b special.<\/p>\n\n\n\n<p>\u201eDoamnelor \u0219i domnilor, \u00een onoarea doamnei Vasilescu, fost\u0103 pilot de v\u00e2n\u0103toare \u0219i pasager\u0103 special\u0103, vom face un survol al ora\u0219ului \u00eenainte de aterizare, a\u0219a cum se f\u0103cea \u00een vremurile de glorie ale avia\u021biei. V\u0103 rog s\u0103 r\u0103m\u00e2ne\u021bi \u00een scaune \u0219i s\u0103 v\u0103 bucura\u021bi de priveli\u0219te.\u201d<\/p>\n\n\n\n<p>Maria a privit pe geam, v\u0103z\u00e2nd Dun\u0103rea str\u0103lucind sub ei, cl\u0103dirile istorice \u0219i parcurile verzi ale Vienei. G\u00e2ndul i-a zburat la Constantin, care o a\u0219tepta \u00een spitalul de la marginea ora\u0219ului. Se \u00eentreb\u0103 dac\u0103 va recunoa\u0219te-o \u2013 \u00een ultimele s\u0103pt\u0103m\u00e2ni, starea lui se \u00eenr\u0103ut\u0103\u021bise, \u0219i uneori o confunda cu sora lui mai mic\u0103.<\/p>\n\n\n\n<p>Dar ast\u0103zi era ziua lor special\u0103, \u0219i ea venise de departe pentru a fi al\u0103turi de el. \u021ainea \u00een geant\u0103 \u00eenc\u0103 o fotografie \u2013 cea de la nunta lor, doi tineri pilo\u021bi \u00een uniforme str\u0103lucitoare, cu viitorul \u00eentins \u00eenaintea lor ca un cer infinit.<\/p>\n\n\n\n<p>C\u00e2nd avionul a aterizat \u0219i pasagerii au \u00eenceput s\u0103 coboare, Maria a fost surprins\u0103 s\u0103 vad\u0103 c\u0103 nimeni nu se gr\u0103bea. Din contr\u0103, oamenii \u00eei f\u0103ceau loc s\u0103 treac\u0103 prima, aplaud\u00e2nd-o u\u0219or.<\/p>\n\n\n\n<p>La ie\u0219irea din avion, c\u0103pitanul \u0219i \u00eentregul echipaj au format un \u0219ir de onoare.<\/p>\n\n\n\n<p>\u201eA fost o onoare s\u0103 v\u0103 avem la bord, doamn\u0103 Vasilescu\u201d, a spus c\u0103pitanul, salut\u00e2nd-o militar.<\/p>\n\n\n\n<p>Maria a z\u00e2mbit \u0219i a salutat la r\u00e2ndul ei, un gest pe care-l f\u0103cuse de mii de ori \u00een cariera ei, dar care acum p\u0103rea s\u0103 poarte \u00eentreaga greutate a vie\u021bii sale remarcabile.<\/p>\n\n\n\n<p>\u00cen terminalul aeroportului, un asistent medical cu un scaun cu rotile o a\u0219tepta \u2013 aranjamentul f\u0103cut de spital pentru a o prelua. Dar \u00eenainte de a se urca \u00een scaun, Maria s-a \u00eentors spre avionul care o adusese, ridic\u00e2nd m\u00e2na \u00eentr-un ultim salut c\u0103tre echipajul care \u00eenc\u0103 o privea de la ferestre.<\/p>\n\n\n\n<p>\u00centr-o lume care judec\u0103 adesea oamenii dup\u0103 aparen\u021be, Maria Vasilescu amintise tuturor c\u0103 \u00een spatele fiec\u0103rui chip b\u0103tr\u00e2n se ascunde o poveste de curaj, sacrificiu \u0219i iubire care merit\u0103 s\u0103 fie auzit\u0103. Iar acum, \u00een drum spre so\u021bul ei, \u0219tia c\u0103 poart\u0103 cu ea nu doar amintirile unei vie\u021bi extraordinare, ci \u0219i respectul proasp\u0103t c\u00e2\u0219tigat al tuturor celor care avuseser\u0103 privilegiul de a-i cunoa\u0219te, fie \u0219i pentru scurt timp, remarcabila poveste.<\/p>\n\n\n\n<p><strong>Dac\u0103 \u021bi-a pl\u0103cut povestea, nu uita s\u0103 o distribui cu prietenii t\u0103i! \u00cempreun\u0103 putem duce mai departe emo\u021bia \u0219i inspira\u021bia.<\/strong><\/p>\n","protected":false},"excerpt":{"rendered":"<p>DISCLAIMER: Acest site este neutru din punct de vedere politic \u0219i nu sus\u021bine niciun partid sau ideologie politic\u0103. Stewardesa care era mai aproape s-a aplecat<\/p>\n","protected":false},"author":1,"featured_media":38117,"comment_status":"closed","ping_status":"closed","sticky":false,"template":"","format":"standard","meta":[],"categories":[1],"tags":[],"_links":{"self":[{"href":"https:\/\/calatorinromania.com\/index.php?rest_route=\/wp\/v2\/posts\/38190"}],"collection":[{"href":"https:\/\/calatorinromania.com\/index.php?rest_route=\/wp\/v2\/posts"}],"about":[{"href":"https:\/\/calatorinromania.com\/index.php?rest_route=\/wp\/v2\/types\/post"}],"author":[{"embeddable":true,"href":"https:\/\/calatorinromania.com\/index.php?rest_route=\/wp\/v2\/users\/1"}],"replies":[{"embeddable":true,"href":"https:\/\/calatorinromania.com\/index.php?rest_route=%2Fwp%2Fv2%2Fcomments&post=38190"}],"version-history":[{"count":1,"href":"https:\/\/calatorinromania.com\/index.php?rest_route=\/wp\/v2\/posts\/38190\/revisions"}],"predecessor-version":[{"id":38191,"href":"https:\/\/calatorinromania.com\/index.php?rest_route=\/wp\/v2\/posts\/38190\/revisions\/38191"}],"wp:featuredmedia":[{"embeddable":true,"href":"https:\/\/calatorinromania.com\/index.php?rest_route=\/wp\/v2\/media\/38117"}],"wp:attachment":[{"href":"https:\/\/calatorinromania.com\/index.php?rest_route=%2Fwp%2Fv2%2Fmedia&parent=38190"}],"wp:term":[{"taxonomy":"category","embeddable":true,"href":"https:\/\/calatorinromania.com\/index.php?rest_route=%2Fwp%2Fv2%2Fcategories&post=38190"},{"taxonomy":"post_tag","embeddable":true,"href":"https:\/\/calatorinromania.com\/index.php?rest_route=%2Fwp%2Fv2%2Ftags&post=38190"}],"curies":[{"name":"wp","href":"https:\/\/api.w.org\/{rel}","templated":true}]}}