{"id":37078,"date":"2025-02-13T09:30:06","date_gmt":"2025-02-13T09:30:06","guid":{"rendered":"https:\/\/calatorinromania.com\/?p=37078"},"modified":"2025-03-18T11:41:41","modified_gmt":"2025-03-18T11:41:41","slug":"reteta-ideala-pentru-galuste-delicioase-si-moi-exact-ca-cele-preparate-de-bunica","status":"publish","type":"post","link":"https:\/\/calatorinromania.com\/?p=37078","title":{"rendered":"<strong>Re\u021beta ideal\u0103 pentru g\u0103lu\u0219te \u2013 Delicioase \u0219i moi, exact ca cele preparate de bunica.<\/strong>"},"content":{"rendered":"\n<p>Sup\u0103 cu g\u0103lu\u0219te este m\u00e2ncarea care ne aduce aminte de gustul copil\u0103riei, dar nu to\u021bi reu\u0219im s\u0103 ob\u021binem g\u0103lu\u0219tele pufoase a\u0219a cum o f\u0103ceau mama sau bunica.<\/p>\n\n\n\n<p><\/p>\n\n\n\n<p>Avem o veste excelent\u0103: iat\u0103 re\u021beta ideal\u0103 pentru g\u0103lu\u0219te moi \u0219i delicioase!<\/p>\n\n\n\n<p><\/p>\n\n\n\n<h3>Ingrediente:<\/h3>\n\n\n\n<ul>\n<li>500 g carne de pas\u0103re<\/li>\n\n\n\n<li>1 r\u0103d\u0103cin\u0103 de p\u0103st\u00e2rnac<\/li>\n\n\n\n<li>1 r\u0103d\u0103cin\u0103 mic\u0103 de \u021belin\u0103<\/li>\n\n\n\n<li>1 morcov<\/li>\n\n\n\n<li>1 ceap\u0103<\/li>\n\n\n\n<li>Foi de dafin<\/li>\n\n\n\n<li>O leg\u0103tur\u0103 de p\u0103trunjel<\/li>\n\n\n\n<li>Sare \u0219i piper dup\u0103 gust<\/li>\n<\/ul>\n\n\n\n<p><\/p>\n\n\n\n<h3>Ingrediente pentru g\u0103lu\u0219te:<\/h3>\n\n\n\n<ul>\n<li>2 ou\u0103<\/li>\n\n\n\n<li>7 linguri gri\u0219<\/li>\n\n\n\n<li>Sare<\/li>\n\n\n\n<li>Ulei<\/li>\n<\/ul>\n\n\n\n<p><\/p>\n\n\n\n<h3>Mod de preparare:<\/h3>\n\n\n\n<ol>\n<li><strong>Fierberea c\u0103rnii \u0219i legumelor<\/strong>: Pune carnea de pas\u0103re la fiert pentru aproximativ 10 minute, p\u00e2n\u0103 se formeaz\u0103 spuma. \u00cendep\u0103rteaz\u0103 spuma \u0219i adaug\u0103 legumele cur\u0103\u021bate \u0219i t\u0103iate \u00een buc\u0103\u021bi mari, foile de dafin \u0219i codi\u021bele de p\u0103trunjel. Condimenteaz\u0103 cu sare \u0219i piper, apoi las\u0103 totul s\u0103 fiarb\u0103 p\u00e2n\u0103 c\u00e2nd carnea \u0219i legumele sunt bine g\u0103tite.<\/li>\n\n\n\n<li><strong>Prepararea g\u0103lu\u0219telor<\/strong>: \u00centr-un bol, bate ou\u0103le cu sare \u0219i ulei, apoi adaug\u0103 gri\u0219ul treptat, p\u00e2n\u0103 ob\u021bii o compozi\u021bie de consisten\u021ba unei sm\u00e2nt\u00e2ni groase.<\/li>\n\n\n\n<li><strong>Formarea g\u0103lu\u0219telor<\/strong>: Cu o lingur\u0103 \u00eenmuiat\u0103 \u00een sup\u0103, ia din compozi\u021bia de g\u0103lu\u0219te \u0219i formeaz\u0103 mici buc\u0103\u021bi pe care le adaugi \u00een sup\u0103.<\/li>\n\n\n\n<li><strong>Fierberea g\u0103lu\u0219telor<\/strong>: Acoper\u0103 oala \u0219i las\u0103 g\u0103lu\u0219tele s\u0103 fiarb\u0103 la foc mic pentru \u00eenc\u0103 10 minute, p\u00e2n\u0103 devin pufoase \u0219i bine g\u0103tite.<\/li>\n\n\n\n<li><strong>Finalizarea<\/strong>: Opre\u0219te focul, adaug\u0103 p\u0103trunjel proasp\u0103t tocat \u0219i savureaz\u0103.<\/li>\n<\/ol>\n\n\n\n<p><\/p>\n\n\n\n<h3>Secretul g\u0103lu\u0219telor perfecte:<\/h3>\n\n\n\n<p>Pentru g\u0103lu\u0219te pufoase, adaug\u0103 1-2 linguri de ulei \u00een ou\u0103 \u00eenainte de a ad\u0103uga gri\u0219ul. Folose\u0219te o linguri\u021b\u0103 mic\u0103 pentru a forma g\u0103lu\u0219te mici, care vor avea suficient loc s\u0103 creasc\u0103 frumos.<\/p>\n\n\n\n<p>Poft\u0103 bun\u0103!<\/p>\n","protected":false},"excerpt":{"rendered":"<p>Sup\u0103 cu g\u0103lu\u0219te este m\u00e2ncarea care ne aduce aminte de gustul copil\u0103riei, dar nu to\u021bi reu\u0219im s\u0103 ob\u021binem g\u0103lu\u0219tele pufoase a\u0219a cum o f\u0103ceau mama<\/p>\n","protected":false},"author":1,"featured_media":37079,"comment_status":"closed","ping_status":"closed","sticky":false,"template":"","format":"standard","meta":[],"categories":[1],"tags":[],"_links":{"self":[{"href":"https:\/\/calatorinromania.com\/index.php?rest_route=\/wp\/v2\/posts\/37078"}],"collection":[{"href":"https:\/\/calatorinromania.com\/index.php?rest_route=\/wp\/v2\/posts"}],"about":[{"href":"https:\/\/calatorinromania.com\/index.php?rest_route=\/wp\/v2\/types\/post"}],"author":[{"embeddable":true,"href":"https:\/\/calatorinromania.com\/index.php?rest_route=\/wp\/v2\/users\/1"}],"replies":[{"embeddable":true,"href":"https:\/\/calatorinromania.com\/index.php?rest_route=%2Fwp%2Fv2%2Fcomments&post=37078"}],"version-history":[{"count":1,"href":"https:\/\/calatorinromania.com\/index.php?rest_route=\/wp\/v2\/posts\/37078\/revisions"}],"predecessor-version":[{"id":37080,"href":"https:\/\/calatorinromania.com\/index.php?rest_route=\/wp\/v2\/posts\/37078\/revisions\/37080"}],"wp:featuredmedia":[{"embeddable":true,"href":"https:\/\/calatorinromania.com\/index.php?rest_route=\/wp\/v2\/media\/37079"}],"wp:attachment":[{"href":"https:\/\/calatorinromania.com\/index.php?rest_route=%2Fwp%2Fv2%2Fmedia&parent=37078"}],"wp:term":[{"taxonomy":"category","embeddable":true,"href":"https:\/\/calatorinromania.com\/index.php?rest_route=%2Fwp%2Fv2%2Fcategories&post=37078"},{"taxonomy":"post_tag","embeddable":true,"href":"https:\/\/calatorinromania.com\/index.php?rest_route=%2Fwp%2Fv2%2Ftags&post=37078"}],"curies":[{"name":"wp","href":"https:\/\/api.w.org\/{rel}","templated":true}]}}