{"id":30274,"date":"2024-04-12T08:13:06","date_gmt":"2024-04-12T08:13:06","guid":{"rendered":"https:\/\/calatorinromania.com\/?p=30274"},"modified":"2025-03-09T08:33:05","modified_gmt":"2025-03-09T08:33:05","slug":"salam-de-biscuiti-de-post-reteta-perfecta-mai-bun-ca-la-cofetarie","status":"publish","type":"post","link":"https:\/\/calatorinromania.com\/?p=30274","title":{"rendered":"Salam de biscuiti de post \u2013 Reteta perfecta, mai bun ca la cofetarie\u00a0"},"content":{"rendered":"\n<h3><strong>\ud83c\udf6a Salam de biscui\u021bi de post \u2013 re\u021beta simpl\u0103 \u0219i delicioas\u0103!<\/strong><\/h3>\n\n\n\n<p><\/p>\n\n\n\n<p>Dac\u0103 vrei un desert rapid, f\u0103r\u0103 coacere \u0219i perfect pentru perioadele de post, <strong>salamul de biscui\u021bi<\/strong> este alegerea ideal\u0103! Se prepar\u0103 u\u0219or, are o textur\u0103 bogat\u0103 \u0219i un gust intens de ciocolat\u0103. \ud83c\udf6b\u2728<\/p>\n\n\n\n<p><\/p>\n\n\n\n<h3><strong>\ud83d\uded2 Ingrediente:<\/strong><\/h3>\n\n\n\n<p>\u2705 <strong>300 g biscui\u021bi simpli<\/strong> (f\u0103r\u0103 ou)<br>\u2705 <strong>150 g zah\u0103r pudr\u0103<\/strong><br>\u2705 <strong>50 g cacao<\/strong><br>\u2705 <strong>100 g migdale m\u0103cinate sau nuci<\/strong> (op\u021bional)<br>\u2705 <strong>150 ml ap\u0103 sau lapte vegetal<\/strong> <em>(cocos, soia etc.)<\/em><br>\u2705 <strong>50 ml ulei vegetal<\/strong> <em>(cocos, floarea-soarelui etc.)<\/em><br>\u2705 <strong>Esen\u021b\u0103 de vanilie<\/strong> <em>(op\u021bional)<\/em><br>\u2705 <strong>F\u0103in\u0103 de cocos sau zah\u0103r pudr\u0103 pentru decor<\/strong> <em>(op\u021bional)<\/em><\/p>\n\n\n\n<p><\/p>\n\n\n\n<h3><strong>\ud83d\udc68\u200d\ud83c\udf73 Mod de preparare:<\/strong><\/h3>\n\n\n\n<p><\/p>\n\n\n\n<p>1\ufe0f\u20e3 <strong>Preg\u0103te\u0219te biscui\u021bii<\/strong> \u2013 Zdrobe\u0219te-i \u00een buc\u0103\u021bi mici, fie folosind un blender, fie pun\u00e2ndu-i \u00eentr-un prosop \u0219i b\u0103t\u00e2ndu-i u\u0219or cu un sucitor.<\/p>\n\n\n\n<p><\/p>\n\n\n\n<p>2\ufe0f\u20e3 <strong>Amestec\u0103 ingredientele uscate<\/strong> \u2013 \u00centr-un bol mare, combin\u0103 biscui\u021bii zdrobi\u021bi cu <strong>zah\u0103rul pudr\u0103, cacaoa<\/strong> \u0219i <strong>migdalele\/nucile m\u0103cinate<\/strong> (dac\u0103 le folose\u0219ti).<\/p>\n\n\n\n<p><\/p>\n\n\n\n<p>3\ufe0f\u20e3 <strong>Preg\u0103te\u0219te baza lichid\u0103<\/strong> \u2013 \u00cenc\u0103lze\u0219te <strong>apa\/laptele vegetal<\/strong> \u00eempreun\u0103 cu <strong>uleiul \u0219i esen\u021ba de vanilie<\/strong> (op\u021bional). Nu trebuie s\u0103 fiarb\u0103, doar s\u0103 fie cald.<\/p>\n\n\n\n<p><\/p>\n\n\n\n<p>4\ufe0f\u20e3 <strong>Combin\u0103 ingredientele<\/strong> \u2013 Toarn\u0103 lichidul peste amestecul de biscui\u021bi \u0219i amestec\u0103 bine p\u00e2n\u0103 ob\u021bii o compozi\u021bie omogen\u0103.<\/p>\n\n\n\n<p><\/p>\n\n\n\n<p>5\ufe0f\u20e3 <strong>Ruleaz\u0103 salamul<\/strong> \u2013 A\u0219az\u0103 amestecul pe o <strong>folie de plastic<\/strong> \u0219i modeleaz\u0103-l sub form\u0103 de <strong>sul compact<\/strong>. Str\u00e2nge bine capetele foliei.<\/p>\n\n\n\n<p><\/p>\n\n\n\n<p>6\ufe0f\u20e3 <strong>Las\u0103-l la rece<\/strong> \u2013 Pune salamul de biscui\u021bi la <strong>frigider pentru 2-3 ore<\/strong>, p\u00e2n\u0103 devine ferm.<\/p>\n\n\n\n<p><\/p>\n\n\n\n<p>7\ufe0f\u20e3 <strong>Serve\u0219te \u0219i savureaz\u0103<\/strong> \u2013 Dup\u0103 ce s-a \u00eent\u0103rit, <strong>presar\u0103 f\u0103in\u0103 de cocos sau zah\u0103r pudr\u0103<\/strong> deasupra (op\u021bional), apoi <strong>taie-l \u00een felii<\/strong> \u0219i bucur\u0103-te de un desert delicios! \ud83c\udf70<\/p>\n\n\n\n<p><\/p>\n\n\n\n<h3><strong>\ud83d\udca1 Sfaturi utile:<\/strong><\/h3>\n\n\n\n<p>\u2705 Pentru un plus de arom\u0103, po\u021bi ad\u0103uga <strong>coaj\u0103 ras\u0103 de portocal\u0103<\/strong> sau <strong>esen\u021b\u0103 de rom<\/strong>.<br>\u2705 Dac\u0103 vrei un salam mai crocant, adaug\u0103 buc\u0103\u021bi de <strong>migdale, nuci sau stafide<\/strong>.<br>\u2705 Se p\u0103streaz\u0103 foarte bine \u00een frigider <strong>p\u00e2n\u0103 la 5 zile<\/strong>, \u00eentr-un recipient \u00eenchis ermetic.<\/p>\n\n\n\n<p>\ud83d\udd39 <strong>Un desert rapid, f\u0103r\u0103 coacere \u0219i perfect pentru orice moment! \ud83c\udf6a\ud83d\udc96<\/strong><\/p>\n\n\n\n<p>\ud83d\udccc <strong>Tu ai \u00eencercat aceast\u0103 re\u021bet\u0103? Spune-ne \u00een comentarii cum \u021bi-a ie\u0219it! \ud83d\udc47\ud83d\ude0a<\/strong><\/p>\n","protected":false},"excerpt":{"rendered":"<p>\ud83c\udf6a Salam de biscui\u021bi de post \u2013 re\u021beta simpl\u0103 \u0219i delicioas\u0103! Dac\u0103 vrei un desert rapid, f\u0103r\u0103 coacere \u0219i perfect pentru perioadele de post, salamul<\/p>\n","protected":false},"author":1,"featured_media":37670,"comment_status":"closed","ping_status":"closed","sticky":false,"template":"","format":"standard","meta":[],"categories":[1],"tags":[],"_links":{"self":[{"href":"https:\/\/calatorinromania.com\/index.php?rest_route=\/wp\/v2\/posts\/30274"}],"collection":[{"href":"https:\/\/calatorinromania.com\/index.php?rest_route=\/wp\/v2\/posts"}],"about":[{"href":"https:\/\/calatorinromania.com\/index.php?rest_route=\/wp\/v2\/types\/post"}],"author":[{"embeddable":true,"href":"https:\/\/calatorinromania.com\/index.php?rest_route=\/wp\/v2\/users\/1"}],"replies":[{"embeddable":true,"href":"https:\/\/calatorinromania.com\/index.php?rest_route=%2Fwp%2Fv2%2Fcomments&post=30274"}],"version-history":[{"count":2,"href":"https:\/\/calatorinromania.com\/index.php?rest_route=\/wp\/v2\/posts\/30274\/revisions"}],"predecessor-version":[{"id":37671,"href":"https:\/\/calatorinromania.com\/index.php?rest_route=\/wp\/v2\/posts\/30274\/revisions\/37671"}],"wp:featuredmedia":[{"embeddable":true,"href":"https:\/\/calatorinromania.com\/index.php?rest_route=\/wp\/v2\/media\/37670"}],"wp:attachment":[{"href":"https:\/\/calatorinromania.com\/index.php?rest_route=%2Fwp%2Fv2%2Fmedia&parent=30274"}],"wp:term":[{"taxonomy":"category","embeddable":true,"href":"https:\/\/calatorinromania.com\/index.php?rest_route=%2Fwp%2Fv2%2Fcategories&post=30274"},{"taxonomy":"post_tag","embeddable":true,"href":"https:\/\/calatorinromania.com\/index.php?rest_route=%2Fwp%2Fv2%2Ftags&post=30274"}],"curies":[{"name":"wp","href":"https:\/\/api.w.org\/{rel}","templated":true}]}}