{"id":29908,"date":"2024-03-28T10:19:24","date_gmt":"2024-03-28T10:19:24","guid":{"rendered":"https:\/\/calatorinromania.com\/?p=29908"},"modified":"2025-03-24T10:11:32","modified_gmt":"2025-03-24T10:11:32","slug":"rugaciune-catre-sfantul-ierarh-nectarie-de-la-eghina-marele-facator-de-minuni-roaga-te-cu-credinta-si-ajutorul-nu-va-intarzia","status":"publish","type":"post","link":"https:\/\/calatorinromania.com\/?p=29908","title":{"rendered":"<strong>Rug\u0103ciune c\u0103tre Sf\u00e2ntul Ierarh Nectarie de la Eghina, marele f\u0103c\u0103tor de minuni. Roag\u0103-te cu credint\u0103 \u0219i ajutorul nu va \u00eent\u00e2rzia.<\/strong>"},"content":{"rendered":"\n<p>O, Preasfinte \u0219i \u00eentru tot laudate, Mare Fac\u0103torule de Minuni, Sfinte Nectarie, prime\u0219te aceast\u0103 mic\u0103 rug\u0103ciune de la noi, robiile tale nedemne, pentru c\u0103 ne \u00eendrept\u0103m c\u0103tre tine, ca spre un izvor adev\u0103rat de vindec\u0103ri \u0219i ajutor grabnic \u0219i folositor, sc\u0103p\u00e2nd \u0219i privind spre chipul sfin\u021bit al icoanei tale, cu lacrimi fierbin\u021bi ne rug\u0103m \u021bie: vezi, Sfinte, suferin\u021bele noastre, vezi s\u0103r\u0103cia \u0219i nevrednicia noastr\u0103.<\/p>\n\n\n\n<p>Vezi r\u0103nile sufletelor \u0219i ale trupurilor noastre. Ne rug\u0103m \u021bie, Sfinte Ierarhe Nectarie, gr\u0103be\u0219te-te s\u0103 ne aju\u021bi cu rug\u0103ciunile tale ne\u00eencetate \u0219i sfinte \u0219i s\u0103 ne sprijini pe noi, robiile tale.<\/p>\n\n\n\n<p>Ia aminte la suspinele noastre \u0219i nu ne ignora pe noi, cei nevrednici \u0219i plini de p\u0103cate, c\u0103ci \u0219tim, Sfinte slujitor al lui Dumnezeu, c\u0103 \u0219i dup\u0103 trecerea ta din aceast\u0103 lume trec\u0103toare, oricine a c\u0103utat ajutorul t\u0103u \u0219i s-a rugat cu credin\u021b\u0103 nu a r\u0103mas neajutat.<\/p>\n\n\n\n<p>Cine te-a chemat \u00een ajutor \u0219i tu nu l-ai auzit? Sau cine, fiind \u00een dureri \u0219i alerg\u00e2nd c\u0103tre tine pentru ajutor, tu nu i-ai alinat suferin\u021ba? Minunile \u0219i ajutorul t\u0103u ne-au f\u0103cut \u0219i pe noi, cei p\u0103c\u0103to\u0219i \u0219i umili\u021bi, s\u0103 te chem\u0103m s\u0103 vii \u00een ajutorul nostru. \u0218tim, O, ales Ierarh, despre mul\u021bimea vindec\u0103rilor pe care le-ai f\u0103cut, ar\u0103t\u00e2ndu-te un doctor f\u0103r\u0103 argint. Nu cunoa\u0219tem boal\u0103 sau suferin\u021b\u0103 pe care s\u0103 nu po\u021bi s\u0103 o alini.<\/p>\n\n\n\n<p>Nu cunoa\u0219tem nicio boal\u0103 pe care tu s\u0103 nu po\u021bi s\u0103 o vindeci, dar mai mult dec\u00e2t at\u00e2t, nu numai c\u0103 ai vindecat boli pe care doctorii le considerau incurabile, dar ai ajutat \u0219i mul\u021bi bolnavi s\u0103-\u0219i \u00eent\u0103reasc\u0103 credin\u021ba \u0219i r\u0103bdarea, \u0219i s\u0103 primeasc\u0103 r\u0103splata de la Dumnezeu pentru suferin\u021bele lor. Rug\u00e2ndu-ne cu smerenie, ne adres\u0103m \u021bie, Sfinte Ierarh Nectarie, s\u0103 te rogi pentru noi lui Hristos, Cel Ce nu a ignorat rug\u0103ciunile tale ad\u00e2nci, ci te-a \u00eent\u0103rit \u0219i te-a primit \u00een locurile cere\u0219ti.<\/p>\n\n\n\n<p>Rug\u0103m pe Acela s\u0103 ne ajute \u0219i s\u0103 ne miluiasc\u0103 cu rug\u0103ciunile tale, s\u0103 ne izb\u0103veasc\u0103 de nenorociri \u0219i necazuri, s\u0103 binecuv\u00e2nt\u0103m pe Dumnezeu, Cel \u00een Treime l\u0103udat, totdeauna, acum \u0219i \u00een vecii vecilor.<\/p>\n\n\n\n<p>Amin!<\/p>\n","protected":false},"excerpt":{"rendered":"<p>O, Preasfinte \u0219i \u00eentru tot laudate, Mare Fac\u0103torule de Minuni, Sfinte Nectarie, prime\u0219te aceast\u0103 mic\u0103 rug\u0103ciune de la noi, robiile tale nedemne, pentru c\u0103 ne<\/p>\n","protected":false},"author":1,"featured_media":29909,"comment_status":"closed","ping_status":"closed","sticky":false,"template":"","format":"standard","meta":[],"categories":[1],"tags":[],"_links":{"self":[{"href":"https:\/\/calatorinromania.com\/index.php?rest_route=\/wp\/v2\/posts\/29908"}],"collection":[{"href":"https:\/\/calatorinromania.com\/index.php?rest_route=\/wp\/v2\/posts"}],"about":[{"href":"https:\/\/calatorinromania.com\/index.php?rest_route=\/wp\/v2\/types\/post"}],"author":[{"embeddable":true,"href":"https:\/\/calatorinromania.com\/index.php?rest_route=\/wp\/v2\/users\/1"}],"replies":[{"embeddable":true,"href":"https:\/\/calatorinromania.com\/index.php?rest_route=%2Fwp%2Fv2%2Fcomments&post=29908"}],"version-history":[{"count":1,"href":"https:\/\/calatorinromania.com\/index.php?rest_route=\/wp\/v2\/posts\/29908\/revisions"}],"predecessor-version":[{"id":29910,"href":"https:\/\/calatorinromania.com\/index.php?rest_route=\/wp\/v2\/posts\/29908\/revisions\/29910"}],"wp:featuredmedia":[{"embeddable":true,"href":"https:\/\/calatorinromania.com\/index.php?rest_route=\/wp\/v2\/media\/29909"}],"wp:attachment":[{"href":"https:\/\/calatorinromania.com\/index.php?rest_route=%2Fwp%2Fv2%2Fmedia&parent=29908"}],"wp:term":[{"taxonomy":"category","embeddable":true,"href":"https:\/\/calatorinromania.com\/index.php?rest_route=%2Fwp%2Fv2%2Fcategories&post=29908"},{"taxonomy":"post_tag","embeddable":true,"href":"https:\/\/calatorinromania.com\/index.php?rest_route=%2Fwp%2Fv2%2Ftags&post=29908"}],"curies":[{"name":"wp","href":"https:\/\/api.w.org\/{rel}","templated":true}]}}