{"id":47574,"date":"2026-04-30T08:05:36","date_gmt":"2026-04-30T08:05:36","guid":{"rendered":"https:\/\/calatorinromania.com\/?p=47574"},"modified":"2026-04-30T08:05:36","modified_gmt":"2026-04-30T08:05:36","slug":"inainte-de-nunta-bunica-viitorului-meu-sot-mi-a-pus-in-mana-un-flacon-cu-un-lichid","status":"publish","type":"post","link":"http:\/\/calatorinromania.com\/?p=47574","title":{"rendered":"\u201d\u00cenainte de nunt\u0103, bunica viitorului meu so\u021b mi-a pus \u00een m\u00e2n\u0103 un flacon cu un lichid\u201d"},"content":{"rendered":"\n<p>Sim\u021beam cum o c\u0103ldur\u0103 ciudat\u0103 \u00eemi urc\u0103 pe \u0219ira spin\u0103rii. Inima \u00eemi b\u0103tea tare, de parc\u0103 voia s\u0103-mi sar\u0103 din piept. Am \u00eencercat s\u0103 respir ad\u00e2nc, dar aerul din camer\u0103 p\u0103rea greu, aproape sufocant. M-am sprijinit de marginea patului, privind flaconul care \u00eenc\u0103 tremura u\u0219or, ca \u0219i cum lichidul din el ar fi fost viu.<\/p>\n\n\n\n<p><\/p>\n\n\n\n<p>\u00cen oglinda de pe perete am z\u0103rit o lumin\u0103 verzuie care-mi dansa pe piele. M-am apropiat \u0219i am \u00eencremenit. Ochii mei\u2026 nu mai erau c\u0103prui, ci str\u0103luceau \u00eentr-o nuan\u021b\u0103 rece, de smarald. Mi s-au t\u0103iat picioarele. Ce naiba se \u00eent\u00e2mpla cu mine?<\/p>\n\n\n\n<p><\/p>\n\n\n\n<p>Am vrut s\u0103 \u021bip dup\u0103 Radu, dar vocea mi s-a stins \u00een g\u00e2t. \u00cen locul vorbelor, un \u0219uierat straniu mi-a sc\u0103pat printre buze. M-am speriat \u0219i am c\u0103zut \u00een genunchi. \u00cen clipa aceea, u\u0219a s-a deschis brusc \u0219i Radu a intrat.<\/p>\n\n\n\n<p><\/p>\n\n\n\n<p>\u2014 Elena?! Ce s-a \u00eent\u00e2mplat?<\/p>\n\n\n\n<p><\/p>\n\n\n\n<p>M-am uitat la el, dar ochii lui s-au m\u0103rit de spaim\u0103.<\/p>\n\n\n\n<p><\/p>\n\n\n\n<p>\u2014 Ce-i cu tine?!<\/p>\n\n\n\n<p><\/p>\n\n\n\n<p>Am ridicat m\u00e2na tremur\u00e2nd, \u00eencerc\u00e2nd s\u0103-i explic, dar el a f\u0103cut un pas \u00eenapoi, alb ca varul. Am fugit la oglind\u0103. Pielea mea p\u0103rea u\u0219or sidefat\u0103, iar venele \u00eemi sclipeau verzui, ca ni\u0219te fire de lumin\u0103.<\/p>\n\n\n\n<p><\/p>\n\n\n\n<p>\u2014 E din cauza b\u0103uturii\u2026 \u2014 am \u0219optit, abia reu\u0219ind s\u0103 vorbesc.<\/p>\n\n\n\n<p>Radu s-a apropiat \u0219i m-a cuprins \u00een bra\u021be.<br>\u2014 Ce b\u0103utur\u0103?<\/p>\n\n\n\n<p>Atunci i-am ar\u0103tat flaconul. L-a luat, l-a privit la lumin\u0103 \u0219i s-a \u00eencruntat.<\/p>\n\n\n\n<p>\u2014 Asta e re\u021beta bunicii. Zicea mereu c\u0103 vine din \u201evremea c\u00e2nd femeile se ap\u0103rau singure\u201d. Dar\u2026 n-am crezut-o niciodat\u0103.<\/p>\n\n\n\n<p>Am sim\u021bit cum o for\u021b\u0103 str\u0103in\u0103 \u00eemi curge prin vene. Nu era durere, ci o putere ciudat\u0103. Am atins u\u0219or bra\u021bul lui Radu \u0219i, pentru o clip\u0103, am v\u0103zut \u00een minte chipul bunicii lui, z\u00e2mbind.<\/p>\n\n\n\n<p>\u2014 Nu te teme\u2026 \u2014 i-am spus. \u2014 Nu cred c\u0103 e ceva r\u0103u.<\/p>\n\n\n\n<p>Noaptea aceea a fost lung\u0103. N-am dormit. Lichidul verde p\u0103rea c\u0103 \u00ee\u0219i face loc \u00een fiecare celul\u0103 din mine. Diminea\u021ba, m-am trezit plin\u0103 de energie, de parc\u0103 a\u0219 fi ren\u0103scut.<\/p>\n\n\n\n<p>C\u00e2nd am ie\u0219it \u00een curte, am atins o floare ofilit\u0103. \u00cen c\u00e2teva secunde, tulpina s-a \u00eendreptat, iar petalele au c\u0103p\u0103tat culoare. Am r\u0103mas f\u0103r\u0103 cuvinte.<\/p>\n\n\n\n<p>\u00cen zilele ce au urmat, am \u00eenceput s\u0103 simt lucruri pe care nu le mai sim\u021bisem niciodat\u0103: energia oamenilor, g\u00e2ndurile lor ascunse, durerile din suflete. Puteam s\u0103 alin, s\u0103 vindec, dar \u0219i s\u0103 simt r\u0103ul din al\u021bii.<\/p>\n\n\n\n<p>Radu m\u0103 privea uimit, uneori speriat, dar m\u0103 iubea mai mult ca oric\u00e2nd. A spus c\u0103 poate bunica \u0219tia ce face, c\u0103 poate darul ei nu era un blestem, ci o mo\u0219tenire.<\/p>\n\n\n\n<p>\u0218i a\u0219a am aflat c\u0103 femeile din familia lui aveau, de genera\u021bii, o putere pe care o ascundeau. Licoarea verde nu era o otrav\u0103, ci un leg\u0103m\u00e2nt. O chemare.<\/p>\n\n\n\n<p>De atunci, via\u021ba mea nu a mai fost la fel. Nu mai puteam fi doar o femeie obi\u0219nuit\u0103, dar, \u00een schimb, am primit ceva nepre\u021buit \u2014 puterea de a aduce binele acolo unde era \u00eentuneric.<\/p>\n\n\n\n<p>\u0218i, \u00een fiecare sear\u0103, c\u00e2nd privesc flaconul gol pe noptier\u0103, simt c\u0103 bunica lui Radu vegheaz\u0103 asupra noastr\u0103. Iar eu \u0219tiu acum c\u0103 fericirea nu vine din \u00eent\u00e2mplare\u2026 ci din curajul de a accepta ceea ce nu \u00een\u021belegi pe deplin.<\/p>\n\n\n\n<p><em>Aceast\u0103 lucrare este inspirat\u0103 din evenimente \u0219i persoane reale, \u00eens\u0103 a fost fic\u021bionalizat\u0103 \u00een scopuri creative. Numele, personajele \u0219i detaliile au fost schimbate pentru a proteja intimitatea \u0219i pentru a \u00eembun\u0103t\u0103\u021bi nara\u021biunea. Orice asem\u0103nare cu persoane reale, \u00een via\u021b\u0103 sau decedate, sau cu evenimente reale este pur \u00eent\u00e2mpl\u0103toare \u0219i nu este inten\u021bionat\u0103 de c\u0103tre autor.<\/em><\/p>\n\n\n\n<p><em>Autorul \u0219i editorul nu \u00ee\u0219i asum\u0103 responsabilitatea pentru exactitatea evenimentelor sau pentru modul \u00een care sunt portretizate personajele \u0219i nu sunt r\u0103spunz\u0103tori pentru eventuale interpret\u0103ri gre\u0219ite. Aceast\u0103 poveste este oferit\u0103 \u201eca atare\u201d, iar orice opinii exprimate apar\u021bin personajelor \u0219i nu reflect\u0103 punctele de vedere ale autorului sau ale editorului.<\/em><\/p>\n","protected":false},"excerpt":{"rendered":"<p>Sim\u021beam cum o c\u0103ldur\u0103 ciudat\u0103 \u00eemi urc\u0103 pe \u0219ira spin\u0103rii. Inima \u00eemi b\u0103tea tare, de parc\u0103 voia s\u0103-mi sar\u0103 din piept. Am \u00eencercat s\u0103 respir<\/p>\n","protected":false},"author":1,"featured_media":47435,"comment_status":"closed","ping_status":"closed","sticky":false,"template":"","format":"standard","meta":[],"categories":[1],"tags":[],"_links":{"self":[{"href":"http:\/\/calatorinromania.com\/index.php?rest_route=\/wp\/v2\/posts\/47574"}],"collection":[{"href":"http:\/\/calatorinromania.com\/index.php?rest_route=\/wp\/v2\/posts"}],"about":[{"href":"http:\/\/calatorinromania.com\/index.php?rest_route=\/wp\/v2\/types\/post"}],"author":[{"embeddable":true,"href":"http:\/\/calatorinromania.com\/index.php?rest_route=\/wp\/v2\/users\/1"}],"replies":[{"embeddable":true,"href":"http:\/\/calatorinromania.com\/index.php?rest_route=%2Fwp%2Fv2%2Fcomments&post=47574"}],"version-history":[{"count":1,"href":"http:\/\/calatorinromania.com\/index.php?rest_route=\/wp\/v2\/posts\/47574\/revisions"}],"predecessor-version":[{"id":47575,"href":"http:\/\/calatorinromania.com\/index.php?rest_route=\/wp\/v2\/posts\/47574\/revisions\/47575"}],"wp:featuredmedia":[{"embeddable":true,"href":"http:\/\/calatorinromania.com\/index.php?rest_route=\/wp\/v2\/media\/47435"}],"wp:attachment":[{"href":"http:\/\/calatorinromania.com\/index.php?rest_route=%2Fwp%2Fv2%2Fmedia&parent=47574"}],"wp:term":[{"taxonomy":"category","embeddable":true,"href":"http:\/\/calatorinromania.com\/index.php?rest_route=%2Fwp%2Fv2%2Fcategories&post=47574"},{"taxonomy":"post_tag","embeddable":true,"href":"http:\/\/calatorinromania.com\/index.php?rest_route=%2Fwp%2Fv2%2Ftags&post=47574"}],"curies":[{"name":"wp","href":"https:\/\/api.w.org\/{rel}","templated":true}]}}