{"id":47556,"date":"2026-04-29T07:58:13","date_gmt":"2026-04-29T07:58:13","guid":{"rendered":"https:\/\/calatorinromania.com\/?p=47556"},"modified":"2026-04-29T07:58:13","modified_gmt":"2026-04-29T07:58:13","slug":"%f0%9f%8c%99-de-ce-apar-carceii-nocturni-la-picioare","status":"publish","type":"post","link":"http:\/\/calatorinromania.com\/?p=47556","title":{"rendered":"\ud83c\udf19 De ce apar c\u00e2rceii nocturni la picioare"},"content":{"rendered":"\n<p><strong>Cauza la care nu te-ai fi g\u00e2ndit<\/strong><\/p>\n\n\n\n<p>Te treze\u0219ti din somn cu o durere brusc\u0103 \u00een gamb\u0103, ca \u0219i cum mu\u0219chiul s-ar \u201ebloca\u201d? Nu e\u0219ti singurul. <strong>Crampele nocturne<\/strong> sunt frecvente \u0219i pot afecta serios calitatea somnului.<\/p>\n\n\n\n<p><\/p>\n\n\n\n<p>\ud83d\udc49 De cele mai multe ori, cauza nu este una singur\u0103, ci o combina\u021bie de factori lega\u021bi de circula\u021bie, nervi \u0219i musculatur\u0103.<\/p>\n\n\n\n<p><\/p>\n\n\n\n<h2>\ud83d\udc65 Cine este mai predispus<\/h2>\n\n\n\n<h3>\ud83d\udc74 Persoanele peste 60 de ani<\/h3>\n\n\n\n<p>Odat\u0103 cu \u00eenaintarea \u00een v\u00e2rst\u0103, apar mai multe schimb\u0103ri \u00een organism:<\/p>\n\n\n\n<ul>\n<li>masa muscular\u0103 scade treptat<\/li>\n\n\n\n<li>nervii transmit semnalele mai lent<\/li>\n\n\n\n<li>circula\u021bia s\u00e2ngelui este mai redus\u0103 \u00een timpul nop\u021bii<\/li>\n<\/ul>\n\n\n\n<p>\ud83d\udc49 Toate acestea pot favoriza <strong>contrac\u021biile musculare involuntare<\/strong>.<\/p>\n\n\n\n<p><strong>Important:<\/strong><br>Dac\u0103 un c\u00e2rcel:<\/p>\n\n\n\n<ul>\n<li>dureaz\u0103 peste 10 minute<\/li>\n\n\n\n<li>apare frecvent \u00een acela\u0219i loc<\/li>\n<\/ul>\n\n\n\n<p>ar putea indica boala arteriala periferica, o afec\u021biune vascular\u0103 care necesit\u0103 evaluare medical\u0103.<\/p>\n\n\n\n<p><\/p>\n\n\n\n<p><\/p>\n\n\n\n<h3>\ud83e\udd30 Femeile \u00eens\u0103rcinate<\/h3>\n\n\n\n<p>Crampele sunt frecvente mai ales dup\u0103 trimestrul al doilea.<\/p>\n\n\n\n<p>Cauze posibile:<\/p>\n\n\n\n<ul>\n<li>presiunea uterului asupra venelor \u2192 circula\u021bie mai slab\u0103<\/li>\n\n\n\n<li>deficit de magneziu<\/li>\n\n\n\n<li>modific\u0103ri hormonale<\/li>\n<\/ul>\n\n\n\n<p>\ud83d\udc49 Aproximativ <strong>1 din 2 gravide<\/strong> se confrunt\u0103 cu astfel de episoade.<\/p>\n\n\n\n<p>Unele cercet\u0103ri sugereaz\u0103 o posibil\u0103 leg\u0103tur\u0103 \u00eentre crampele frecvente \u0219i hipertensiunea in sarcina, motiv pentru care monitorizarea este util\u0103.<\/p>\n\n\n\n<p><\/p>\n\n\n\n<p><\/p>\n\n\n\n<hr class=\"wp-block-separator has-alpha-channel-opacity\"\/>\n\n\n\n<h2>\u26a0\ufe0f Un lucru important de re\u021binut<\/h2>\n\n\n\n<p>Chiar dac\u0103 aceste dou\u0103 categorii sunt mai expuse, <strong>c\u00e2rceii pot ap\u0103rea la oricine<\/strong> \u2013 mai ales dac\u0103 exist\u0103:<\/p>\n\n\n\n<ul>\n<li>deshidratare<\/li>\n\n\n\n<li>deficit de minerale<\/li>\n\n\n\n<li>stat prelungit \u00een aceea\u0219i pozi\u021bie<\/li>\n\n\n\n<li>efort fizic intens<\/li>\n<\/ul>\n\n\n\n<p><\/p>\n\n\n\n<h2>\ud83e\uddd8 Ce po\u021bi face pentru a preveni crampele<\/h2>\n\n\n\n<h3>\u2714\ufe0f Stretching \u00eenainte de somn<\/h3>\n\n\n\n<p>O metod\u0103 simpl\u0103, dar eficient\u0103:<\/p>\n\n\n\n<p><strong>Cum procedezi:<\/strong><\/p>\n\n\n\n<ol>\n<li>Stai pe marginea patului<\/li>\n\n\n\n<li>\u00centinde picioarele<\/li>\n\n\n\n<li>Trage v\u00e2rfurile spre tine (lent) timp de 30 secunde<\/li>\n\n\n\n<li>Repet\u0103 de 3 ori<\/li>\n<\/ol>\n\n\n\n<p>\ud83d\udc49 Ajut\u0103 la relaxarea mu\u0219chilor \u0219i reduce frecven\u021ba crampelor \u00een timp.<\/p>\n\n\n\n<p><\/p>\n\n\n\n<p><\/p>\n\n\n\n<h3>\u2714\ufe0f Sfaturi utile \u00een sarcin\u0103<\/h3>\n\n\n\n<ul>\n<li>schimb\u0103 pozi\u021bia de somn (evit\u0103 presiunea pe vene)<\/li>\n\n\n\n<li>f\u0103 mi\u0219c\u0103ri u\u0219oare ale gleznelor \u00eenainte de culcare<\/li>\n\n\n\n<li>discut\u0103 cu medicul despre aportul de magneziu<\/li>\n<\/ul>\n\n\n\n<p><\/p>\n\n\n\n<p><\/p>\n\n\n\n<h2>\ud83d\udea8 C\u00e2nd ar trebui s\u0103 mergi la medic<\/h2>\n\n\n\n<p>Solicit\u0103 un consult dac\u0103:<\/p>\n\n\n\n<ul>\n<li>crampele sunt foarte frecvente sau dureroase<\/li>\n\n\n\n<li>apar doar la un singur picior<\/li>\n\n\n\n<li>sunt \u00eenso\u021bite de:\n<ul>\n<li>amor\u021beal\u0103<\/li>\n\n\n\n<li>senza\u021bie de rece<\/li>\n\n\n\n<li>modific\u0103ri de culoare ale pielii<\/li>\n<\/ul>\n<\/li>\n<\/ul>\n\n\n\n<p>\ud83d\udc49 Aceste simptome pot indica o problem\u0103 vascular\u0103 sau neurologic\u0103.<\/p>\n\n\n\n<p><\/p>\n\n\n\n<p><\/p>\n\n\n\n<h2>\ud83c\udf19 O rutin\u0103 simpl\u0103 pentru sear\u0103<\/h2>\n\n\n\n<ul>\n<li>\u2714\ufe0f 1\u20132 minute de stretching<\/li>\n\n\n\n<li>\u2714\ufe0f hidratare pe parcursul zilei<\/li>\n\n\n\n<li>\u2714\ufe0f \u00eenc\u0103l\u021b\u0103minte comod\u0103<\/li>\n\n\n\n<li>\u2714\ufe0f pozi\u021bie corect\u0103 \u00een somn (evit\u0103 v\u00e2rful piciorului \u00een jos)<\/li>\n<\/ul>\n\n\n\n<p><\/p>\n\n\n\n<h2>\ud83d\udca1 Ce s\u0103 faci \u00een timpul unui c\u00e2rcel<\/h2>\n\n\n\n<p>C\u00e2nd apare durerea:<\/p>\n\n\n\n<ul>\n<li>opre\u0219te-te<\/li>\n\n\n\n<li>respir\u0103 ad\u00e2nc<\/li>\n\n\n\n<li>trage u\u0219or v\u00e2rful piciorului spre tine<\/li>\n<\/ul>\n\n\n\n<p>\ud83d\udc49 De multe ori, acest gest simplu ac\u021bioneaz\u0103 ca un <strong>\u201ereset\u201d pentru mu\u0219chi<\/strong> \u0219i opre\u0219te spasmul rapid.<\/p>\n\n\n\n<p><\/p>\n\n\n\n<p><\/p>\n\n\n\n<h2>\ud83e\uddfe Concluzie<\/h2>\n\n\n\n<p>C\u00e2rceii nocturni sunt nepl\u0103cu\u021bi, dar \u00een majoritatea cazurilor <strong>nu sunt periculo\u0219i<\/strong>. Totu\u0219i, dac\u0103 devin frecven\u021bi sau severi, pot semnala o problem\u0103 mai serioas\u0103.<\/p>\n\n\n\n<p>\ud83d\udd0e Cheia este s\u0103-\u021bi observi corpul \u0219i s\u0103 ac\u021bionezi din timp.<\/p>\n\n\n\n<p><\/p>\n\n\n\n<p><\/p>\n\n\n\n<p><\/p>\n","protected":false},"excerpt":{"rendered":"<p>Cauza la care nu te-ai fi g\u00e2ndit Te treze\u0219ti din somn cu o durere brusc\u0103 \u00een gamb\u0103, ca \u0219i cum mu\u0219chiul s-ar \u201ebloca\u201d? Nu e\u0219ti<\/p>\n","protected":false},"author":1,"featured_media":47557,"comment_status":"closed","ping_status":"closed","sticky":false,"template":"","format":"standard","meta":[],"categories":[1],"tags":[],"_links":{"self":[{"href":"http:\/\/calatorinromania.com\/index.php?rest_route=\/wp\/v2\/posts\/47556"}],"collection":[{"href":"http:\/\/calatorinromania.com\/index.php?rest_route=\/wp\/v2\/posts"}],"about":[{"href":"http:\/\/calatorinromania.com\/index.php?rest_route=\/wp\/v2\/types\/post"}],"author":[{"embeddable":true,"href":"http:\/\/calatorinromania.com\/index.php?rest_route=\/wp\/v2\/users\/1"}],"replies":[{"embeddable":true,"href":"http:\/\/calatorinromania.com\/index.php?rest_route=%2Fwp%2Fv2%2Fcomments&post=47556"}],"version-history":[{"count":1,"href":"http:\/\/calatorinromania.com\/index.php?rest_route=\/wp\/v2\/posts\/47556\/revisions"}],"predecessor-version":[{"id":47558,"href":"http:\/\/calatorinromania.com\/index.php?rest_route=\/wp\/v2\/posts\/47556\/revisions\/47558"}],"wp:featuredmedia":[{"embeddable":true,"href":"http:\/\/calatorinromania.com\/index.php?rest_route=\/wp\/v2\/media\/47557"}],"wp:attachment":[{"href":"http:\/\/calatorinromania.com\/index.php?rest_route=%2Fwp%2Fv2%2Fmedia&parent=47556"}],"wp:term":[{"taxonomy":"category","embeddable":true,"href":"http:\/\/calatorinromania.com\/index.php?rest_route=%2Fwp%2Fv2%2Fcategories&post=47556"},{"taxonomy":"post_tag","embeddable":true,"href":"http:\/\/calatorinromania.com\/index.php?rest_route=%2Fwp%2Fv2%2Ftags&post=47556"}],"curies":[{"name":"wp","href":"https:\/\/api.w.org\/{rel}","templated":true}]}}