{"id":47554,"date":"2026-04-29T07:46:27","date_gmt":"2026-04-29T07:46:27","guid":{"rendered":"https:\/\/calatorinromania.com\/?p=47554"},"modified":"2026-04-29T07:46:27","modified_gmt":"2026-04-29T07:46:27","slug":"cand-instinctul-de-mama-ridica-intrebari-nelinistea-pe-care-nu-o-pot-ignora","status":"publish","type":"post","link":"http:\/\/calatorinromania.com\/?p=47554","title":{"rendered":"C\u00e2nd instinctul de mam\u0103 ridic\u0103 \u00eentreb\u0103ri: nelini\u0219tea pe care nu o pot ignora"},"content":{"rendered":"\n<p><\/p>\n\n\n\n<p><\/p>\n\n\n\n<p>Au trecut trei ani de c\u00e2nd mi-am reconstruit via\u021ba dup\u0103 un divor\u021b dificil. \u00cen tot acest timp, am avut norocul s\u0103 \u00eent\u00e2lnesc un b\u0103rbat care p\u0103rea s\u0103 aduc\u0103 exact echilibrul de care aveam nevoie: calm, grijuliu, atent at\u00e2t cu mine, c\u00e2t \u0219i cu fiica mea. Ea avea 16 ani atunci, iar ast\u0103zi este o t\u00e2n\u0103r\u0103 de 19 ani \u2013 vesel\u0103, sigur\u0103 pe ea \u0219i \u00een plin\u0103 maturizare.<\/p>\n\n\n\n<p><\/p>\n\n\n\n<p>\u00cen ultimele s\u0103pt\u0103m\u00e2ni, \u00eens\u0103, un sentiment ap\u0103s\u0103tor nu-mi d\u0103 pace. O nelini\u0219te vag\u0103, greu de definit, dar constant\u0103. Am \u00eenceput s\u0103 observ mici detalii care, privite individual, nu ar p\u0103rea deloc ie\u0219ite din comun: o privire prea lung\u0103, o aten\u021bie peste m\u0103sur\u0103, o reac\u021bie u\u0219or nepotrivit\u0103.<\/p>\n\n\n\n<p><\/p>\n\n\n\n<p>Poate c\u0103 sunt doar g\u00e2ndurile mele. Poate e teama fireasc\u0103 a unei mame care vrea s\u0103-\u0219i protejeze copilul. Fiica mea nu pare s\u0103 fi observat nimic neobi\u0219nuit, iar tocmai asta m\u0103 face s\u0103 fiu \u0219i mai atent\u0103. M\u0103 tot \u00eentreb: exagerez? Sau subcon\u0219tientul meu \u00eencearc\u0103 s\u0103-mi transmit\u0103 un avertisment?<\/p>\n\n\n\n<p><\/p>\n\n\n\n<p>Seara, c\u00e2nd suntem to\u021bi \u00een aceea\u0219i camer\u0103, simt o tensiune abia perceptibil\u0103. Nu e nimic evident, dar suficient c\u00e2t s\u0103 nu m\u0103 pot relaxa complet. Noaptea trecut\u0103 i-am auzit \u00een buc\u0103t\u0103rie, vorbind \u0219i r\u00e2z\u00e2nd. Era o discu\u021bie normal\u0103, \u00eens\u0103 \u00een mine s-a aprins din nou senza\u021bia aceea inexplicabil\u0103, ca un mic semnal de alarm\u0103.<\/p>\n\n\n\n<p><\/p>\n\n\n\n<p>Nu am cui s\u0103 povestesc. Nu am dovezi, doar tr\u0103iri. \u0218i totu\u0219i, nu pot ignora ceea ce simt. Sunt mam\u0103, iar instinctul matern, de cele mai multe ori, nu gre\u0219e\u0219te.<\/p>\n\n\n\n<p><\/p>\n\n\n\n<p>Nu vreau s\u0103 acuz pe nimeni pe nedrept, dar simt nevoia s\u0103 r\u0103m\u00e2n vigilent\u0103. Poate totul e doar \u00een mintea mea. Sau poate nu. Dar prefer s\u0103 m\u0103 \u00eendoiesc de mine, dec\u00e2t s\u0103 risc s\u0103 las neobservat ceva ce ar putea afecta siguran\u021ba \u0219i lini\u0219tea fiicei mele.<\/p>\n\n\n\n<p><\/p>\n\n\n\n<p>Aceast\u0103 lucrare este inspirat\u0103 din evenimente \u0219i persoane reale, \u00eens\u0103 a fost fic\u021bionalizat\u0103 \u00een scopuri creative. Numele, personajele \u0219i detaliile au fost schimbate pentru a proteja intimitatea \u0219i pentru a \u00eembun\u0103t\u0103\u021bi nara\u021biunea. Orice asem\u0103nare cu persoane reale, \u00een via\u021b\u0103 sau decedate, sau cu evenimente reale este pur \u00eent\u00e2mpl\u0103toare \u0219i nu este inten\u021bionat\u0103 de c\u0103tre autor.<\/p>\n\n\n\n<p>Autorul \u0219i editorul nu \u00ee\u0219i asum\u0103 responsabilitatea pentru exactitatea evenimentelor sau pentru modul \u00een care sunt portretizate personajele \u0219i nu sunt r\u0103spunz\u0103tori pentru eventuale interpret\u0103ri gre\u0219ite. Aceast\u0103 poveste este oferit\u0103 \u201eca atare\u201d, iar orice opinii exprimate apar\u021bin personajelor \u0219i nu reflect\u0103 punctele de vedere ale autorului sau ale editorului.<\/p>\n","protected":false},"excerpt":{"rendered":"<p>Au trecut trei ani de c\u00e2nd mi-am reconstruit via\u021ba dup\u0103 un divor\u021b dificil. \u00cen tot acest timp, am avut norocul s\u0103 \u00eent\u00e2lnesc un b\u0103rbat care<\/p>\n","protected":false},"author":1,"featured_media":47435,"comment_status":"closed","ping_status":"closed","sticky":false,"template":"","format":"standard","meta":[],"categories":[1],"tags":[],"_links":{"self":[{"href":"http:\/\/calatorinromania.com\/index.php?rest_route=\/wp\/v2\/posts\/47554"}],"collection":[{"href":"http:\/\/calatorinromania.com\/index.php?rest_route=\/wp\/v2\/posts"}],"about":[{"href":"http:\/\/calatorinromania.com\/index.php?rest_route=\/wp\/v2\/types\/post"}],"author":[{"embeddable":true,"href":"http:\/\/calatorinromania.com\/index.php?rest_route=\/wp\/v2\/users\/1"}],"replies":[{"embeddable":true,"href":"http:\/\/calatorinromania.com\/index.php?rest_route=%2Fwp%2Fv2%2Fcomments&post=47554"}],"version-history":[{"count":1,"href":"http:\/\/calatorinromania.com\/index.php?rest_route=\/wp\/v2\/posts\/47554\/revisions"}],"predecessor-version":[{"id":47555,"href":"http:\/\/calatorinromania.com\/index.php?rest_route=\/wp\/v2\/posts\/47554\/revisions\/47555"}],"wp:featuredmedia":[{"embeddable":true,"href":"http:\/\/calatorinromania.com\/index.php?rest_route=\/wp\/v2\/media\/47435"}],"wp:attachment":[{"href":"http:\/\/calatorinromania.com\/index.php?rest_route=%2Fwp%2Fv2%2Fmedia&parent=47554"}],"wp:term":[{"taxonomy":"category","embeddable":true,"href":"http:\/\/calatorinromania.com\/index.php?rest_route=%2Fwp%2Fv2%2Fcategories&post=47554"},{"taxonomy":"post_tag","embeddable":true,"href":"http:\/\/calatorinromania.com\/index.php?rest_route=%2Fwp%2Fv2%2Ftags&post=47554"}],"curies":[{"name":"wp","href":"https:\/\/api.w.org\/{rel}","templated":true}]}}