{"id":47550,"date":"2026-04-29T07:17:49","date_gmt":"2026-04-29T07:17:49","guid":{"rendered":"https:\/\/calatorinromania.com\/?p=47550"},"modified":"2026-04-29T07:17:50","modified_gmt":"2026-04-29T07:17:50","slug":"parintii-mei-m-au-abandonat-acum-21-de-ani-in-pragul-casei-bunicilor-mei","status":"publish","type":"post","link":"http:\/\/calatorinromania.com\/?p=47550","title":{"rendered":"\u201dP\u0103rin\u021bii mei m-au abandonat acum 21 de ani \u00een pragul casei bunicilor mei\u201d"},"content":{"rendered":"\n<p>\u2014 Voi?\u2026 noroc de la mine?\u2026 am rostit \u00eencet, ca s\u0103 \u00een\u021beleag\u0103 bine. A\u021bi venit la omul pe care l-a\u021bi aruncat \u00een frig.<\/p>\n\n\n\n<p><\/p>\n\n\n\n<p>Mama \u0219i-a acoperit fa\u021ba cu palmele. Tata st\u0103tea nemi\u0219cat, cu privirea \u00een podea, ca un copil prins c\u0103 a gre\u0219it. Pentru o clip\u0103 am sim\u021bit un nod \u00een g\u00e2t, dar l-am \u00eenghi\u021bit. Nu aveam de g\u00e2nd s\u0103 cad \u00een aceea\u0219i capcan\u0103 de alt\u0103dat\u0103.<\/p>\n\n\n\n<p><\/p>\n\n\n\n<p>\u2014 Uite cum st\u0103 treaba, am continuat. Nu v\u0103 pot da ce nu a\u021bi avut niciodat\u0103 pentru mine: cas\u0103, mas\u0103 \u0219i dragoste. Dar pot s\u0103 v\u0103 dau o \u0219ans\u0103. Una singur\u0103.<\/p>\n\n\n\n<p><\/p>\n\n\n\n<p>Mama a ridicat privirea, ro\u0219ie la ochi.<br>\u2014 Orice, fiule\u2026 orice.<\/p>\n\n\n\n<p>\u2014 Nu sunt \u201efiule\u201d, am spus, calm, dar ap\u0103sat. Numele \u0103sta l-a\u021bi pierdut acum dou\u0103zeci \u0219i unu de ani.<\/p>\n\n\n\n<p>Am v\u0103zut cum cuvintele mele \u00eei lovesc, dar n-am regretat. Era adev\u0103rul. \u0218i adev\u0103rul doare. M-am ridicat \u0219i am privit pe geamul mare al biroului. Bucure\u0219tiul se \u00eentindea sub mine, plin de claxoane, cl\u0103diri \u0219i oameni gr\u0103bi\u021bi. O lume \u00een care \u00eenv\u0103\u021basem s\u0103 respir singur.<\/p>\n\n\n\n<p>\u2014 V\u0103 pot da 10.000 de lei, le-am spus, f\u0103r\u0103 s\u0103 m\u0103 \u00eentorc c\u0103tre ei. Dar cu o condi\u021bie: de azi \u00eenainte nu mai veni\u021bi la mine. Nu m\u0103 mai c\u0103uta\u021bi. Nu mai cere\u021bi nimic. Asta e tot.<\/p>\n\n\n\n<p>\u00cen spatele meu, am sim\u021bit cum izbucne\u0219te furtuna. Mama a \u00eenceput s\u0103 pl\u00e2ng\u0103, tata a \u00eencercat s\u0103 spun\u0103 ceva, dar i-am f\u0103cut semn s\u0103 tac\u0103.<\/p>\n\n\n\n<p>\u2014 Nu e r\u0103zbunare, am ad\u0103ugat. E lini\u0219tea mea. Singura pe care o am.<\/p>\n\n\n\n<p>Au plecat f\u0103r\u0103 s\u0103 mai zic\u0103 nimic. Doar pa\u0219ii lor grei pe gresia rece ai biroului au r\u0103mas \u00een urm\u0103. C\u00e2nd u\u0219a s-a \u00eenchis, am sim\u021bit cum un gol se umple \u00eencet, ca \u0219i cum o parte din mine, prins\u0103 \u00een trecut, abia atunci se desprindea.<\/p>\n\n\n\n<p>Dar povestea nu s-a terminat acolo. O lun\u0103 mai t\u00e2rziu, am primit o scrisoare. Nu email, nu mesaj. O scrisoare adev\u0103rat\u0103, cu plic galben, u\u0219or mototolit. Am recunoscut scrisul tremurat al mamei. Am stat c\u00e2teva secunde cu plicul \u00een m\u00e2n\u0103, nehot\u0103r\u00e2t dac\u0103 s\u0103-l deschid sau s\u0103-l arunc. Curiozitatea \u00eens\u0103 m-a \u00eenvins.<\/p>\n\n\n\n<p>\u00cen\u0103untru erau doar c\u00e2teva r\u00e2nduri: \u201e\u0218tim c\u0103 nu merit\u0103m nimic. \u0218tim c\u0103 ne-ai ajutat mai mult dec\u00e2t te-am ajutat noi vreodat\u0103. Nu cerem iertare, c\u0103 nu \u0219tim dac\u0103 ai putea vreodat\u0103 s\u0103 ne ier\u021bi. Vrem doar s\u0103 \u0219tii c\u0103 ne pare r\u0103u. Cu adev\u0103rat. \u0218i c\u0103 dac\u0103 e vreodat\u0103 nevoie de noi \u2014 pentru orice \u2014 o s\u0103 venim. Chiar dac\u0103 \u0219tiu c\u0103 n-o s\u0103 ne chemi niciodat\u0103.\u201d<\/p>\n\n\n\n<p>M-am a\u0219ezat pe marginea canapelei. Pentru prima dat\u0103 dup\u0103 mult timp, cineva \u00eemi vorbea f\u0103r\u0103 cereri, f\u0103r\u0103 a\u0219tept\u0103ri. Doar cu regret.<\/p>\n\n\n\n<p>Am respirat ad\u00e2nc. Poate c\u0103 nu aveam p\u0103rin\u021bi. Poate c\u0103 nu i-am avut niciodat\u0103. Dar aveam ceva mai important: bunicii mei. Oameni simpli, de la \u021bar\u0103, care m-au crescut cu ce-au avut \u0219i m-au \u00eenv\u0103\u021bat s\u0103 nu-mi plec capul.<\/p>\n\n\n\n<p>\u00cen weekend am urcat \u00een ma\u0219in\u0103 \u0219i am plecat spre casa lor. Casa copil\u0103riei mele. Acolo unde totul \u00eencepuse \u0219i unde, cumva, tot acolo urma s\u0103 se a\u0219eze.<\/p>\n\n\n\n<p>C\u00e2nd am intrat \u00een curte, tanti Tereza m-a privit cu ochii ei alba\u0219tri, obosi\u021bi, dar \u00eenc\u0103 vii.<br>\u2014 Te-ai \u00eentors, m\u0103i b\u0103iete\u2026, a spus \u00eencet.<\/p>\n\n\n\n<p>\u2014 M-am \u00eentors, mam\u0103 Mare.<\/p>\n\n\n\n<p>Ne-am \u00eembr\u0103\u021bi\u0219at str\u00e2ns, iar lini\u0219tea cur\u021bii a spus totul. Dup\u0103 o vreme, m-am a\u0219ezat cu ea la mas\u0103, la un ceai fierbinte, a\u0219a cum f\u0103ceam c\u00e2nd eram mic.<\/p>\n\n\n\n<p>\u2014 Ai f\u0103cut ce-a trebuit, dragul meu, mi-a zis. Oamenii gre\u0219esc. Dar tu ai mers \u00eenainte. Asta \u00eenseamn\u0103 s\u0103 fii om mare.<\/p>\n\n\n\n<p>Am l\u0103sat capul \u00een jos.<br>\u2014 Oare am fost prea dur?<\/p>\n\n\n\n<p>\u2014 Nu. Ai fost drept. Uneori dreptatea doare. Dar e singura care vindec\u0103.<\/p>\n\n\n\n<p>Am privit spre cer. Norii se mi\u0219cau \u00eencet, iar o raz\u0103 de lumin\u0103 trecea printre ei. Pentru prima dat\u0103, sim\u021beam pace.<\/p>\n\n\n\n<p>Nu pentru c\u0103 iertasem. Ci pentru c\u0103 \u00eenv\u0103\u021basem s\u0103 merg mai departe f\u0103r\u0103 ur\u0103. Cu demnitate. A\u0219a cum m-au \u00eenv\u0103\u021bat oamenii care m-au crescut. \u0218i, \u00eentr-un fel sau altul, \u0103sta e cel mai mare noroc pe care l-a\u0219 fi putut avea vreodat\u0103.<\/p>\n\n\n\n<p><em>Aceast\u0103 lucrare este inspirat\u0103 din evenimente \u0219i persoane reale, \u00eens\u0103 a fost fic\u021bionalizat\u0103 \u00een scopuri creative. Numele, personajele \u0219i detaliile au fost schimbate pentru a proteja intimitatea \u0219i pentru a \u00eembun\u0103t\u0103\u021bi nara\u021biunea. Orice asem\u0103nare cu persoane reale, \u00een via\u021b\u0103 sau decedate, sau cu evenimente reale este pur \u00eent\u00e2mpl\u0103toare \u0219i nu este inten\u021bionat\u0103 de c\u0103tre autor.<\/em><\/p>\n\n\n\n<p><em>Autorul \u0219i editorul nu \u00ee\u0219i asum\u0103 responsabilitatea pentru exactitatea evenimentelor sau pentru modul \u00een care sunt portretizate personajele \u0219i nu sunt r\u0103spunz\u0103tori pentru eventuale interpret\u0103ri gre\u0219ite. Aceast\u0103 poveste este oferit\u0103 \u201eca atare\u201d, iar orice opinii exprimate apar\u021bin personajelor \u0219i nu reflect\u0103 punctele de vedere ale autorului sau ale editorului.<\/em><\/p>\n\n\n\n<h1><\/h1>\n","protected":false},"excerpt":{"rendered":"<p>\u2014 Voi?\u2026 noroc de la mine?\u2026 am rostit \u00eencet, ca s\u0103 \u00een\u021beleag\u0103 bine. A\u021bi venit la omul pe care l-a\u021bi aruncat \u00een frig. Mama \u0219i-a<\/p>\n","protected":false},"author":1,"featured_media":47435,"comment_status":"closed","ping_status":"closed","sticky":false,"template":"","format":"standard","meta":[],"categories":[1],"tags":[],"_links":{"self":[{"href":"http:\/\/calatorinromania.com\/index.php?rest_route=\/wp\/v2\/posts\/47550"}],"collection":[{"href":"http:\/\/calatorinromania.com\/index.php?rest_route=\/wp\/v2\/posts"}],"about":[{"href":"http:\/\/calatorinromania.com\/index.php?rest_route=\/wp\/v2\/types\/post"}],"author":[{"embeddable":true,"href":"http:\/\/calatorinromania.com\/index.php?rest_route=\/wp\/v2\/users\/1"}],"replies":[{"embeddable":true,"href":"http:\/\/calatorinromania.com\/index.php?rest_route=%2Fwp%2Fv2%2Fcomments&post=47550"}],"version-history":[{"count":1,"href":"http:\/\/calatorinromania.com\/index.php?rest_route=\/wp\/v2\/posts\/47550\/revisions"}],"predecessor-version":[{"id":47551,"href":"http:\/\/calatorinromania.com\/index.php?rest_route=\/wp\/v2\/posts\/47550\/revisions\/47551"}],"wp:featuredmedia":[{"embeddable":true,"href":"http:\/\/calatorinromania.com\/index.php?rest_route=\/wp\/v2\/media\/47435"}],"wp:attachment":[{"href":"http:\/\/calatorinromania.com\/index.php?rest_route=%2Fwp%2Fv2%2Fmedia&parent=47550"}],"wp:term":[{"taxonomy":"category","embeddable":true,"href":"http:\/\/calatorinromania.com\/index.php?rest_route=%2Fwp%2Fv2%2Fcategories&post=47550"},{"taxonomy":"post_tag","embeddable":true,"href":"http:\/\/calatorinromania.com\/index.php?rest_route=%2Fwp%2Fv2%2Ftags&post=47550"}],"curies":[{"name":"wp","href":"https:\/\/api.w.org\/{rel}","templated":true}]}}