{"id":47546,"date":"2026-04-29T07:01:16","date_gmt":"2026-04-29T07:01:16","guid":{"rendered":"https:\/\/calatorinromania.com\/?p=47546"},"modified":"2026-04-29T07:01:16","modified_gmt":"2026-04-29T07:01:16","slug":"au-ras-de-mine-pentru-ca-sunt-baiatul-unei-femei-care-strange-gunoaie","status":"publish","type":"post","link":"http:\/\/calatorinromania.com\/?p=47546","title":{"rendered":"\u201eAu r\u00e2s de mine pentru c\u0103 sunt b\u0103iatul unei femei care str\u00e2nge gunoaie\u201d"},"content":{"rendered":"\n<p>C\u00e2nd mi-au rostit numele, inima mi-a b\u0103tut mai tare ca niciodat\u0103. M-am ridicat dintre colegii mei, cu palmele transpirate \u0219i ochii umezi. \u00cen timp ce urcam pe scen\u0103, privirea mamei m\u0103 urm\u0103rea. Z\u00e2mbea larg, dar \u00een col\u021bul ochilor i se adunaser\u0103 lacrimi.<\/p>\n\n\n\n<p><\/p>\n\n\n\n<p>Am primit diploma tremur\u00e2nd. Profesorul mi-a str\u00e2ns m\u00e2na \u0219i mi-a spus \u00eencet: \u2014 E\u0219ti un exemplu pentru to\u021bi, Mihai.<\/p>\n\n\n\n<p><\/p>\n\n\n\n<p>M-am \u00eentors spre public, am privit mul\u021bimea care odinioar\u0103 r\u00e2dea de mine, \u0219i am spus doar at\u00e2t: \u2014 A\u0219 vrea s\u0103 dedic aceast\u0103 reu\u0219it\u0103 femeii care m-a \u00eenv\u0103\u021bat ce \u00eenseamn\u0103 curajul adev\u0103rat. Femeii care n-a avut niciodat\u0103 vacan\u021be, haine scumpe sau timp pentru ea. Femeii care mi-a dat totul, de\u0219i n-avea nimic.<\/p>\n\n\n\n<p><\/p>\n\n\n\n<p>Am ar\u0103tat spre mama. S-a ridicat \u00eencet \u00een picioare, ru\u0219inat\u0103, \u00eencerc\u00e2nd s\u0103-\u0219i ascund\u0103 lacrimile. Oamenii s-au \u00eentors s\u0103 se uite la ea. Nimeni nu mai r\u00e2dea.<\/p>\n\n\n\n<p><\/p>\n\n\n\n<p>Am continuat: \u2014 Da, sunt fiul gunoieresei. \u0218i sunt m\u00e2ndru de asta. Pentru c\u0103 din m\u00e2inile ei cr\u0103pate, din mirosul de gunoi \u0219i din ru\u0219inea pe care voi o r\u00e2dea\u021bi, s-a n\u0103scut omul care st\u0103 ast\u0103zi aici.<\/p>\n\n\n\n<p><\/p>\n\n\n\n<p>\u00cen sal\u0103 s-a f\u0103cut lini\u0219te. Apoi, cineva a \u00eenceput s\u0103 aplaude. Apoi altul. \u00centr-un minut, toat\u0103 sala era \u00een picioare. Aplauze, lacrimi, ochi ro\u0219ii. Iar mama mea, femeia care toat\u0103 via\u021ba fusese privit\u0103 de sus, a fost aplaudat\u0103 de o \u00eentreag\u0103 \u0219coal\u0103.<\/p>\n\n\n\n<p><\/p>\n\n\n\n<p>Dup\u0103 ceremonie, am mers \u00eempreun\u0103 pe jos p\u00e2n\u0103 acas\u0103. Mama \u021binea diploma la piept, ca pe o comoar\u0103.<\/p>\n\n\n\n<p>\u2014 N-am crezut vreodat\u0103, fiule, c\u0103 o s\u0103 tr\u0103iesc o zi ca asta, a zis ea, tremur\u00e2nd.<\/p>\n\n\n\n<p>I-am z\u00e2mbit.<\/p>\n\n\n\n<p>\u2014 Mam\u0103, de azi nu o s\u0103 mai mergi la groapa de gunoi. Jur.<\/p>\n\n\n\n<p>\u0218i m-am \u021binut de cuv\u00e2nt.<\/p>\n\n\n\n<p>Am intrat la facultate cu burs\u0103, am lucrat serile \u00eentr-un mic magazin \u0219i am trimis bani acas\u0103. \u00centr-o var\u0103, am cump\u0103rat pentru mama prima ei pereche de pantofi noi \u0219i o rochie albastr\u0103. \u021ain minte c\u0103 a stat \u00een fa\u021ba oglinzii minute \u00eentregi, nevenindu-i s\u0103 cread\u0103 c\u0103 e a ei.<\/p>\n\n\n\n<p>Anii au trecut. Am terminat facultatea, am devenit inginer \u0219i am construit casa pe care o visam c\u00e2ndva. O cas\u0103 mic\u0103, dar curat\u0103, cu flori la fereastr\u0103 \u0219i cu o curte unde mama \u00ee\u0219i bea cafeaua diminea\u021ba, \u00een lini\u0219te.<\/p>\n\n\n\n<p>C\u00e2nd trece c\u00e2te un vecin, o salut\u0103 cu respect: \u2014 S\u0103rut m\u00e2na, doamn\u0103 Maria, ce b\u0103iat bun ave\u021bi!<\/p>\n\n\n\n<p>\u0218i ea z\u00e2mbe\u0219te, dar eu \u0219tiu c\u0103 \u00een spatele acelui z\u00e2mbet sunt ani \u00eentregi de durere, umilin\u021b\u0103 \u0219i iubire. Uneori, m\u0103 uit la m\u00e2inile ei \u0219i \u00eemi amintesc cum c\u0103uta printre gunoaie, \u00een timp ce eu visam la o via\u021b\u0103 mai bun\u0103. Niciun premiu, nicio diplom\u0103, nicio medalie nu poate egala sacrificiul acelei femei.<\/p>\n\n\n\n<p>\u0218i dac\u0103 cineva m\u0103 \u00eentreab\u0103 azi cine este eroul meu, r\u0103spund f\u0103r\u0103 s\u0103 clipesc: \u2014 Mama mea.<\/p>\n\n\n\n<p>Pentru c\u0103 ea mi-a ar\u0103tat c\u0103&nbsp;nu trebuie s\u0103 te ru\u0219inezi de unde vii, ci doar s\u0103 nu ui\u021bi cine te-a crescut. \u0218i poate c\u0103 lumea m-a numit \u201efiul gunoieresei\u201d, dar eu \u0219tiu c\u0103, \u00een realitate,&nbsp;sunt fiul unei regine f\u0103r\u0103 coroan\u0103.<\/p>\n\n\n\n<p><em>Aceast\u0103 lucrare este inspirat\u0103 din evenimente \u0219i persoane reale, \u00eens\u0103 a fost fic\u021bionalizat\u0103 \u00een scopuri creative. Numele, personajele \u0219i detaliile au fost schimbate pentru a proteja intimitatea \u0219i pentru a \u00eembun\u0103t\u0103\u021bi nara\u021biunea. Orice asem\u0103nare cu persoane reale, \u00een via\u021b\u0103 sau decedate, sau cu evenimente reale este pur \u00eent\u00e2mpl\u0103toare \u0219i nu este inten\u021bionat\u0103 de c\u0103tre autor.<\/em><\/p>\n\n\n\n<p><em>Autorul \u0219i editorul nu \u00ee\u0219i asum\u0103 responsabilitatea pentru exactitatea evenimentelor sau pentru modul \u00een care sunt portretizate personajele \u0219i nu sunt r\u0103spunz\u0103tori pentru eventuale interpret\u0103ri gre\u0219ite. Aceast\u0103 poveste este oferit\u0103 \u201eca atare\u201d, iar orice opinii exprimate apar\u021bin personajelor \u0219i nu reflect\u0103 punctele de vedere ale autorului sau ale editorului.<\/em><\/p>\n","protected":false},"excerpt":{"rendered":"<p>C\u00e2nd mi-au rostit numele, inima mi-a b\u0103tut mai tare ca niciodat\u0103. M-am ridicat dintre colegii mei, cu palmele transpirate \u0219i ochii umezi. \u00cen timp ce<\/p>\n","protected":false},"author":1,"featured_media":47435,"comment_status":"closed","ping_status":"closed","sticky":false,"template":"","format":"standard","meta":[],"categories":[1],"tags":[],"_links":{"self":[{"href":"http:\/\/calatorinromania.com\/index.php?rest_route=\/wp\/v2\/posts\/47546"}],"collection":[{"href":"http:\/\/calatorinromania.com\/index.php?rest_route=\/wp\/v2\/posts"}],"about":[{"href":"http:\/\/calatorinromania.com\/index.php?rest_route=\/wp\/v2\/types\/post"}],"author":[{"embeddable":true,"href":"http:\/\/calatorinromania.com\/index.php?rest_route=\/wp\/v2\/users\/1"}],"replies":[{"embeddable":true,"href":"http:\/\/calatorinromania.com\/index.php?rest_route=%2Fwp%2Fv2%2Fcomments&post=47546"}],"version-history":[{"count":1,"href":"http:\/\/calatorinromania.com\/index.php?rest_route=\/wp\/v2\/posts\/47546\/revisions"}],"predecessor-version":[{"id":47547,"href":"http:\/\/calatorinromania.com\/index.php?rest_route=\/wp\/v2\/posts\/47546\/revisions\/47547"}],"wp:featuredmedia":[{"embeddable":true,"href":"http:\/\/calatorinromania.com\/index.php?rest_route=\/wp\/v2\/media\/47435"}],"wp:attachment":[{"href":"http:\/\/calatorinromania.com\/index.php?rest_route=%2Fwp%2Fv2%2Fmedia&parent=47546"}],"wp:term":[{"taxonomy":"category","embeddable":true,"href":"http:\/\/calatorinromania.com\/index.php?rest_route=%2Fwp%2Fv2%2Fcategories&post=47546"},{"taxonomy":"post_tag","embeddable":true,"href":"http:\/\/calatorinromania.com\/index.php?rest_route=%2Fwp%2Fv2%2Ftags&post=47546"}],"curies":[{"name":"wp","href":"https:\/\/api.w.org\/{rel}","templated":true}]}}