{"id":47540,"date":"2026-04-29T06:44:28","date_gmt":"2026-04-29T06:44:28","guid":{"rendered":"https:\/\/calatorinromania.com\/?p=47540"},"modified":"2026-04-29T06:44:29","modified_gmt":"2026-04-29T06:44:29","slug":"daca-ma-lasi-fara-un-nepot-sa-nu-te-astepti-la-niciun-ban-de-la-mine","status":"publish","type":"post","link":"http:\/\/calatorinromania.com\/?p=47540","title":{"rendered":"\u201eDac\u0103 m\u0103 la\u0219i f\u0103r\u0103 un nepot, s\u0103 nu te a\u0219tep\u021bi la niciun ban de la mine!\u201d"},"content":{"rendered":"\n<p>\u2026nu ne l\u0103sase aproape nimic.<\/p>\n\n\n\n<p><\/p>\n\n\n\n<p>Am r\u0103mas cu foaia \u00een m\u00e2n\u0103, f\u0103r\u0103 s\u0103 pot scoate un cuv\u00e2nt. Notarul \u00ee\u0219i dregea vocea, \u00eencerc\u00e2nd s\u0103 p\u0103streze o atmosfer\u0103 serioas\u0103, dar \u00een camer\u0103 se sim\u021bea deja tensiunea.<\/p>\n\n\n\n<p><\/p>\n\n\n\n<p>\u201eCum adic\u0103\u2026 nimic?\u201d am \u00eentrebat, cu vocea tremurat\u0103.<\/p>\n\n\n\n<p><\/p>\n\n\n\n<p>\u201eCasa din Bucure\u0219ti,\u201d a continuat notarul, \u201eeste l\u0103sat\u0103 integral nepoatei, Ana. Conturile\u2026 de asemenea, pe numele ei. Dumneavoastr\u0103 primi\u021bi\u2026 acest plic.\u201d<\/p>\n\n\n\n<p><\/p>\n\n\n\n<p>Un plic.<\/p>\n\n\n\n<p><\/p>\n\n\n\n<p>At\u00e2t.<\/p>\n\n\n\n<p><\/p>\n\n\n\n<p>L-am luat mecanic, f\u0103r\u0103 s\u0103 \u00een\u021beleg exact ce se \u00eent\u00e2mpl\u0103. So\u021bul meu, Mihai, s-a uitat la mine nedumerit, dar nu a zis nimic. Ana, care st\u0103tea l\u00e2ng\u0103 mine, p\u0103rea \u0219i ea pierdut\u0103.<\/p>\n\n\n\n<p>\u201eMam\u0103\u2026 ce \u00eenseamn\u0103 asta?\u201d a \u0219optit ea.<\/p>\n\n\n\n<p>N-am \u0219tiut ce s\u0103-i r\u0103spund.<\/p>\n\n\n\n<p>Am ie\u0219it din birou \u00een t\u0103cere. Afar\u0103, lumea \u00ee\u0219i vedea de treab\u0103, ma\u0219inile treceau, oamenii vorbeau, iar pentru mine totul p\u0103rea brusc foarte departe.<\/p>\n\n\n\n<p>Am deschis plicul.<\/p>\n\n\n\n<p>\u00cen\u0103untru era o scrisoare.<\/p>\n\n\n\n<p>Am \u00eenceput s\u0103 citesc, cu m\u00e2inile u\u0219or tremur\u00e2nde.<\/p>\n\n\n\n<p>\u201eDrag\u0103 fiic\u0103,<\/p>\n\n\n\n<p>Dac\u0103 cite\u0219ti asta, \u00eenseamn\u0103 c\u0103 nu mai sunt. \u0218tiu c\u0103 o s\u0103 fii sup\u0103rat\u0103 pe mine, dar te rog s\u0103 cite\u0219ti p\u00e2n\u0103 la cap\u0103t.<\/p>\n\n\n\n<p>\u0218tiu c\u0103 nu \u021bi-ai dorit niciodat\u0103 copii. \u0218tiu c\u0103 te-am for\u021bat. Poate prea mult. Dar vreau s\u0103 \u00een\u021belegi ceva: nu am f\u0103cut-o pentru mine.<\/p>\n\n\n\n<p>Am v\u0103zut \u00een tine o femeie care fugea de responsabilitate. Care tr\u0103ia comod, f\u0103r\u0103 s\u0103-\u0219i asume nimic cu adev\u0103rat. \u0218i mi-a fost team\u0103 pentru tine.<\/p>\n\n\n\n<p>Ana nu a fost doar nepoata mea. A fost \u0219ansa ta.<\/p>\n\n\n\n<p>\u0218tiu c\u0103 am crescut-o eu \u00een mare parte. \u0218tiu c\u0103 ai lipsit. Dar speram c\u0103, \u00eentr-o zi, o s\u0103 te apropii de ea. O s\u0103 \u00een\u021belegi ce \u00eenseamn\u0103 s\u0103 iube\u0219ti pe cineva mai mult dec\u00e2t pe tine.<\/p>\n\n\n\n<p>De aceea, totul este pe numele ei. Pentru c\u0103 ea a fost acolo. Ea m-a \u021binut de m\u00e2n\u0103 c\u00e2nd eram bolnav\u0103. Ea mi-a adus ap\u0103. Ea a stat l\u00e2ng\u0103 mine.<\/p>\n\n\n\n<p>Tu\u2026 ai fost ocupat\u0103.<\/p>\n\n\n\n<p>Dar nu e prea t\u00e2rziu.<\/p>\n\n\n\n<p>Dac\u0103 vrei s\u0103 recuperezi ce ai pierdut, \u00eencepe cu ea.<\/p>\n\n\n\n<p>Cu drag,<br>Mama\u201d<\/p>\n\n\n\n<p>Am cobor\u00e2t foaia \u00eencet.<\/p>\n\n\n\n<p>Nu mai puteam respira cum trebuie.<\/p>\n\n\n\n<p>Nu banii m\u0103 dureau.<\/p>\n\n\n\n<p>Ci fiecare cuv\u00e2nt.<\/p>\n\n\n\n<p>Fiecare adev\u0103r.<\/p>\n\n\n\n<p>Am ridicat privirea spre Ana. St\u0103tea l\u00e2ng\u0103 mine, t\u0103cut\u0103, cu ochii mari, nesigur\u0103.<\/p>\n\n\n\n<p>\u0218i atunci am realizat.<\/p>\n\n\n\n<p>Avea dreptate.<\/p>\n\n\n\n<p>Nu fusesem acolo.<\/p>\n\n\n\n<p>Ani de zile am l\u0103sat totul pe umerii mamei. \u201eEa se descurc\u0103 mai bine\u201d, \u00eemi spuneam. \u201eEa vrea copilul, nu eu.\u201d \u0218i m-am retras, \u00eencet, f\u0103r\u0103 s\u0103-mi dau seama c\u00e2t pierd.<\/p>\n\n\n\n<p>\u201eAna\u2026\u201d am spus \u00eencet.<\/p>\n\n\n\n<p>Ea s-a uitat la mine, parc\u0103 a\u0219tept\u00e2nd ceva.<\/p>\n\n\n\n<p>\u201e\u00cemi pare r\u0103u.\u201d<\/p>\n\n\n\n<p>Cuvintele au ie\u0219it greu, dar erau reale.<\/p>\n\n\n\n<p>\u201ePentru tot. Pentru c\u0103 nu am fost acolo. Pentru c\u0103\u2026 am ratat at\u00e2t de multe.\u201d<\/p>\n\n\n\n<p>T\u0103cere.<\/p>\n\n\n\n<p>Apoi, ea a f\u0103cut un pas spre mine.<\/p>\n\n\n\n<p>\u201e\u0218tiu,\u201d a spus simplu.<\/p>\n\n\n\n<p>Nu era repro\u0219. Nu era furie.<\/p>\n\n\n\n<p>Doar\u2026 adev\u0103r.<\/p>\n\n\n\n<p>Mi-au dat lacrimile.<\/p>\n\n\n\n<p>\u201eDar putem s\u0103\u2026 \u00eencepem de acum?\u201d am \u00eentrebat, aproape \u0219optit.<\/p>\n\n\n\n<p>A ezitat o clip\u0103.<\/p>\n\n\n\n<p>Apoi a dat din cap.<\/p>\n\n\n\n<p>\u201ePutem \u00eencerca.\u201d<\/p>\n\n\n\n<p>At\u00e2t mi-a trebuit.<\/p>\n\n\n\n<p>Am \u00eembr\u0103\u021bi\u0219at-o str\u00e2ns, pentru prima dat\u0103 dup\u0103 mult timp. Nu ca un gest formal. Nu din obliga\u021bie.<\/p>\n\n\n\n<p>Ci ca o mam\u0103.<\/p>\n\n\n\n<p>\u00cen zilele care au urmat, lucrurile nu s-au schimbat peste noapte. Nu am devenit brusc apropiate, nu am recuperat 15 ani \u00eentr-o s\u0103pt\u0103m\u00e2n\u0103.<\/p>\n\n\n\n<p>Dar am \u00eenceput.<\/p>\n\n\n\n<p>Am ie\u0219it \u00eempreun\u0103 la o cafea. Am vorbit. La \u00eenceput st\u00e2ngaci. Apoi din ce \u00een ce mai deschis.<\/p>\n\n\n\n<p>Am aflat ce \u00eei place. Ce o doare. Ce vise are.<\/p>\n\n\n\n<p>Am \u00eenceput s\u0103 fiu acolo.<\/p>\n\n\n\n<p>Cu adev\u0103rat.<\/p>\n\n\n\n<p>\u00centr-o sear\u0103, st\u0103team \u00een buc\u0103t\u0103rie, preg\u0103tind cina \u00eempreun\u0103. R\u00e2deam de ceva banal, iar ea, dintr-odat\u0103, s-a oprit \u0219i m-a privit.<\/p>\n\n\n\n<p>\u201e\u0218tii\u2026\u201d a spus, \u201ea\u0219 fi vrut s\u0103 fie a\u0219a de mai devreme.\u201d<\/p>\n\n\n\n<p>Am sim\u021bit un nod \u00een g\u00e2t.<\/p>\n\n\n\n<p>\u201e\u0218i eu.\u201d<\/p>\n\n\n\n<p>A z\u00e2mbit.<\/p>\n\n\n\n<p>\u201eDar m\u0103car e acum.\u201d<\/p>\n\n\n\n<p>Am dat din cap.<\/p>\n\n\n\n<p>Da.<\/p>\n\n\n\n<p>Mama nu mi-a l\u0103sat bani.<\/p>\n\n\n\n<p>Mi-a l\u0103sat ceva mult mai greu\u2026 dar \u0219i mult mai valoros.<\/p>\n\n\n\n<p>O a doua \u0219ans\u0103.<\/p>\n\n\n\n<p>\u0218i, de data asta, nu aveam de g\u00e2nd s\u0103 o pierd.<\/p>\n\n\n\n<p><em>Aceast\u0103 lucrare este inspirat\u0103 din evenimente \u0219i persoane reale, \u00eens\u0103 a fost fic\u021bionalizat\u0103 \u00een scopuri creative. Numele, personajele \u0219i detaliile au fost schimbate pentru a proteja intimitatea \u0219i pentru a \u00eembun\u0103t\u0103\u021bi nara\u021biunea. Orice asem\u0103nare cu persoane reale, \u00een via\u021b\u0103 sau decedate, sau cu evenimente reale este pur \u00eent\u00e2mpl\u0103toare \u0219i nu este inten\u021bionat\u0103 de c\u0103tre autor.<\/em><\/p>\n\n\n\n<p><em>Autorul \u0219i editorul nu \u00ee\u0219i asum\u0103 responsabilitatea pentru exactitatea evenimentelor sau pentru modul \u00een care sunt portretizate personajele \u0219i nu sunt r\u0103spunz\u0103tori pentru eventuale interpret\u0103ri gre\u0219ite. Aceast\u0103 poveste este oferit\u0103 \u201eca atare\u201d, iar orice opinii exprimate apar\u021bin personajelor \u0219i nu reflect\u0103 punctele de vedere ale autorului sau ale editorului.<\/em><\/p>\n","protected":false},"excerpt":{"rendered":"<p>\u2026nu ne l\u0103sase aproape nimic. Am r\u0103mas cu foaia \u00een m\u00e2n\u0103, f\u0103r\u0103 s\u0103 pot scoate un cuv\u00e2nt. Notarul \u00ee\u0219i dregea vocea, \u00eencerc\u00e2nd s\u0103 p\u0103streze o<\/p>\n","protected":false},"author":1,"featured_media":47435,"comment_status":"closed","ping_status":"closed","sticky":false,"template":"","format":"standard","meta":[],"categories":[1],"tags":[],"_links":{"self":[{"href":"http:\/\/calatorinromania.com\/index.php?rest_route=\/wp\/v2\/posts\/47540"}],"collection":[{"href":"http:\/\/calatorinromania.com\/index.php?rest_route=\/wp\/v2\/posts"}],"about":[{"href":"http:\/\/calatorinromania.com\/index.php?rest_route=\/wp\/v2\/types\/post"}],"author":[{"embeddable":true,"href":"http:\/\/calatorinromania.com\/index.php?rest_route=\/wp\/v2\/users\/1"}],"replies":[{"embeddable":true,"href":"http:\/\/calatorinromania.com\/index.php?rest_route=%2Fwp%2Fv2%2Fcomments&post=47540"}],"version-history":[{"count":1,"href":"http:\/\/calatorinromania.com\/index.php?rest_route=\/wp\/v2\/posts\/47540\/revisions"}],"predecessor-version":[{"id":47541,"href":"http:\/\/calatorinromania.com\/index.php?rest_route=\/wp\/v2\/posts\/47540\/revisions\/47541"}],"wp:featuredmedia":[{"embeddable":true,"href":"http:\/\/calatorinromania.com\/index.php?rest_route=\/wp\/v2\/media\/47435"}],"wp:attachment":[{"href":"http:\/\/calatorinromania.com\/index.php?rest_route=%2Fwp%2Fv2%2Fmedia&parent=47540"}],"wp:term":[{"taxonomy":"category","embeddable":true,"href":"http:\/\/calatorinromania.com\/index.php?rest_route=%2Fwp%2Fv2%2Fcategories&post=47540"},{"taxonomy":"post_tag","embeddable":true,"href":"http:\/\/calatorinromania.com\/index.php?rest_route=%2Fwp%2Fv2%2Ftags&post=47540"}],"curies":[{"name":"wp","href":"https:\/\/api.w.org\/{rel}","templated":true}]}}