{"id":46671,"date":"2026-03-14T06:51:39","date_gmt":"2026-03-14T06:51:39","guid":{"rendered":"https:\/\/calatorinromania.com\/?p=46671"},"modified":"2026-03-14T06:51:39","modified_gmt":"2026-03-14T06:51:39","slug":"mi-am-facut-vasectomie-acum-14-ani-dar-totusi-sotia-mea-a-ramas-insarcinata","status":"publish","type":"post","link":"http:\/\/calatorinromania.com\/?p=46671","title":{"rendered":"Mi-am f\u0103cut vasectomie acum 14 ani\u2026 dar totu\u0219i so\u021bia mea a r\u0103mas \u00eens\u0103rcinat\u0103."},"content":{"rendered":"\n<p>\u201e<strong>Probabilitate de paternitate: 99,99%. Tat\u0103l biologic este Alexandru Popescu.<\/strong>\u201d<\/p>\n\n\n\n<p><\/p>\n\n\n\n<p>Am citit fraza de trei ori.<\/p>\n\n\n\n<p><\/p>\n\n\n\n<p>Apoi \u00eenc\u0103 o dat\u0103.<\/p>\n\n\n\n<p><\/p>\n\n\n\n<p>Litera cu liter\u0103.<\/p>\n\n\n\n<p><\/p>\n\n\n\n<p>Parc\u0103 nu voiam s\u0103 cred ce v\u0103d.<\/p>\n\n\n\n<p><\/p>\n\n\n\n<p>Am l\u0103sat h\u00e2rtia s\u0103 cad\u0103 pe scaunul din dreapta \u0219i m-am sprijinit cu fruntea de volan.<\/p>\n\n\n\n<p><\/p>\n\n\n\n<p>Un r\u00e2s scurt mi-a sc\u0103pat din piept.<\/p>\n\n\n\n<p><\/p>\n\n\n\n<p>Nu era un r\u00e2s de bucurie.<\/p>\n\n\n\n<p><\/p>\n\n\n\n<p>Era mai degrab\u0103 r\u00e2sul unui om care tocmai a \u00een\u021beles c\u00e2t de prost a fost.<\/p>\n\n\n\n<p>Paisprezece ani.<\/p>\n\n\n\n<p><\/p>\n\n\n\n<p>Paisprezece ani \u00een care eu am tr\u0103it convins c\u0103 acel document din sertar era o garan\u021bie.<\/p>\n\n\n\n<p><\/p>\n\n\n\n<p>Paisprezece ani \u00een care mi-am spus c\u0103 viitorul e \u201esigur\u201d.<\/p>\n\n\n\n<p>\u0218i totu\u0219i\u2026<\/p>\n\n\n\n<p>Copilul era al meu.<\/p>\n\n\n\n<p>\u00cen acel moment am sim\u021bit ceva ciudat \u00een piept. Ca \u0219i cum cineva ar fi desf\u0103cut un nod str\u00e2ns de ani \u00eentregi.<\/p>\n\n\n\n<p>M-am uitat pe geam.<\/p>\n\n\n\n<p>Clopotele bisericii au \u00eenceput s\u0103 bat\u0103 \u00eencet.<\/p>\n\n\n\n<p>M-am g\u00e2ndit la Elena.<\/p>\n\n\n\n<p>La felul \u00een care st\u0103tea uneori \u00een u\u0219a salonului, privind copiii de pe strad\u0103.<\/p>\n\n\n\n<p>La felul \u00een care \u00ee\u0219i mu\u0219ca buzele c\u00e2nd credea c\u0103 nu o v\u0103d.<\/p>\n\n\n\n<p>La lini\u0219tea aceea pe care eu o numisem \u201eacceptare\u201d.<\/p>\n\n\n\n<p>De fapt\u2026<\/p>\n\n\n\n<p>Era resemnare.<\/p>\n\n\n\n<p>Am pornit ma\u0219ina.<\/p>\n\n\n\n<p>Drumul p\u00e2n\u0103 acas\u0103 mi s-a p\u0103rut mai lung dec\u00e2t de obicei.<\/p>\n\n\n\n<p>Blocul nostru gri din Militari p\u0103rea la fel ca \u00een fiecare zi, dar \u00een acea dup\u0103-amiaz\u0103 parc\u0103 \u00eel vedeam pentru prima dat\u0103.<\/p>\n\n\n\n<p>Am urcat sc\u0103rile \u00eencet.<\/p>\n\n\n\n<p>C\u00e2nd am deschis u\u0219a, Elena era pe canapea.<\/p>\n\n\n\n<p>\u021ainea copilul \u00een bra\u021be.<\/p>\n\n\n\n<p>Micu\u021bul dormea.<\/p>\n\n\n\n<p>Camera mirosea a lapte, a detergent \u0219i a lini\u0219te.<\/p>\n\n\n\n<p>Elena s-a uitat la mine.<\/p>\n\n\n\n<p>Ochii ei erau plini de team\u0103.<\/p>\n\n\n\n<p>\u2014 Ai\u2026 ai primit rezultatele? a \u00eentrebat ea \u00eencet.<\/p>\n\n\n\n<p>Am r\u0103mas c\u00e2teva secunde f\u0103r\u0103 s\u0103 spun nimic.<\/p>\n\n\n\n<p>Apoi am scos h\u00e2rtia din buzunar \u0219i am pus-o pe mas\u0103.<\/p>\n\n\n\n<p>Elena nici m\u0103car nu s-a uitat la ea.<\/p>\n\n\n\n<p>\u0218tia.<\/p>\n\n\n\n<p>Se vedea pe fa\u021ba ei.<\/p>\n\n\n\n<p>\u2014 Alexandru\u2026 eu n-am\u2026<\/p>\n\n\n\n<p>Vocea i s-a rupt.<\/p>\n\n\n\n<p>\u2014 N-am fost niciodat\u0103 cu altcineva.<\/p>\n\n\n\n<p>Am sim\u021bit cum ceva greu se ridic\u0103 din pieptul meu.<\/p>\n\n\n\n<p>M-am apropiat.<\/p>\n\n\n\n<p>M-am uitat la copil.<\/p>\n\n\n\n<p>Avea nasul mic.<\/p>\n\n\n\n<p>\u0218i o cut\u0103 \u00een frunte exact ca a mea.<\/p>\n\n\n\n<p>Atunci am \u00een\u021beles.<\/p>\n\n\n\n<p>Nu testul ADN era problema.<\/p>\n\n\n\n<p>Problema fusese ne\u00eencrederea mea.<\/p>\n\n\n\n<p>Frica mea.<\/p>\n\n\n\n<p>Anii \u00een care crezusem c\u0103 via\u021ba trebuie controlat\u0103 ca un \u0219antier, cu planuri, calcule \u0219i garan\u021bii.<\/p>\n\n\n\n<p>Dar via\u021ba nu e a\u0219a.<\/p>\n\n\n\n<p>Uneori vine exact c\u00e2nd nu o mai a\u0219tep\u021bi.<\/p>\n\n\n\n<p>M-am a\u0219ezat l\u00e2ng\u0103 Elena.<\/p>\n\n\n\n<p>Pentru prima dat\u0103 dup\u0103 luni \u00eentregi, am pus m\u00e2na pe um\u0103rul ei f\u0103r\u0103 s\u0103 simt acel zid rece \u00eentre noi.<\/p>\n\n\n\n<p>\u2014 E al nostru, am spus \u00eencet.<\/p>\n\n\n\n<p>Elena a \u00eenceput s\u0103 pl\u00e2ng\u0103.<\/p>\n\n\n\n<p>Nu zgomotos.<\/p>\n\n\n\n<p>Ci cu lacrimi t\u0103cute care \u00eei curgeau pe obraji.<\/p>\n\n\n\n<p>\u2014 \u021ai-am spus\u2026<\/p>\n\n\n\n<p>Am luat copilul \u00een bra\u021be.<\/p>\n\n\n\n<p>Era mic.<\/p>\n\n\n\n<p>Foarte mic.<\/p>\n\n\n\n<p>Dar \u00een acel moment p\u0103rea c\u0103 \u021bin \u00een m\u00e2ini ceva mai mare dec\u00e2t toate fricile mele.<\/p>\n\n\n\n<p>\u2014 Cum \u00eel numim? am \u00eentrebat.<\/p>\n\n\n\n<p>Elena a z\u00e2mbit printre lacrimi.<\/p>\n\n\n\n<p>\u2014 Tu spuneai mereu c\u0103 dac\u0103 vom avea vreodat\u0103 un b\u0103iat\u2026<\/p>\n\n\n\n<p>M-am uitat la copil.<\/p>\n\n\n\n<p>\u2014 Andrei, am spus.<\/p>\n\n\n\n<p>\u00cen seara aceea am luat h\u00e2rtia veche de la clinic\u0103 din sertar.<\/p>\n\n\n\n<p>Am privit-o c\u00e2teva secunde.<\/p>\n\n\n\n<p>Apoi am rupt-o \u00een dou\u0103.<\/p>\n\n\n\n<p>\u0218i am aruncat-o la co\u0219.<\/p>\n\n\n\n<p>Pentru c\u0103 uneori\u2026<\/p>\n\n\n\n<p>viitorul nu se \u00eenchide cu o cheie.<\/p>\n\n\n\n<p>Uneori, pur \u0219i simplu\u2026<\/p>\n\n\n\n<p>se na\u0219te.<\/p>\n\n\n\n<p><em>Aceast\u0103 lucrare este inspirat\u0103 din evenimente \u0219i persoane reale, \u00eens\u0103 a fost fic\u021bionalizat\u0103 \u00een scopuri creative. Numele, personajele \u0219i detaliile au fost schimbate pentru a proteja intimitatea \u0219i pentru a \u00eembun\u0103t\u0103\u021bi nara\u021biunea. Orice asem\u0103nare cu persoane reale, \u00een via\u021b\u0103 sau decedate, sau cu evenimente reale este pur \u00eent\u00e2mpl\u0103toare \u0219i nu este inten\u021bionat\u0103 de c\u0103tre autor.<\/em><\/p>\n\n\n\n<p><em>Autorul \u0219i editorul nu \u00ee\u0219i asum\u0103 responsabilitatea pentru exactitatea evenimentelor sau pentru modul \u00een care sunt portretizate personajele \u0219i nu sunt r\u0103spunz\u0103tori pentru eventuale interpret\u0103ri gre\u0219ite. Aceast\u0103 poveste este oferit\u0103 \u201eca atare\u201d, iar orice opinii exprimate apar\u021bin personajelor \u0219i nu reflect\u0103 punctele de vedere ale autorului sau ale editorului.<\/em><\/p>\n","protected":false},"excerpt":{"rendered":"<p>\u201eProbabilitate de paternitate: 99,99%. Tat\u0103l biologic este Alexandru Popescu.\u201d Am citit fraza de trei ori. Apoi \u00eenc\u0103 o dat\u0103. Litera cu liter\u0103. Parc\u0103 nu voiam<\/p>\n","protected":false},"author":1,"featured_media":46552,"comment_status":"closed","ping_status":"closed","sticky":false,"template":"","format":"standard","meta":[],"categories":[1],"tags":[],"_links":{"self":[{"href":"http:\/\/calatorinromania.com\/index.php?rest_route=\/wp\/v2\/posts\/46671"}],"collection":[{"href":"http:\/\/calatorinromania.com\/index.php?rest_route=\/wp\/v2\/posts"}],"about":[{"href":"http:\/\/calatorinromania.com\/index.php?rest_route=\/wp\/v2\/types\/post"}],"author":[{"embeddable":true,"href":"http:\/\/calatorinromania.com\/index.php?rest_route=\/wp\/v2\/users\/1"}],"replies":[{"embeddable":true,"href":"http:\/\/calatorinromania.com\/index.php?rest_route=%2Fwp%2Fv2%2Fcomments&post=46671"}],"version-history":[{"count":1,"href":"http:\/\/calatorinromania.com\/index.php?rest_route=\/wp\/v2\/posts\/46671\/revisions"}],"predecessor-version":[{"id":46672,"href":"http:\/\/calatorinromania.com\/index.php?rest_route=\/wp\/v2\/posts\/46671\/revisions\/46672"}],"wp:featuredmedia":[{"embeddable":true,"href":"http:\/\/calatorinromania.com\/index.php?rest_route=\/wp\/v2\/media\/46552"}],"wp:attachment":[{"href":"http:\/\/calatorinromania.com\/index.php?rest_route=%2Fwp%2Fv2%2Fmedia&parent=46671"}],"wp:term":[{"taxonomy":"category","embeddable":true,"href":"http:\/\/calatorinromania.com\/index.php?rest_route=%2Fwp%2Fv2%2Fcategories&post=46671"},{"taxonomy":"post_tag","embeddable":true,"href":"http:\/\/calatorinromania.com\/index.php?rest_route=%2Fwp%2Fv2%2Ftags&post=46671"}],"curies":[{"name":"wp","href":"https:\/\/api.w.org\/{rel}","templated":true}]}}