{"id":46660,"date":"2026-03-14T05:59:07","date_gmt":"2026-03-14T05:59:07","guid":{"rendered":"https:\/\/calatorinromania.com\/?p=46660"},"modified":"2026-03-14T06:00:10","modified_gmt":"2026-03-14T06:00:10","slug":"%f0%9f%90%91-la-ce-pret-a-ajuns-kilogramul-de-miel-inainte-de-paste-multi-au-crezut-ca-este-o-greseala","status":"publish","type":"post","link":"http:\/\/calatorinromania.com\/?p=46660","title":{"rendered":"\ud83d\udc11 La ce pre\u021b a ajuns kilogramul de miel \u00eenainte de Pa\u0219te! Mul\u021bi au crezut c\u0103 este o gre\u0219eal\u0103"},"content":{"rendered":"\n<p><\/p>\n\n\n\n<p>Carnea de miel, unul dintre produsele tradi\u021bionale nelipsite de pe masa de Pa\u0219te, a \u00eenregistrat o <strong>cre\u0219tere semnificativ\u0103 a pre\u021burilor \u00een 2026<\/strong>. Mul\u021bi cump\u0103r\u0103tori au r\u0103mas surprin\u0219i c\u00e2nd au v\u0103zut c\u00e2t a ajuns s\u0103 coste kilogramul \u00een magazine \u0219i pie\u021be.<\/p>\n\n\n\n<p><\/p>\n\n\n\n<p>Cre\u0219terea este influen\u021bat\u0103 de mai mul\u021bi factori, printre care <strong>cererea ridicat\u0103, oferta mai redus\u0103 \u0219i evolu\u021biile de pe pie\u021bele interna\u021bionale<\/strong>.<\/p>\n\n\n\n<p><\/p>\n\n\n\n<h1>\ud83d\udcc8 C\u00e2t cost\u0103 carnea de miel \u00een 2026<\/h1>\n\n\n\n<p>\u00cen multe supermarketuri din Rom\u00e2nia, <strong>kilogramul de carne de miel cu os poate ajunge p\u00e2n\u0103 la 70 de lei<\/strong>, iar \u00een unele cazuri pre\u021burile ar putea cre\u0219te \u0219i mai mult pe m\u0103sur\u0103 ce se apropie s\u0103rb\u0103torile pascale.<\/p>\n\n\n\n<p>\u00cen prezent, pre\u021burile difer\u0103 \u00een func\u021bie de magazin \u0219i de zona \u021b\u0103rii:<\/p>\n\n\n\n<ul>\n<li><strong>48\u201360 lei\/kg<\/strong> \u00een unele supermarketuri<\/li>\n\n\n\n<li><strong>p\u00e2n\u0103 la 70 lei\/kg<\/strong> \u00een anumite lan\u021buri comerciale<\/li>\n\n\n\n<li><strong>25\u201340 lei\/kg<\/strong> pentru organe sau p\u0103r\u021bi mai pu\u021bin c\u0103utate<\/li>\n<\/ul>\n\n\n\n<p><\/p>\n\n\n\n<h1>\ud83c\udfd9\ufe0f Diferen\u021be de pre\u021b \u00eentre regiuni<\/h1>\n\n\n\n<p>Pre\u021bul mielului variaz\u0103 \u0219i \u00een func\u021bie de ora\u0219 sau de apropierea de fermele de ovine.<\/p>\n\n\n\n<h3>Bucure\u0219ti \u2013 Ilfov<\/h3>\n\n\n\n<ul>\n<li>miel \u00een viu: <strong>25\u201328 lei\/kg<\/strong><\/li>\n\n\n\n<li>carcas\u0103: <strong>55\u201365 lei\/kg<\/strong><\/li>\n<\/ul>\n\n\n\n<h3>Constan\u021ba \u0219i Ia\u0219i<\/h3>\n\n\n\n<ul>\n<li>miel \u00een viu: <strong>22\u201325 lei\/kg<\/strong><\/li>\n\n\n\n<li>carcas\u0103: <strong>50\u201355 lei\/kg<\/strong><\/li>\n<\/ul>\n\n\n\n<h3>Craiova<\/h3>\n\n\n\n<ul>\n<li>unele dintre cele mai mici pre\u021buri<\/li>\n\n\n\n<li>carcas\u0103: aproximativ <strong>45 lei\/kg<\/strong><\/li>\n<\/ul>\n\n\n\n<h3>Timi\u0219oara \u0219i Cluj-Napoca<\/h3>\n\n\n\n<ul>\n<li>printre cele mai ridicate pre\u021buri<\/li>\n\n\n\n<li>carcas\u0103: <strong>peste 60 lei\/kg<\/strong><\/li>\n<\/ul>\n\n\n\n<p><\/p>\n\n\n\n<h1>\ud83d\udc11 De ce s-a scumpit carnea de miel<\/h1>\n\n\n\n<p>Speciali\u0219tii din domeniu spun c\u0103 scumpirea are mai multe cauze:<\/p>\n\n\n\n<ul>\n<li>oferta mai mic\u0103 de animale<\/li>\n\n\n\n<li>costuri crescute pentru furaje \u0219i transport<\/li>\n\n\n\n<li>cerere mare \u00eenainte de Pa\u0219te<\/li>\n\n\n\n<li>exporturi c\u0103tre pie\u021be externe<\/li>\n<\/ul>\n\n\n\n<p>\u00cen plus, apropierea unor perioade cu cerere ridicat\u0103, cum este Ramadanul pe pie\u021bele interna\u021bionale, contribuie la cre\u0219terea interesului pentru carne de miel.<\/p>\n\n\n\n<p><\/p>\n\n\n\n<p><\/p>\n\n\n\n<h1>\ud83d\udcac Ce spun cresc\u0103torii de ovine<\/h1>\n\n\n\n<p>Reprezentan\u021bii fermierilor confirm\u0103 c\u0103 pre\u021burile au crescut considerabil fa\u021b\u0103 de perioada de iarn\u0103.<\/p>\n\n\n\n<p>Un exemplu vine din partea lui Nicolae Cioranu, pre\u0219edintele organiza\u021biei Asocia\u021bia Cresc\u0103torilor de Ovine P\u0103storul Cri\u0219ana, care a explicat c\u0103 oferta redus\u0103 de animale a influen\u021bat direct evolu\u021bia pre\u021burilor.<\/p>\n\n\n\n<p>Potrivit acestuia, \u00een luna decembrie mieii se vindeau cu aproximativ <strong>16,5 lei\/kg \u00een viu<\/strong>, \u00eens\u0103 \u00eentre timp pre\u021bul a crescut semnificativ.<\/p>\n\n\n\n<p><\/p>\n\n\n\n<p><\/p>\n\n\n\n<h1>\ud83d\udc23 Ce se a\u0219teapt\u0103 p\u00e2n\u0103 la Pa\u0219te<\/h1>\n\n\n\n<p>Mul\u021bi cresc\u0103tori prefer\u0103 s\u0103 <strong>p\u0103streze mieii p\u00e2n\u0103 aproape de Pa\u0219te<\/strong>, perioad\u0103 \u00een care cererea cre\u0219te puternic pe pia\u021ba intern\u0103.<\/p>\n\n\n\n<p>Din acest motiv, este posibil ca <strong>pre\u021burile s\u0103 mai creasc\u0103 \u00een urm\u0103toarele s\u0103pt\u0103m\u00e2ni<\/strong>, mai ales \u00een ora\u0219ele mari.<\/p>\n\n\n\n<p><\/p>\n\n\n\n<h2>\u26a0\ufe0f Not\u0103 informativ\u0103<\/h2>\n\n\n\n<p>Acest articol are <strong>scop strict informativ \u0219i prezentativ<\/strong>. Informa\u021biile despre pre\u021burile c\u0103rnii de miel sunt bazate pe date disponibile \u00een pres\u0103 \u0219i pe declara\u021bii ale unor reprezentan\u021bi din domeniu la momentul redact\u0103rii.<\/p>\n\n\n\n<p>Pre\u021burile pot varia \u00een func\u021bie de:<\/p>\n\n\n\n<ul>\n<li>regiune<\/li>\n\n\n\n<li>ofert\u0103 \u0219i cerere<\/li>\n\n\n\n<li>sezon<\/li>\n\n\n\n<li>comercian\u021bi sau pie\u021be locale.<\/li>\n<\/ul>\n\n\n\n<p>Articolul nu reprezint\u0103 o ofert\u0103 comercial\u0103 \u0219i nu garanteaz\u0103 pre\u021burile men\u021bionate. Pentru informa\u021bii actualizate, este recomandat s\u0103 verifica\u021bi direct la comercian\u021bi sau \u00een pie\u021bele locale.<\/p>\n","protected":false},"excerpt":{"rendered":"<p>Carnea de miel, unul dintre produsele tradi\u021bionale nelipsite de pe masa de Pa\u0219te, a \u00eenregistrat o cre\u0219tere semnificativ\u0103 a pre\u021burilor \u00een 2026. Mul\u021bi cump\u0103r\u0103tori au<\/p>\n","protected":false},"author":1,"featured_media":46661,"comment_status":"closed","ping_status":"closed","sticky":false,"template":"","format":"standard","meta":[],"categories":[1],"tags":[],"_links":{"self":[{"href":"http:\/\/calatorinromania.com\/index.php?rest_route=\/wp\/v2\/posts\/46660"}],"collection":[{"href":"http:\/\/calatorinromania.com\/index.php?rest_route=\/wp\/v2\/posts"}],"about":[{"href":"http:\/\/calatorinromania.com\/index.php?rest_route=\/wp\/v2\/types\/post"}],"author":[{"embeddable":true,"href":"http:\/\/calatorinromania.com\/index.php?rest_route=\/wp\/v2\/users\/1"}],"replies":[{"embeddable":true,"href":"http:\/\/calatorinromania.com\/index.php?rest_route=%2Fwp%2Fv2%2Fcomments&post=46660"}],"version-history":[{"count":2,"href":"http:\/\/calatorinromania.com\/index.php?rest_route=\/wp\/v2\/posts\/46660\/revisions"}],"predecessor-version":[{"id":46663,"href":"http:\/\/calatorinromania.com\/index.php?rest_route=\/wp\/v2\/posts\/46660\/revisions\/46663"}],"wp:featuredmedia":[{"embeddable":true,"href":"http:\/\/calatorinromania.com\/index.php?rest_route=\/wp\/v2\/media\/46661"}],"wp:attachment":[{"href":"http:\/\/calatorinromania.com\/index.php?rest_route=%2Fwp%2Fv2%2Fmedia&parent=46660"}],"wp:term":[{"taxonomy":"category","embeddable":true,"href":"http:\/\/calatorinromania.com\/index.php?rest_route=%2Fwp%2Fv2%2Fcategories&post=46660"},{"taxonomy":"post_tag","embeddable":true,"href":"http:\/\/calatorinromania.com\/index.php?rest_route=%2Fwp%2Fv2%2Ftags&post=46660"}],"curies":[{"name":"wp","href":"https:\/\/api.w.org\/{rel}","templated":true}]}}