{"id":46656,"date":"2026-03-13T10:29:14","date_gmt":"2026-03-13T10:29:14","guid":{"rendered":"https:\/\/calatorinromania.com\/?p=46656"},"modified":"2026-03-13T10:29:15","modified_gmt":"2026-03-13T10:29:15","slug":"l-am-dus-pe-bunicul-meu-in-scaun-cu-rotile-la-balul-de-absolvire-dupa-ce-m-a-crescut-singur-iar-cand-un-coleg-a-ras-de-el-ce-a-spus-la-microfon-a-facut-ca-intreaga-sala-sa-amuteasca","status":"publish","type":"post","link":"http:\/\/calatorinromania.com\/?p=46656","title":{"rendered":"L-am dus pe bunicul meu \u00een scaun cu rotile la balul de absolvire, dup\u0103 ce m-a crescut singur \u2013 iar c\u00e2nd un coleg a r\u00e2s de el, ce a spus la microfon a f\u0103cut ca \u00eentreaga sal\u0103 s\u0103 amu\u021beasc\u0103."},"content":{"rendered":"\n<p><\/p>\n\n\n\n<p><\/p>\n\n\n\n<p>Partenerul meu de la bal<br>Bunicul a devenit \u00eentregul meu univers dup\u0103 ce mi-am pierdut p\u0103rin\u021bii la v\u00e2rsta de un an. \u0218aptesprezece ani mai t\u00e2rziu, \u00eei \u00eempingeam scaunul cu rotile prin u\u0219ile balului meu de absolvire. O fat\u0103 care nu fusese niciodat\u0103 amabil\u0103 cu mine a avut multe de spus despre asta, dar c\u00e2nd bunicul a luat cuv\u00e2ntul, \u00eentreaga sal\u0103 \u0219i-a \u021binut r\u0103suflarea.<\/p>\n\n\n\n<p><\/p>\n\n\n\n<p><\/p>\n\n\n\n<p>Tot ce \u0219tiu despre noaptea \u00een care fl\u0103c\u0103rile ne-au mistuit casa provine din pove\u0219tile bunicului: un scurtcircuit \u00een creierul nop\u021bii, f\u0103r\u0103 avertisment. P\u0103rin\u021bii mei nu au reu\u0219it s\u0103 ias\u0103. Bunicul meu, care avea deja 67 de ani, s-a \u00eentors \u00een mijlocul fumului \u0219i m-a scos afar\u0103 \u00eenvelit\u0103 \u00eentr-o p\u0103tur\u0103. A doua zi, de\u0219i medicii i-au cerut s\u0103 r\u0103m\u00e2n\u0103 internat, s-a externat pe proprie r\u0103spundere \u0219i m-a dus acas\u0103. Din acea noapte, bunicul Tim a devenit lumea mea.<\/p>\n\n\n\n<p><\/p>\n\n\n\n<p><\/p>\n\n\n\n<p>M-a crescut singur, \u00eenv\u0103\u021b\u00e2nd s\u0103-mi \u00eempleteasc\u0103 p\u0103rul de pe YouTube \u0219i aplaud\u00e2nd cel mai tare la fiecare serbare. Nu a fost doar bunicul meu; a fost tat\u0103, mam\u0103 \u0219i tot ce \u00eenseamn\u0103 familie. C\u00e2nd aveam emo\u021bii \u00eenainte de dansurile \u0219colare, d\u0103dea scaunele la o parte \u00een buc\u0103t\u0103rie \u0219i \u00eemi spunea: \u201eO doamn\u0103 trebuie s\u0103 \u0219tie mereu s\u0103 danseze\u201d. \u00cemi promitea mereu c\u0103, la balul de absolvire, el va fi cel mai chipe\u0219 partener.<\/p>\n\n\n\n<p><\/p>\n\n\n\n<p><\/p>\n\n\n\n<p>Acum trei ani, l-am g\u0103sit pr\u0103bu\u0219it pe podeaua buc\u0103t\u0103riei. Un accident vascular cerebral masiv i-a furat capacitatea de a merge \u0219i i-a \u00eengreunat vorbirea. Omul care m\u0103 scosese dintr-o cl\u0103dire \u00een fl\u0103c\u0103ri nu mai putea sta \u00een picioare. S-a \u00eentors acas\u0103 \u00eentr-un scaun cu rotile, dar nu \u0219i-a pierdut spiritul. El a fost motivul pentru care am avut \u00eencrederea s\u0103 merg mereu cu capul sus, \u00een ciuda lui Amber.<\/p>\n\n\n\n<p><\/p>\n\n\n\n<p><\/p>\n\n\n\n<p>Amber fusese colega mea \u00eenc\u0103 din clasa a noua, mereu \u00een competi\u021bie pentru note \u0219i burse, folosindu-\u0219i inteligen\u021ba pentru a-i face pe ceilal\u021bi s\u0103 se simt\u0103 mici. Avea chiar \u0219i o porecl\u0103 r\u0103ut\u0103cioas\u0103 pentru mine, pe care refuz s\u0103 o repet. C\u00e2nd a venit sezonul balului, am avut un singur plan: l-am invitat pe bunicul. \u201eAi meritat acest dans\u201d, i-am spus c\u00e2nd a ezitat de team\u0103 s\u0103 nu m\u0103 fac\u0103 de r\u00e2s.<\/p>\n\n\n\n<p><\/p>\n\n\n\n<p><\/p>\n\n\n\n<p>Vinerea trecut\u0103, am intrat \u00een sala de sport a \u0219colii, decorat\u0103 cu lumini\u021be \u0219i plin\u0103 de parfum floral. Eu purtam o rochie albastru \u00eenchis, iar bunicul costumul lui bleumarin, cu o batist\u0103 asortat\u0103 cu rochia mea. C\u00e2nd am intrat, s-a a\u0219ternut o lini\u0219te \u00eentrerupt\u0103 de murmure. Amber ne-a observat imediat \u0219i s-a apropiat cu un aer arogant.<\/p>\n\n\n\n<p><\/p>\n\n\n\n<p><\/p>\n\n\n\n<p>\u2014 Oare azilul a pierdut un pacient? a \u00eentrebat ea suficient de tare \u00eenc\u00e2t s\u0103 aud\u0103 to\u021bi, ad\u0103ug\u00e2nd c\u0103 balul este pentru parteneri, nu pentru \u201ecazuri sociale\u201d.<\/p>\n\n\n\n<p><\/p>\n\n\n\n<p><\/p>\n\n\n\n<p>Unii au r\u00e2s, al\u021bii au \u00eencremenit. \u00cen acel moment, bunicul s-a \u00eendreptat singur spre pupitrul DJ-ului. Muzica s-a oprit, iar el a luat microfonul, privind-o direct pe Amber: \u201eS\u0103 vedem cine pe cine face de r\u00e2s. Amber, vino s\u0103 dansezi cu mine\u201d.<\/p>\n\n\n\n<p><\/p>\n\n\n\n<p><\/p>\n\n\n\n<p>Dup\u0103 un moment de ezitare \u0219i provocat\u0103 de privirile tuturor, Amber a p\u0103\u0219it pe ring, convins\u0103 c\u0103 va fi o glum\u0103. Dar ceea ce a urmat i-a l\u0103sat pe to\u021bi masc\u0103. Bunicul \u0219i-a condus scaunul cu rotile cu o gra\u021bie incredibil\u0103, rotindu-se \u0219i alunec\u00e2nd pe ring. Expresia lui Amber s-a schimbat din iritare \u00een surpriz\u0103, apoi \u00een ceva mult mai profund c\u00e2nd a observat tremurul m\u00e2inii lui \u0219i efortul imens pe care \u00eel depunea.<\/p>\n\n\n\n<p><\/p>\n\n\n\n<p><\/p>\n\n\n\n<p>La finalul c\u00e2ntecului, bunicul a mai vorbit o dat\u0103 la microfon. Le-a povestit tuturor despre dansurile noastre din buc\u0103t\u0103rie \u0219i despre cum eu am fost motivul pentru care el a luptat s\u0103 se recupereze dup\u0103 atacul cerebral. \u201e\u00cen seara asta, mi-am \u021binut promisiunea f\u0103cut\u0103 c\u00e2nd era mic\u0103: s\u0103 fiu cel mai chipe\u0219 partener de la bal!\u201d.<\/p>\n\n\n\n<p><\/p>\n\n\n\n<p><\/p>\n\n\n\n<p>Amber pl\u00e2ngea de-a dreptul, iar \u00eentreaga sal\u0103 a erupt \u00een aplauze. Apoi, ea a luat m\u00e2nerele scaunului bunicului \u0219i l-a condus spre mine. Pe acordurile piesei \u201eWhat a Wonderful World\u201d, am dansat \u00eempreun\u0103, adapt\u00e2ndu-mi pa\u0219ii la ritmul ro\u021bilor, sub privirile tuturor.<\/p>\n\n\n\n<p><\/p>\n\n\n\n<p><\/p>\n\n\n\n<p>C\u00e2nd am ie\u0219it \u00een aerul r\u0103coros al nop\u021bii, sub cerul \u00eenstelat, bunicul m-a str\u00e2ns de m\u00e2n\u0103: \u201e\u021ai-am spus eu, sunt cel mai chipe\u0219!\u201d. Am r\u00e2s, realiz\u00e2nd c\u0103 bunicul nu m-a scos doar din fl\u0103c\u0103ri \u00een acea noapte, acum 17 ani. M-a purtat pe bra\u021be prin via\u021b\u0103 p\u00e2n\u0103 \u00een acest moment. A fost cel mai frumos partener \u0219i, f\u0103r\u0103 \u00eendoial\u0103, cel mai curajos om pe care l-a\u0219 fi putut avea al\u0103turi.<\/p>\n\n\n\n<p><\/p>\n\n\n\n<p>Aceast\u0103 lucrare este inspirat\u0103 din evenimente \u0219i persoane reale, \u00eens\u0103 a fost fic\u021bionalizat\u0103 \u00een scopuri creative. Numele, personajele \u0219i detaliile au fost schimbate pentru a proteja intimitatea \u0219i pentru a \u00eembun\u0103t\u0103\u021bi nara\u021biunea. Orice asem\u0103nare cu persoane reale, \u00een via\u021b\u0103 sau decedate, sau cu evenimente reale este pur \u00eent\u00e2mpl\u0103toare \u0219i nu este inten\u021bionat\u0103 de c\u0103tre autor.<\/p>\n\n\n\n<p>Autorul \u0219i editorul nu \u00ee\u0219i asum\u0103 responsabilitatea pentru exactitatea evenimentelor sau pentru modul \u00een care sunt portretizate personajele \u0219i nu sunt r\u0103spunz\u0103tori pentru eventuale interpret\u0103ri gre\u0219ite. Aceast\u0103 poveste este oferit\u0103 \u201eca atare\u201d, iar orice opinii exprimate apar\u021bin personajelor \u0219i nu reflect\u0103 punctele de vedere ale autorului sau ale editorului.<\/p>\n","protected":false},"excerpt":{"rendered":"<p>Partenerul meu de la balBunicul a devenit \u00eentregul meu univers dup\u0103 ce mi-am pierdut p\u0103rin\u021bii la v\u00e2rsta de un an. \u0218aptesprezece ani mai t\u00e2rziu, \u00eei<\/p>\n","protected":false},"author":1,"featured_media":46552,"comment_status":"closed","ping_status":"closed","sticky":false,"template":"","format":"standard","meta":[],"categories":[1],"tags":[],"_links":{"self":[{"href":"http:\/\/calatorinromania.com\/index.php?rest_route=\/wp\/v2\/posts\/46656"}],"collection":[{"href":"http:\/\/calatorinromania.com\/index.php?rest_route=\/wp\/v2\/posts"}],"about":[{"href":"http:\/\/calatorinromania.com\/index.php?rest_route=\/wp\/v2\/types\/post"}],"author":[{"embeddable":true,"href":"http:\/\/calatorinromania.com\/index.php?rest_route=\/wp\/v2\/users\/1"}],"replies":[{"embeddable":true,"href":"http:\/\/calatorinromania.com\/index.php?rest_route=%2Fwp%2Fv2%2Fcomments&post=46656"}],"version-history":[{"count":1,"href":"http:\/\/calatorinromania.com\/index.php?rest_route=\/wp\/v2\/posts\/46656\/revisions"}],"predecessor-version":[{"id":46657,"href":"http:\/\/calatorinromania.com\/index.php?rest_route=\/wp\/v2\/posts\/46656\/revisions\/46657"}],"wp:featuredmedia":[{"embeddable":true,"href":"http:\/\/calatorinromania.com\/index.php?rest_route=\/wp\/v2\/media\/46552"}],"wp:attachment":[{"href":"http:\/\/calatorinromania.com\/index.php?rest_route=%2Fwp%2Fv2%2Fmedia&parent=46656"}],"wp:term":[{"taxonomy":"category","embeddable":true,"href":"http:\/\/calatorinromania.com\/index.php?rest_route=%2Fwp%2Fv2%2Fcategories&post=46656"},{"taxonomy":"post_tag","embeddable":true,"href":"http:\/\/calatorinromania.com\/index.php?rest_route=%2Fwp%2Fv2%2Ftags&post=46656"}],"curies":[{"name":"wp","href":"https:\/\/api.w.org\/{rel}","templated":true}]}}