{"id":46641,"date":"2026-03-13T08:40:12","date_gmt":"2026-03-13T08:40:12","guid":{"rendered":"https:\/\/calatorinromania.com\/?p=46641"},"modified":"2026-03-13T08:40:13","modified_gmt":"2026-03-13T08:40:13","slug":"imi-dau-fiica-fecioara-celui-care-va-stapani-calul-acela","status":"publish","type":"post","link":"http:\/\/calatorinromania.com\/?p=46641","title":{"rendered":"\u00ceMI DAU FIICA FECIOAR\u0102 CELUI CARE VA ST\u0102P\u00c2NI CALUL ACELA"},"content":{"rendered":"\n<p>Noaptea s-a l\u0103sat grea peste sat.<\/p>\n\n\n\n<p><\/p>\n\n\n\n<p>Curtea mare a gospod\u0103riei lui mo\u0219 Radu era lini\u0219tit\u0103, dar lini\u0219tea aceea avea ceva ap\u0103s\u0103tor.<\/p>\n\n\n\n<p><\/p>\n\n\n\n<p>Din grajd se mai auzea din c\u00e2nd \u00een c\u00e2nd lovitura nervoas\u0103 a copitelor arm\u0103sarului.<\/p>\n\n\n\n<p><\/p>\n\n\n\n<p>Ana st\u0103tea pe marginea patului \u0219i privea pe fereastr\u0103.<\/p>\n\n\n\n<p><\/p>\n\n\n\n<p>Luna lumina slab curtea.<\/p>\n\n\n\n<p><\/p>\n\n\n\n<p>Nu putea s\u0103 accepte g\u00e2ndul c\u0103 via\u021ba ei urma s\u0103 fie hot\u0103r\u00e2t\u0103 \u00eentr-un pariu.<\/p>\n\n\n\n<p><\/p>\n\n\n\n<p>Un cal\u2026 \u0219i ni\u0219te b\u0103rba\u021bi dornici de faim\u0103.<\/p>\n\n\n\n<p><\/p>\n\n\n\n<p>At\u00e2t valora viitorul ei?<\/p>\n\n\n\n<p><\/p>\n\n\n\n<p>\u00cen dep\u0103rtare s-a auzit poarta sc\u00e2r\u021b\u00e2ind.<\/p>\n\n\n\n<p><\/p>\n\n\n\n<p>Ana s-a ridicat \u0219i a privit mai atent.<\/p>\n\n\n\n<p><\/p>\n\n\n\n<p>Un om intrase \u00een curte.<\/p>\n\n\n\n<p>Nu era din sat.<\/p>\n\n\n\n<p>Se vedea de la distan\u021b\u0103.<\/p>\n\n\n\n<p>Avea mers sigur, lini\u0219tit. Nu p\u0103rea gr\u0103bit, dar nici speriat.<\/p>\n\n\n\n<p>S-a apropiat de \u021barc.<\/p>\n\n\n\n<p>Arm\u0103sarul negru a \u00eenceput s\u0103 necheze furios, lovind cu copitele.<\/p>\n\n\n\n<p>Dar omul nu s-a oprit.<\/p>\n\n\n\n<p>S-a apropiat \u00eencet \u0219i s-a sprijinit de gard.<\/p>\n\n\n\n<p>Ana a cobor\u00e2t \u00een lini\u0219te din cas\u0103 \u0219i s-a apropiat.<\/p>\n\n\n\n<p>C\u00e2nd a ajuns mai aproape, l-a v\u0103zut bine.<\/p>\n\n\n\n<p>Era t\u00e2n\u0103r, poate pu\u021bin peste treizeci de ani.<\/p>\n\n\n\n<p>Avea ochi calmi \u0219i o lini\u0219te ciudat\u0103 \u00een privire.<\/p>\n\n\n\n<p>\u2014 Nu e un cal r\u0103u, a spus el \u00eencet.<\/p>\n\n\n\n<p>Ana s-a oprit surprins\u0103.<\/p>\n\n\n\n<p>\u2014 To\u021bi spun c\u0103 e nebun.<\/p>\n\n\n\n<p>B\u0103rbatul a z\u00e2mbit u\u0219or.<\/p>\n\n\n\n<p>\u2014 Nu e nebun. Doar nu are \u00eencredere \u00een oameni.<\/p>\n\n\n\n<p>Calul s-a apropiat de gard.<\/p>\n\n\n\n<p>Pentru prima dat\u0103 \u00een luni de zile, nu lovea \u0219i nu mu\u0219ca.<\/p>\n\n\n\n<p>Doar privea.<\/p>\n\n\n\n<p>\u2014 Cum te cheam\u0103? a \u00eentrebat Ana.<\/p>\n\n\n\n<p>\u2014 Andrei.<\/p>\n\n\n\n<p>\u2014 Nu e\u0219ti de pe aici.<\/p>\n\n\n\n<p>\u2014 Nu.<\/p>\n\n\n\n<p>A t\u0103cut o clip\u0103.<\/p>\n\n\n\n<p>\u2014 Am fost c\u0103l\u0103re\u021b. Pe la herghelii, prin \u021bar\u0103.<\/p>\n\n\n\n<p>Ana l-a privit atent.<\/p>\n\n\n\n<p>\u2014 M\u00e2ine o s\u0103 \u00eencerci \u0219i tu?<\/p>\n\n\n\n<p>\u2014 Da.<\/p>\n\n\n\n<p>A spus-o simplu. F\u0103r\u0103 laud\u0103.<\/p>\n\n\n\n<p>Din cas\u0103 s-a auzit vocea lui mo\u0219 Radu.<\/p>\n\n\n\n<p>Ana s-a retras repede.<\/p>\n\n\n\n<p>Dar toat\u0103 noaptea s-a g\u00e2ndit la omul acela.<\/p>\n\n\n\n<p>La lini\u0219tea lui.<\/p>\n\n\n\n<p>La felul \u00een care calul \u00eel privise.<\/p>\n\n\n\n<hr class=\"wp-block-separator has-alpha-channel-opacity\"\/>\n\n\n\n<p>Diminea\u021ba, satul era plin.<\/p>\n\n\n\n<p>Oamenii veniser\u0103 \u0219i din satele vecine.<\/p>\n\n\n\n<p>Unii st\u0103teau pe garduri, al\u021bii pe c\u0103ru\u021be.<\/p>\n\n\n\n<p>Parc\u0103 era b\u00e2lci.<\/p>\n\n\n\n<p>Primul b\u0103rbat a intrat \u00een \u021barc cu mult curaj.<\/p>\n\n\n\n<p>Dup\u0103 zece secunde era \u00een \u021b\u0103r\u00e2n\u0103.<\/p>\n\n\n\n<p>Mul\u021bimea a r\u00e2s.<\/p>\n\n\n\n<p>Al doilea a rezistat pu\u021bin mai mult.<\/p>\n\n\n\n<p>A plecat cu um\u0103rul dislocat.<\/p>\n\n\n\n<p>Al treilea nici nu a reu\u0219it s\u0103 urce.<\/p>\n\n\n\n<p>Calul l-a aruncat peste gard.<\/p>\n\n\n\n<p>Dup\u0103 o or\u0103, nimeni nu mai r\u00e2dea.<\/p>\n\n\n\n<p>Arm\u0103sarul p\u0103rea \u0219i mai furios.<\/p>\n\n\n\n<p>Mo\u0219 Radu era tot mai \u00eencruntat.<\/p>\n\n\n\n<p>Atunci Andrei a f\u0103cut un pas \u00een fa\u021b\u0103.<\/p>\n\n\n\n<p>\u2014 Eu.<\/p>\n\n\n\n<p>Mul\u021bimea a murmurat.<\/p>\n\n\n\n<p>Str\u0103inul a intrat \u00een \u021barc.<\/p>\n\n\n\n<p>Nu avea bici.<\/p>\n\n\n\n<p>Nu avea pinteni.<\/p>\n\n\n\n<p>S-a apropiat \u00eencet de cal.<\/p>\n\n\n\n<p>Animalul a ridicat capul.<\/p>\n\n\n\n<p>O clip\u0103, to\u021bi au crezut c\u0103 va exploda din nou.<\/p>\n\n\n\n<p>Dar nu a f\u0103cut-o.<\/p>\n\n\n\n<p>Andrei a ridicat m\u00e2na.<\/p>\n\n\n\n<p>A m\u00e2ng\u00e2iat coama calului.<\/p>\n\n\n\n<p>\u00cen tot \u021barcul s-a f\u0103cut lini\u0219te.<\/p>\n\n\n\n<p>Calul a pufnit u\u0219or.<\/p>\n\n\n\n<p>Apoi\u2026 s-a lini\u0219tit.<\/p>\n\n\n\n<p>Andrei a pus fr\u00e2ul.<\/p>\n\n\n\n<p>Nimeni nu respira.<\/p>\n\n\n\n<p>S-a urcat \u00eencet \u00een \u0219a.<\/p>\n\n\n\n<p>Calul a s\u0103rit o dat\u0103.<\/p>\n\n\n\n<p>De dou\u0103 ori.<\/p>\n\n\n\n<p>A treia oar\u0103\u2026 s-a oprit.<\/p>\n\n\n\n<p>\u0218i a \u00eenceput s\u0103 mearg\u0103.<\/p>\n\n\n\n<p>Lini\u0219tit.<\/p>\n\n\n\n<p>Prin mijlocul \u021barcului.<\/p>\n\n\n\n<p>Mul\u021bimea a r\u0103mas \u00eempietrit\u0103.<\/p>\n\n\n\n<p>Mo\u0219 Radu a deschis gura, dar nu a scos niciun cuv\u00e2nt.<\/p>\n\n\n\n<p>Ana avea lacrimi \u00een ochi.<\/p>\n\n\n\n<p>Nu pentru c\u0103 pariul fusese c\u00e2\u0219tigat.<\/p>\n\n\n\n<p>Ci pentru c\u0103, pentru prima dat\u0103, cineva \u00een\u021belesese animalul acela.<\/p>\n\n\n\n<p>Andrei a cobor\u00e2t.<\/p>\n\n\n\n<p>S-a apropiat de mo\u0219 Radu.<\/p>\n\n\n\n<p>\u2014 Calul nu avea nevoie de for\u021b\u0103, a spus el. Avea nevoie de r\u0103bdare.<\/p>\n\n\n\n<p>Mo\u0219 Radu a privit calul.<\/p>\n\n\n\n<p>Apoi pe fiica lui.<\/p>\n\n\n\n<p>Pentru prima dat\u0103\u2026 p\u0103rea c\u0103 o vede cu adev\u0103rat.<\/p>\n\n\n\n<p>A oftat ad\u00e2nc.<\/p>\n\n\n\n<p>\u2014 Pariul e pariu.<\/p>\n\n\n\n<p>Ana a f\u0103cut un pas \u00eenainte.<\/p>\n\n\n\n<p>\u2014 Tat\u0103\u2026 dac\u0103 e s\u0103 m\u0103 m\u0103rit, vreau s\u0103 fie pentru c\u0103 aleg eu.<\/p>\n\n\n\n<p>Mul\u021bimea a amu\u021bit.<\/p>\n\n\n\n<p>Mo\u0219 Radu a r\u0103mas t\u0103cut c\u00e2teva clipe.<\/p>\n\n\n\n<p>Apoi a dat din cap.<\/p>\n\n\n\n<p>\u2014 A\u0219a s\u0103 fie.<\/p>\n\n\n\n<p>Ana s-a uitat la Andrei.<\/p>\n\n\n\n<p>El nu a spus nimic.<\/p>\n\n\n\n<p>Doar a z\u00e2mbit.<\/p>\n\n\n\n<p>Iar \u00een diminea\u021ba aceea, \u00een curtea plin\u0103 de oameni, dou\u0103 lucruri au fost \u00eembl\u00e2nzite:<\/p>\n\n\n\n<p>un cal s\u0103lbatic\u2026<br>\u0219i un tat\u0103 \u00eenc\u0103p\u0103\u021b\u00e2nat.<\/p>\n\n\n\n<p><em>Aceast\u0103 lucrare este inspirat\u0103 din evenimente \u0219i persoane reale, \u00eens\u0103 a fost fic\u021bionalizat\u0103 \u00een scopuri creative. Numele, personajele \u0219i detaliile au fost schimbate pentru a proteja intimitatea \u0219i pentru a \u00eembun\u0103t\u0103\u021bi nara\u021biunea. Orice asem\u0103nare cu persoane reale, \u00een via\u021b\u0103 sau decedate, sau cu evenimente reale este pur \u00eent\u00e2mpl\u0103toare \u0219i nu este inten\u021bionat\u0103 de c\u0103tre autor.<\/em><\/p>\n\n\n\n<p><em>Autorul \u0219i editorul nu \u00ee\u0219i asum\u0103 responsabilitatea pentru exactitatea evenimentelor sau pentru modul \u00een care sunt portretizate personajele \u0219i nu sunt r\u0103spunz\u0103tori pentru eventuale interpret\u0103ri gre\u0219ite. Aceast\u0103 poveste este oferit\u0103 \u201eca atare\u201d, iar orice opinii exprimate apar\u021bin personajelor \u0219i nu reflect\u0103 punctele de vedere ale autorului sau ale editorului.<\/em><\/p>\n","protected":false},"excerpt":{"rendered":"<p>Noaptea s-a l\u0103sat grea peste sat. Curtea mare a gospod\u0103riei lui mo\u0219 Radu era lini\u0219tit\u0103, dar lini\u0219tea aceea avea ceva ap\u0103s\u0103tor. Din grajd se mai<\/p>\n","protected":false},"author":1,"featured_media":46552,"comment_status":"closed","ping_status":"closed","sticky":false,"template":"","format":"standard","meta":[],"categories":[1],"tags":[],"_links":{"self":[{"href":"http:\/\/calatorinromania.com\/index.php?rest_route=\/wp\/v2\/posts\/46641"}],"collection":[{"href":"http:\/\/calatorinromania.com\/index.php?rest_route=\/wp\/v2\/posts"}],"about":[{"href":"http:\/\/calatorinromania.com\/index.php?rest_route=\/wp\/v2\/types\/post"}],"author":[{"embeddable":true,"href":"http:\/\/calatorinromania.com\/index.php?rest_route=\/wp\/v2\/users\/1"}],"replies":[{"embeddable":true,"href":"http:\/\/calatorinromania.com\/index.php?rest_route=%2Fwp%2Fv2%2Fcomments&post=46641"}],"version-history":[{"count":1,"href":"http:\/\/calatorinromania.com\/index.php?rest_route=\/wp\/v2\/posts\/46641\/revisions"}],"predecessor-version":[{"id":46642,"href":"http:\/\/calatorinromania.com\/index.php?rest_route=\/wp\/v2\/posts\/46641\/revisions\/46642"}],"wp:featuredmedia":[{"embeddable":true,"href":"http:\/\/calatorinromania.com\/index.php?rest_route=\/wp\/v2\/media\/46552"}],"wp:attachment":[{"href":"http:\/\/calatorinromania.com\/index.php?rest_route=%2Fwp%2Fv2%2Fmedia&parent=46641"}],"wp:term":[{"taxonomy":"category","embeddable":true,"href":"http:\/\/calatorinromania.com\/index.php?rest_route=%2Fwp%2Fv2%2Fcategories&post=46641"},{"taxonomy":"post_tag","embeddable":true,"href":"http:\/\/calatorinromania.com\/index.php?rest_route=%2Fwp%2Fv2%2Ftags&post=46641"}],"curies":[{"name":"wp","href":"https:\/\/api.w.org\/{rel}","templated":true}]}}