{"id":46639,"date":"2026-03-13T08:38:09","date_gmt":"2026-03-13T08:38:09","guid":{"rendered":"https:\/\/calatorinromania.com\/?p=46639"},"modified":"2026-03-13T08:38:09","modified_gmt":"2026-03-13T08:38:09","slug":"la-inmormantarea-fiicei-mele-amanta-mi-a-soptit-am-castigat","status":"publish","type":"post","link":"http:\/\/calatorinromania.com\/?p=46639","title":{"rendered":"La \u00eenmorm\u00e2ntarea fiicei mele, amanta mi-a \u0219optit \u201eam c\u00e2\u0219tigat\u201d"},"content":{"rendered":"\n<p>Am sim\u021bit cum toate privirile din biseric\u0103 s-au \u00eentors spre mine.<\/p>\n\n\n\n<p><\/p>\n\n\n\n<p>Inima \u00eemi b\u0103tea at\u00e2t de tare \u00eenc\u00e2t aveam impresia c\u0103 se aude \u00een toat\u0103 \u00eenc\u0103perea.<\/p>\n\n\n\n<p><\/p>\n\n\n\n<p>Avocatul a desf\u0103cut plicul \u00eencet.<\/p>\n\n\n\n<p><\/p>\n\n\n\n<p>H\u00e2rtia a fo\u0219nit \u00een lini\u0219tea ap\u0103s\u0103toare.<\/p>\n\n\n\n<p><\/p>\n\n\n\n<p>Radu s-a l\u0103sat pe spate \u00een banc\u0103, cu un z\u00e2mbet superior.<\/p>\n\n\n\n<p><\/p>\n\n\n\n<p>Femeia \u00een ro\u0219u \u00ee\u0219i trecea degetele prin p\u0103r, plictisit\u0103, ca \u0219i cum totul ar fi fost o formalitate.<\/p>\n\n\n\n<p>\u2014 Conform dorin\u021bei scrise \u0219i semnate de Lucia Popescu \u2014 a \u00eenceput avocatul \u2014, toate economiile ei personale, suma de dou\u0103 sute patruzeci de mii de lei, sunt l\u0103sate mamei sale, Maria Popescu.<\/p>\n\n\n\n<p>Un murmur puternic a trecut prin biseric\u0103.<\/p>\n\n\n\n<p>Radu s-a \u00eencruntat.<\/p>\n\n\n\n<p>\u2014 Ce prostii sunt astea? a spus el.<\/p>\n\n\n\n<p>Avocatul nu l-a b\u0103gat \u00een seam\u0103.<\/p>\n\n\n\n<p>\u2014 De asemenea, apartamentul din Bucure\u0219ti, aflat pe strada Mihai Bravu, este transferat tot pe numele Mariei Popescu.<\/p>\n\n\n\n<p>Radu s-a ridicat \u00een picioare.<\/p>\n\n\n\n<p>\u2014 Stai pu\u021bin! Apartamentul \u0103la e al nostru!<\/p>\n\n\n\n<p>Avocatul a ridicat privirea.<\/p>\n\n\n\n<p>\u2014 Nu. Apartamentul a fost cump\u0103rat integral din banii Luciei, \u00eenainte de c\u0103s\u0103torie. Actele sunt foarte clare.<\/p>\n\n\n\n<p>Radu a \u00eenlemnit o clip\u0103.<\/p>\n\n\n\n<p>Femeia \u00een ro\u0219u \u0219i-a retras \u00eencet bra\u021bul de pe dup\u0103 talia lui.<\/p>\n\n\n\n<p>\u00cen biseric\u0103 se auzeau doar \u0219oapte.<\/p>\n\n\n\n<p>Dar avocatul nu terminase.<\/p>\n\n\n\n<p>\u0218i se vedea pe chipul lui.<\/p>\n\n\n\n<p>\u2014 Mai exist\u0103 o instruc\u021biune \u2014 a continuat el.<\/p>\n\n\n\n<p>Acum vocea lui era \u0219i mai grav\u0103.<\/p>\n\n\n\n<p>\u2014 Lucia a cerut ca aceast\u0103 parte a testamentului s\u0103 fie citit\u0103 public, \u00een fa\u021ba tuturor celor prezen\u021bi la \u00eenmorm\u00e2ntare.<\/p>\n\n\n\n<p>Sim\u021beam c\u0103 aerul devine tot mai greu.<\/p>\n\n\n\n<p>\u2014 \u00cen ultimele luni \u2014 a citit avocatul \u2014, am str\u00e2ns dovezi despre abuzurile so\u021bului meu, Radu Petrescu.<\/p>\n\n\n\n<p>Un fior a trecut prin biseric\u0103.<\/p>\n\n\n\n<p>Radu a p\u0103lit.<\/p>\n\n\n\n<p>\u2014 Ce naiba\u2026<\/p>\n\n\n\n<p>\u2014 Exist\u0103 fotografii, \u00eenregistr\u0103ri \u0219i rapoarte medicale \u2014 a continuat avocatul \u2014 care arat\u0103 violen\u021ba domestic\u0103 exercitat\u0103 asupra mea.<\/p>\n\n\n\n<p>O femeie din spate a izbucnit \u00een pl\u00e2ns.<\/p>\n\n\n\n<p>Eu nu puteam respira.<\/p>\n\n\n\n<p>\u2014 Toate aceste dovezi au fost depuse la notar \u0219i la poli\u021bie, pentru a fi deschise \u00een cazul mor\u021bii mele suspecte.<\/p>\n\n\n\n<p>Acum nimeni nu mai murmura.<\/p>\n\n\n\n<p>Toat\u0103 lumea \u00eel privea pe Radu.<\/p>\n\n\n\n<p>Fa\u021ba lui devenise cenu\u0219ie.<\/p>\n\n\n\n<p>\u2014 Dac\u0103 citi\u021bi aceste r\u00e2nduri \u2014 continua testamentul \u2014 \u00eenseamn\u0103 c\u0103 ceva mi s-a \u00eent\u00e2mplat.<\/p>\n\n\n\n<p>Am sim\u021bit lacrimile curg\u00e2nd f\u0103r\u0103 s\u0103 le pot opri.<\/p>\n\n\n\n<p>\u2014 \u00cen acel caz \u2014 a citit avocatul \u2014 cer ca so\u021bul meu s\u0103 fie investigat imediat.<\/p>\n\n\n\n<p>\u00cen acel moment, u\u0219a bisericii s-a deschis din nou.<\/p>\n\n\n\n<p>De data aceasta nu s-au auzit tocuri.<\/p>\n\n\n\n<p>S-au auzit pa\u0219i grei.<\/p>\n\n\n\n<p>Doi poli\u021bi\u0219ti au intrat.<\/p>\n\n\n\n<p>Toat\u0103 lumea s-a dat la o parte.<\/p>\n\n\n\n<p>Radu s-a uitat \u00een jur, panicat.<\/p>\n\n\n\n<p>\u2014 Asta e o nebunie! a strigat el.<\/p>\n\n\n\n<p>Dar unul dintre poli\u021bi\u0219ti a scos c\u0103tu\u0219ele.<\/p>\n\n\n\n<p>\u2014 Radu Petrescu, sunte\u021bi re\u021binut pentru suspiciune de violen\u021b\u0103 domestic\u0103 \u0219i moarte suspect\u0103.<\/p>\n\n\n\n<p>Femeia \u00een ro\u0219u s-a retras c\u00e2\u021biva pa\u0219i.<\/p>\n\n\n\n<p>Z\u00e2mbetul ei disp\u0103ruse complet.<\/p>\n\n\n\n<p>Radu a \u00eencercat s\u0103 protesteze, dar vocea \u00eei tremura.<\/p>\n\n\n\n<p>\u00cen timp ce era scos din biseric\u0103, to\u021bi oamenii \u00eel priveau \u00een t\u0103cere.<\/p>\n\n\n\n<p>Nu mai era ginerele perfect.<\/p>\n\n\n\n<p>Era doar un om prins.<\/p>\n\n\n\n<p>Am r\u0103mas singur\u0103 l\u00e2ng\u0103 sicriu.<\/p>\n\n\n\n<p>Am pus m\u00e2na pe lemnul rece.<\/p>\n\n\n\n<p>\u2014 Ai fost mai puternic\u0103 dec\u00e2t credeam, fata mea\u2026 am \u0219optit.<\/p>\n\n\n\n<p>Pentru prima dat\u0103 de c\u00e2nd murise Lucia, am sim\u021bit c\u0103 adev\u0103rul ie\u0219ise la lumin\u0103.<\/p>\n\n\n\n<p>\u0218i c\u0103, \u00een sf\u00e2r\u0219it, dreptatea \u00eencepuse s\u0103 respire.<\/p>\n\n\n\n<p><em>Aceast\u0103 lucrare este inspirat\u0103 din evenimente \u0219i persoane reale, \u00eens\u0103 a fost fic\u021bionalizat\u0103 \u00een scopuri creative. Numele, personajele \u0219i detaliile au fost schimbate pentru a proteja intimitatea \u0219i pentru a \u00eembun\u0103t\u0103\u021bi nara\u021biunea. Orice asem\u0103nare cu persoane reale, \u00een via\u021b\u0103 sau decedate, sau cu evenimente reale este pur \u00eent\u00e2mpl\u0103toare \u0219i nu este inten\u021bionat\u0103 de c\u0103tre autor.<\/em><\/p>\n\n\n\n<p><em>Autorul \u0219i editorul nu \u00ee\u0219i asum\u0103 responsabilitatea pentru exactitatea evenimentelor sau pentru modul \u00een care sunt portretizate personajele \u0219i nu sunt r\u0103spunz\u0103tori pentru eventuale interpret\u0103ri gre\u0219ite. Aceast\u0103 poveste este oferit\u0103 \u201eca atare\u201d, iar orice opinii exprimate apar\u021bin personajelor \u0219i nu reflect\u0103 punctele de vedere ale autorului sau ale editorului.<\/em><\/p>\n","protected":false},"excerpt":{"rendered":"<p>Am sim\u021bit cum toate privirile din biseric\u0103 s-au \u00eentors spre mine. Inima \u00eemi b\u0103tea at\u00e2t de tare \u00eenc\u00e2t aveam impresia c\u0103 se aude \u00een toat\u0103<\/p>\n","protected":false},"author":1,"featured_media":46552,"comment_status":"closed","ping_status":"closed","sticky":false,"template":"","format":"standard","meta":[],"categories":[1],"tags":[],"_links":{"self":[{"href":"http:\/\/calatorinromania.com\/index.php?rest_route=\/wp\/v2\/posts\/46639"}],"collection":[{"href":"http:\/\/calatorinromania.com\/index.php?rest_route=\/wp\/v2\/posts"}],"about":[{"href":"http:\/\/calatorinromania.com\/index.php?rest_route=\/wp\/v2\/types\/post"}],"author":[{"embeddable":true,"href":"http:\/\/calatorinromania.com\/index.php?rest_route=\/wp\/v2\/users\/1"}],"replies":[{"embeddable":true,"href":"http:\/\/calatorinromania.com\/index.php?rest_route=%2Fwp%2Fv2%2Fcomments&post=46639"}],"version-history":[{"count":1,"href":"http:\/\/calatorinromania.com\/index.php?rest_route=\/wp\/v2\/posts\/46639\/revisions"}],"predecessor-version":[{"id":46640,"href":"http:\/\/calatorinromania.com\/index.php?rest_route=\/wp\/v2\/posts\/46639\/revisions\/46640"}],"wp:featuredmedia":[{"embeddable":true,"href":"http:\/\/calatorinromania.com\/index.php?rest_route=\/wp\/v2\/media\/46552"}],"wp:attachment":[{"href":"http:\/\/calatorinromania.com\/index.php?rest_route=%2Fwp%2Fv2%2Fmedia&parent=46639"}],"wp:term":[{"taxonomy":"category","embeddable":true,"href":"http:\/\/calatorinromania.com\/index.php?rest_route=%2Fwp%2Fv2%2Fcategories&post=46639"},{"taxonomy":"post_tag","embeddable":true,"href":"http:\/\/calatorinromania.com\/index.php?rest_route=%2Fwp%2Fv2%2Ftags&post=46639"}],"curies":[{"name":"wp","href":"https:\/\/api.w.org\/{rel}","templated":true}]}}