{"id":46637,"date":"2026-03-13T08:29:03","date_gmt":"2026-03-13T08:29:03","guid":{"rendered":"https:\/\/calatorinromania.com\/?p=46637"},"modified":"2026-03-13T08:29:03","modified_gmt":"2026-03-13T08:29:03","slug":"cum-ai-putut-sa-ti-dai-demisia-stiind-ca-trebuie-sa-o-ajutam-pe-mama-mea-cu-ratele-la-banca-2","status":"publish","type":"post","link":"http:\/\/calatorinromania.com\/?p=46637","title":{"rendered":"\u2014 Cum ai putut s\u0103-\u021bi dai demisia, \u0219tiind c\u0103 trebuie s\u0103 o ajut\u0103m pe mama mea cu ratele la banc\u0103?!"},"content":{"rendered":"\n<p>\u2014 P\u0103i da, \u2014 a spus Andrei sincer uimit. \u2014 E mama mea. Are pensia mic\u0103. De unde s\u0103 scoat\u0103 at\u00e2\u021bia bani?<\/p>\n\n\n\n<p><\/p>\n\n\n\n<p>\u2014 Atunci hai s\u0103 vorbim despre urm\u0103ri, \u2014 vocea ei a devenit ferm\u0103. \u2014 Mama ta a luat creditul \u0103la acum doi ani, pentru un apartament care nici m\u0103car nu e al nostru. \u00cen tot timpul \u0103sta, am pl\u0103tit jum\u0103tate din sum\u0103. \u0218i tu crezi c\u0103 e normal?<\/p>\n\n\n\n<p><\/p>\n\n\n\n<p>Olga s-a uitat la el \u0219i, pentru prima dat\u0103, a \u00een\u021beles c\u0103 nu mai are ce salva. Omul pe care-l iubise c\u00e2ndva nu mai era acolo. \u00cen locul lui st\u0103tea un b\u0103rbat rece, orbit de datorii \u0219i de obliga\u021bii impuse de al\u021bii.<\/p>\n\n\n\n<p><\/p>\n\n\n\n<p>A t\u0103cut o clip\u0103, apoi \u0219i-a luat geanta de pe jos.<\/p>\n\n\n\n<p><\/p>\n\n\n\n<p>\u2014 \u0218tii ce, Andrei? Poate c\u0103 mama ta are pensia mic\u0103. Dar eu am sufletul zdrobit. \u0218i pentru asta nu exist\u0103 rate, nici dob\u00e2nzi, nici am\u00e2n\u0103ri.<\/p>\n\n\n\n<p><\/p>\n\n\n\n<p>Andrei a vrut s\u0103 spun\u0103 ceva, dar cuvintele i s-au oprit \u00een g\u00e2t. Olga a intrat \u00een dormitor, a scos o geant\u0103 de voiaj \u0219i a \u00eenceput s\u0103-\u0219i str\u00e2ng\u0103 lucrurile. Fiecare hain\u0103 pe care o \u00eemp\u0103turea era o amintire. Fiecare suvenir din vacan\u021bele lor era o ran\u0103.<\/p>\n\n\n\n<p><\/p>\n\n\n\n<p>C\u00e2nd a terminat, s-a oprit \u00een pragul u\u0219ii.<\/p>\n\n\n\n<p><\/p>\n\n\n\n<p>\u2014 Pleci? \u2014 a \u00eentrebat el, \u00eencerc\u00e2nd s\u0103 par\u0103 st\u0103p\u00e2n pe situa\u021bie.<\/p>\n\n\n\n<p><\/p>\n\n\n\n<p>\u2014 Da. \u0218i de data asta nu doar de la o munc\u0103. Plec de l\u00e2ng\u0103 omul care ar fi trebuit s\u0103 m\u0103 apere.<\/p>\n\n\n\n<p><\/p>\n\n\n\n<p>A trecut pe l\u00e2ng\u0103 el f\u0103r\u0103 s\u0103-l priveasc\u0103. Pe hol, pantofii ei au scos un sunet sec, iar \u00een u\u0219\u0103 s-a auzit clicul ferm al \u00eencuietorii.<\/p>\n\n\n\n<p><\/p>\n\n\n\n<p>Afar\u0103 mirosea a toamn\u0103 \u0219i a libertate. Olga \u0219i-a ridicat privirea spre cerul cenu\u0219iu \u0219i a sim\u021bit, pentru prima dat\u0103 dup\u0103 mult timp, c\u0103 respir\u0103.<\/p>\n\n\n\n<p>A doua zi diminea\u021b\u0103, s-a dus la poli\u021bie. Tremura, dar a povestit totul, p\u00e2n\u0103 la ultimul detaliu. Poli\u021bista care o asculta i-a pus o m\u00e2n\u0103 pe um\u0103r \u0219i i-a spus \u00eencet:<\/p>\n\n\n\n<p>\u2014 A\u021bi f\u0103cut ce trebuie.<\/p>\n\n\n\n<p>Cuvintele acelea au fost ca o u\u0219urare. Pentru prima oar\u0103, cineva o credea.<\/p>\n\n\n\n<p>\u00cen urm\u0103toarele s\u0103pt\u0103m\u00e2ni, a fost greu. Avea economii doar pentru o lun\u0103, iar chiria nu se pl\u0103tea singur\u0103. Dar \u00een loc s\u0103 se pr\u0103bu\u0219easc\u0103, s-a ridicat. A v\u00e2ndut bijuterii, a g\u0103sit un job temporar la o flor\u0103rie \u0219i, cu timpul, a \u00eenv\u0103\u021bat s\u0103 z\u00e2mbeasc\u0103 din nou.<\/p>\n\n\n\n<p>\u00centr-o sear\u0103, pe c\u00e2nd \u00eenchidea magazinul, o client\u0103 s-a oprit \u0219i i-a spus:<\/p>\n\n\n\n<p>\u2014 Ave\u021bi cele mai frumoase aranjamente. Se vede c\u0103 le face\u021bi cu suflet.<\/p>\n\n\n\n<p>Olga a z\u00e2mbit sincer. Poate c\u0103 via\u021ba \u00eei luase multe, dar \u00eei l\u0103sase ceva \u0219i mai valoros: curajul de a se alege pe ea \u00eens\u0103\u0219i.<\/p>\n\n\n\n<p>Iar c\u00e2nd, dup\u0103 c\u00e2teva luni, a primit un apel de la o firm\u0103 care \u00eei v\u0103zuse CV-ul \u0219i o invita la interviu, a \u0219tiut c\u0103 drumul ei abia \u00eencepe. Nu mai era femeia care suporta, ci cea care \u00eenv\u0103\u021base s\u0103 spun\u0103 \u201edestul\u201d.<\/p>\n\n\n\n<p>\u0218i pentru prima oar\u0103, \u00een loc de team\u0103, a sim\u021bit speran\u021b\u0103.<\/p>\n\n\n\n<p><em>Aceast\u0103 lucrare este inspirat\u0103 din evenimente \u0219i persoane reale, \u00eens\u0103 a fost fic\u021bionalizat\u0103 \u00een scopuri creative. Numele, personajele \u0219i detaliile au fost schimbate pentru a proteja intimitatea \u0219i pentru a \u00eembun\u0103t\u0103\u021bi nara\u021biunea. Orice asem\u0103nare cu persoane reale, \u00een via\u021b\u0103 sau decedate, sau cu evenimente reale este pur \u00eent\u00e2mpl\u0103toare \u0219i nu este inten\u021bionat\u0103 de c\u0103tre autor.<\/em><\/p>\n\n\n\n<p><em>Autorul \u0219i editorul nu \u00ee\u0219i asum\u0103 responsabilitatea pentru exactitatea evenimentelor sau pentru modul \u00een care sunt portretizate personajele \u0219i nu sunt r\u0103spunz\u0103tori pentru eventuale interpret\u0103ri gre\u0219ite. Aceast\u0103 poveste este oferit\u0103 \u201eca atare\u201d, iar orice opinii exprimate apar\u021bin personajelor \u0219i nu reflect\u0103 punctele de vedere ale autorului sau ale editorului.<\/em><\/p>\n","protected":false},"excerpt":{"rendered":"<p>\u2014 P\u0103i da, \u2014 a spus Andrei sincer uimit. \u2014 E mama mea. Are pensia mic\u0103. De unde s\u0103 scoat\u0103 at\u00e2\u021bia bani? \u2014 Atunci hai<\/p>\n","protected":false},"author":1,"featured_media":46552,"comment_status":"closed","ping_status":"closed","sticky":false,"template":"","format":"standard","meta":[],"categories":[1],"tags":[],"_links":{"self":[{"href":"http:\/\/calatorinromania.com\/index.php?rest_route=\/wp\/v2\/posts\/46637"}],"collection":[{"href":"http:\/\/calatorinromania.com\/index.php?rest_route=\/wp\/v2\/posts"}],"about":[{"href":"http:\/\/calatorinromania.com\/index.php?rest_route=\/wp\/v2\/types\/post"}],"author":[{"embeddable":true,"href":"http:\/\/calatorinromania.com\/index.php?rest_route=\/wp\/v2\/users\/1"}],"replies":[{"embeddable":true,"href":"http:\/\/calatorinromania.com\/index.php?rest_route=%2Fwp%2Fv2%2Fcomments&post=46637"}],"version-history":[{"count":1,"href":"http:\/\/calatorinromania.com\/index.php?rest_route=\/wp\/v2\/posts\/46637\/revisions"}],"predecessor-version":[{"id":46638,"href":"http:\/\/calatorinromania.com\/index.php?rest_route=\/wp\/v2\/posts\/46637\/revisions\/46638"}],"wp:featuredmedia":[{"embeddable":true,"href":"http:\/\/calatorinromania.com\/index.php?rest_route=\/wp\/v2\/media\/46552"}],"wp:attachment":[{"href":"http:\/\/calatorinromania.com\/index.php?rest_route=%2Fwp%2Fv2%2Fmedia&parent=46637"}],"wp:term":[{"taxonomy":"category","embeddable":true,"href":"http:\/\/calatorinromania.com\/index.php?rest_route=%2Fwp%2Fv2%2Fcategories&post=46637"},{"taxonomy":"post_tag","embeddable":true,"href":"http:\/\/calatorinromania.com\/index.php?rest_route=%2Fwp%2Fv2%2Ftags&post=46637"}],"curies":[{"name":"wp","href":"https:\/\/api.w.org\/{rel}","templated":true}]}}