{"id":46632,"date":"2026-03-12T11:47:52","date_gmt":"2026-03-12T11:47:52","guid":{"rendered":"https:\/\/calatorinromania.com\/?p=46632"},"modified":"2026-03-12T11:47:53","modified_gmt":"2026-03-12T11:47:53","slug":"continuarea-povestii-11","status":"publish","type":"post","link":"http:\/\/calatorinromania.com\/?p=46632","title":{"rendered":"Continuarea pove\u0219tii"},"content":{"rendered":"\n<p>Sala a amu\u021bit complet. Puteam auzi cum cineva \u00ee\u0219i mi\u0219c\u0103 discret scaunul pe podea. Cum un pahar este a\u0219ezat cu grij\u0103 pe mas\u0103. Cum respira\u021bia cuiva devine mai rapid\u0103.<\/p>\n\n\n\n<p><\/p>\n\n\n\n<p>Daniel s-a uitat la mine ca \u0219i cum nu m-ar fi recunoscut.<\/p>\n\n\n\n<p><\/p>\n\n\n\n<p>\u2014 Ce \u00eenseamn\u0103 \u201enu va locui acolo\u201d? \u2014 vocea lui era joas\u0103, dar \u00een ea fierbea ceva periculos. \u2014 Este casa mea.<\/p>\n\n\n\n<p><\/p>\n\n\n\n<p>Am sim\u021bit cum lini\u0219tea se ad\u00e2nce\u0219te. To\u021bi a\u0219teptau.<\/p>\n\n\n\n<p><\/p>\n\n\n\n<p>\u2014 Nu, Daniel. Nu este casa ta.<\/p>\n\n\n\n<p><\/p>\n\n\n\n<p>Margareta a izbucnit prima.<\/p>\n\n\n\n<p><\/p>\n\n\n\n<p>\u2014 Cum \u00eendr\u0103zne\u0219ti?! Dup\u0103 tot ce a f\u0103cut fiul meu pentru tine! Tr\u0103ie\u0219ti pe spatele lui \u0219i acum mai ai \u0219i preten\u021bii?<\/p>\n\n\n\n<p><\/p>\n\n\n\n<p>Am inspirat ad\u00e2nc. Pentru prima dat\u0103 \u00een mul\u021bi ani, nu sim\u021beam nevoia s\u0103 m\u0103 ap\u0103r. Nu mai voiam s\u0103 demonstrez nimic.<\/p>\n\n\n\n<p>\u2014 Eu am mo\u0219tenit apartamentul de la bunica mea. \u00cenainte s\u0103-l cunosc pe Daniel. Este pe numele meu. A fost pe numele meu.<\/p>\n\n\n\n<p>\u2014 \u201eA fost\u201d? \u2014 Daniel a prins cuv\u00e2ntul din aer, ca pe o musc\u0103. \u2014 Ce \u00eenseamn\u0103 asta?<\/p>\n\n\n\n<p>L-am privit drept \u00een ochi.<\/p>\n\n\n\n<p>\u2014 \u00censeamn\u0103 c\u0103 acum dou\u0103zeci de minute nu mai este pe numele meu.<\/p>\n\n\n\n<p>Un murmur a trecut prin sal\u0103 ca un val.<\/p>\n\n\n\n<p>\u2014 Ce ai f\u0103cut? \u2014 vocea lui a devenit ascu\u021bit\u0103.<\/p>\n\n\n\n<p>Mi-am deschis geanta. Am scos copia contractului. Am a\u0219ezat-o pe mas\u0103, \u00een fa\u021ba lui. Cu gest calm.<\/p>\n\n\n\n<p>\u2014 L-am v\u00e2ndut.<\/p>\n\n\n\n<p>Pentru o clip\u0103, nimeni nu a mi\u0219cat. Daniel s-a uitat la h\u00e2rtii, apoi la mine, apoi din nou la h\u00e2rtii. Parc\u0103 \u00eencerca s\u0103 g\u0103seasc\u0103 o fisur\u0103 \u00een realitate.<\/p>\n\n\n\n<p>\u2014 Nu ai dreptul! \u2014 a izbucnit el. \u2014 Sunt so\u021bul t\u0103u!<\/p>\n\n\n\n<p>\u2014 Exact. So\u021bul meu. Nu proprietarul.<\/p>\n\n\n\n<p>Margareta s-a ridicat brusc \u00een picioare.<\/p>\n\n\n\n<p>\u2014 Asta e nebunie! Daniel, f\u0103 ceva! Sun\u0103 la avocat! Blocheaz\u0103 tranzac\u021bia!<\/p>\n\n\n\n<p>Am cl\u0103tinat u\u0219or din cap.<\/p>\n\n\n\n<p>\u2014 Tranzac\u021bia este \u00eenregistrat\u0103. Banii sunt deja \u00eentr-un cont securizat. Nu \u00een cel \u201ecomun\u201d. Nu \u00een vreun cont la care s\u0103 ai acces.<\/p>\n\n\n\n<p>Daniel a p\u0103lit.<\/p>\n\n\n\n<p>\u2014 Ai ascuns bani de mine?<\/p>\n\n\n\n<p>\u2014 Nu. I-am protejat de tine.<\/p>\n\n\n\n<p>C\u00e2teva persoane au \u00eentors privirea. Altele, dimpotriv\u0103, se aplecau mai aproape, cu un interes abia mascat.<\/p>\n\n\n\n<p>\u2014 Tu nu po\u021bi tr\u0103i f\u0103r\u0103 mine, \u2014 a spus el, dar nu mai era sigur pe ton. \u2014 Tot ce ai\u2026 este datorit\u0103 mie.<\/p>\n\n\n\n<p>Am sim\u021bit cum ceva vechi \u0219i greu cade din mine, ca o hain\u0103 ud\u0103.<\/p>\n\n\n\n<p>\u2014 Tot ce am, Daniel, a fost al meu \u00eenaintea ta. Iar ceea ce am devenit l\u00e2ng\u0103 tine\u2026 nu mai vreau s\u0103 fiu.<\/p>\n\n\n\n<p>L-am v\u0103zut cum \u00eencearc\u0103 s\u0103-\u0219i recapete controlul. \u0218i-a \u00eendreptat umerii, \u0219i-a aranjat man\u0219eta.<\/p>\n\n\n\n<p>\u2014 Unde vom locui? \u2014 a \u00eentrebat rece.<\/p>\n\n\n\n<p>\u2014 Tu? Nu \u0219tiu.<\/p>\n\n\n\n<p>Cuv\u00e2ntul a c\u0103zut \u00eentre noi ca o sentin\u021b\u0103.<\/p>\n\n\n\n<p>\u2014 Ce vrei s\u0103 spui \u201eeu\u201d? \u2014 a \u0219optit el.<\/p>\n\n\n\n<p>\u2014 \u00censeamn\u0103 c\u0103 m\u00e2ine diminea\u021b\u0103 voi depune actele pentru divor\u021b.<\/p>\n\n\n\n<p>Margareta a scos un sunet strangulat.<\/p>\n\n\n\n<p>\u2014 Nu po\u021bi s\u0103-i faci asta fiului meu!<\/p>\n\n\n\n<p>\u2014 Ba pot.<\/p>\n\n\n\n<p>Daniel a f\u0103cut un pas spre mine.<\/p>\n\n\n\n<p>\u2014 Crezi c\u0103 po\u021bi pleca a\u0219a? Crezi c\u0103 o s\u0103 te las?<\/p>\n\n\n\n<p>M-am uitat la el f\u0103r\u0103 s\u0103 clipesc.<\/p>\n\n\n\n<p>\u2014 Nu trebuie s\u0103 m\u0103 la\u0219i. Am plecat deja.<\/p>\n\n\n\n<p>\u00cen acel moment, pentru prima dat\u0103, l-am v\u0103zut nesigur. Nu furios. Nu dominant. Doar pierz\u00e2nd controlul.<\/p>\n\n\n\n<p>\u2014 Unde vei merge? \u2014 a \u00eentrebat.<\/p>\n\n\n\n<p>\u2014 Undeva unde nu trebuie s\u0103 cer voie s\u0103 respir.<\/p>\n\n\n\n<p>Am luat geanta. Mi-am pus haina pe umeri. Nimeni nu m-a oprit.<\/p>\n\n\n\n<p>\u00cen spatele meu, sala a \u00eenceput s\u0103 murmure din nou. Cineva \u0219optea: \u201eA v\u00e2ndut apartamentul?\u201d Altcineva: \u201eTrei sute de mii?\u201d Am auzit cum Margareta \u00eei repro\u0219a lui Daniel, \u00een \u0219oapt\u0103 furioas\u0103, c\u0103 \u201ea pierdut tot\u201d.<\/p>\n\n\n\n<p>C\u00e2nd am ajuns la u\u0219\u0103, vocea lui m-a ajuns din urm\u0103.<\/p>\n\n\n\n<p>\u2014 Ana!<\/p>\n\n\n\n<p>M-am oprit. Nu m-am \u00eentors imediat.<\/p>\n\n\n\n<p>\u2014 Vei regreta.<\/p>\n\n\n\n<p>M-am \u00eentors \u00eencet.<\/p>\n\n\n\n<p>\u2014 Poate. Dar va fi prima decizie din via\u021ba mea pe care o regret pentru mine, nu pentru tine.<\/p>\n\n\n\n<p>Am ie\u0219it.<\/p>\n\n\n\n<p>Aerul nop\u021bii era rece, dar curat. Ora\u0219ul str\u0103lucea sub ploaia fin\u0103. Pentru prima dat\u0103 \u00een ani, nu m\u0103 gr\u0103beam nic\u0103ieri. Nu trebuia s\u0103 explic, s\u0103 justific, s\u0103 m\u0103 \u00eencadrez.<\/p>\n\n\n\n<p>Telefonul a vibrat \u00een m\u00e2n\u0103. Un mesaj de la notar: \u201eTransfer confirmat.\u201d<\/p>\n\n\n\n<p>Am z\u00e2mbit.<\/p>\n\n\n\n<p>Nu \u0219tiam exact unde voi dormi \u00een noaptea aceea. Rezervasem o camer\u0103 de hotel pentru c\u00e2teva zile. At\u00e2t. Dar pentru prima dat\u0103, incertitudinea nu m\u0103 speria.<\/p>\n\n\n\n<p>M-am uitat \u00een sus, spre etajele luminate ale restaurantului. \u00cen spatele unuia dintre geamuri, probabil, Daniel \u00eencerca s\u0103-\u0219i salveze imaginea. S\u0103 explice. S\u0103 minimalizeze. S\u0103 m\u0103 transforme \u00een vinovat\u0103.<\/p>\n\n\n\n<p>Dar ceva se schimbase. Nu mai conta.<\/p>\n\n\n\n<p>\u00cen buzunar aveam cheia de la apartament \u2014 nu pentru a intra, ci pentru a o preda noilor proprietari diminea\u021b\u0103. Simbolic, am str\u00e2ns-o \u00een palm\u0103. Apoi am b\u0103gat-o \u00eenapoi.<\/p>\n\n\n\n<p>Un taxi a oprit l\u00e2ng\u0103 mine.<\/p>\n\n\n\n<p>\u2014 Unde merge\u021bi? \u2014 a \u00eentrebat \u0219oferul.<\/p>\n\n\n\n<p>Am ezitat o secund\u0103. Apoi am spus adresa hotelului.<\/p>\n\n\n\n<p>Ma\u0219ina a pornit. Cl\u0103direa restaurantului s-a \u00eendep\u0103rtat \u00eencet \u00een oglinda retrovizoare.<\/p>\n\n\n\n<p>Nu pl\u00e2ngeam. Nu tremuram. Sim\u021beam doar un gol lini\u0219tit, ca dup\u0103 o furtun\u0103.<\/p>\n\n\n\n<p>Via\u021ba mea veche r\u0103m\u00e2nea \u00een urm\u0103 \u2014 cu mesele ei lungi, cu bugetele controlate, cu aprob\u0103rile, cu frica de a deranja.<\/p>\n\n\n\n<p>\u00cen fa\u021b\u0103 era necunoscutul.<\/p>\n\n\n\n<p>Dar era al meu.<\/p>\n\n\n\n<p><\/p>\n\n\n\n<p><\/p>\n\n\n\n<p>Aceast\u0103 lucrare este inspirat\u0103 din evenimente \u0219i persoane reale, \u00eens\u0103 a fost fic\u021bionalizat\u0103 \u00een scopuri creative. Numele, personajele \u0219i detaliile au fost schimbate pentru a proteja intimitatea \u0219i pentru a \u00eembun\u0103t\u0103\u021bi nara\u021biunea. Orice asem\u0103nare cu persoane reale, \u00een via\u021b\u0103 sau decedate, sau cu evenimente reale este pur \u00eent\u00e2mpl\u0103toare \u0219i nu este inten\u021bionat\u0103 de c\u0103tre autor.<\/p>\n\n\n\n<p>Autorul \u0219i editorul nu \u00ee\u0219i asum\u0103 responsabilitatea pentru exactitatea evenimentelor sau pentru modul \u00een care sunt portretizate personajele \u0219i nu sunt r\u0103spunz\u0103tori pentru eventuale interpret\u0103ri gre\u0219ite. Aceast\u0103 poveste este oferit\u0103 \u201eca atare\u201d, iar orice opinii exprimate apar\u021bin personajelor \u0219i nu reflect\u0103 punctele de vedere ale autorului sau ale editorului.<\/p>\n\n\n\n<p><br><\/p>\n","protected":false},"excerpt":{"rendered":"<p>Sala a amu\u021bit complet. Puteam auzi cum cineva \u00ee\u0219i mi\u0219c\u0103 discret scaunul pe podea. Cum un pahar este a\u0219ezat cu grij\u0103 pe mas\u0103. Cum respira\u021bia<\/p>\n","protected":false},"author":1,"featured_media":46552,"comment_status":"closed","ping_status":"closed","sticky":false,"template":"","format":"standard","meta":[],"categories":[1],"tags":[],"_links":{"self":[{"href":"http:\/\/calatorinromania.com\/index.php?rest_route=\/wp\/v2\/posts\/46632"}],"collection":[{"href":"http:\/\/calatorinromania.com\/index.php?rest_route=\/wp\/v2\/posts"}],"about":[{"href":"http:\/\/calatorinromania.com\/index.php?rest_route=\/wp\/v2\/types\/post"}],"author":[{"embeddable":true,"href":"http:\/\/calatorinromania.com\/index.php?rest_route=\/wp\/v2\/users\/1"}],"replies":[{"embeddable":true,"href":"http:\/\/calatorinromania.com\/index.php?rest_route=%2Fwp%2Fv2%2Fcomments&post=46632"}],"version-history":[{"count":1,"href":"http:\/\/calatorinromania.com\/index.php?rest_route=\/wp\/v2\/posts\/46632\/revisions"}],"predecessor-version":[{"id":46633,"href":"http:\/\/calatorinromania.com\/index.php?rest_route=\/wp\/v2\/posts\/46632\/revisions\/46633"}],"wp:featuredmedia":[{"embeddable":true,"href":"http:\/\/calatorinromania.com\/index.php?rest_route=\/wp\/v2\/media\/46552"}],"wp:attachment":[{"href":"http:\/\/calatorinromania.com\/index.php?rest_route=%2Fwp%2Fv2%2Fmedia&parent=46632"}],"wp:term":[{"taxonomy":"category","embeddable":true,"href":"http:\/\/calatorinromania.com\/index.php?rest_route=%2Fwp%2Fv2%2Fcategories&post=46632"},{"taxonomy":"post_tag","embeddable":true,"href":"http:\/\/calatorinromania.com\/index.php?rest_route=%2Fwp%2Fv2%2Ftags&post=46632"}],"curies":[{"name":"wp","href":"https:\/\/api.w.org\/{rel}","templated":true}]}}