{"id":46628,"date":"2026-03-12T11:33:26","date_gmt":"2026-03-12T11:33:26","guid":{"rendered":"https:\/\/calatorinromania.com\/?p=46628"},"modified":"2026-03-12T11:33:27","modified_gmt":"2026-03-12T11:33:27","slug":"5-sfaturi-simple-pentru-o-tufa-bogata-de-leustean-%f0%9f%8c%bf","status":"publish","type":"post","link":"http:\/\/calatorinromania.com\/?p=46628","title":{"rendered":"<strong>5 sfaturi simple pentru o tuf\u0103 bogat\u0103 de leu\u0219tean \ud83c\udf3f<\/strong>"},"content":{"rendered":"\n<p>Leu\u0219teanul este o plant\u0103 <strong>rezistent\u0103 \u0219i peren\u0103<\/strong>, dar \u00eenceputul poate fi mai dificil. Dac\u0103 este plantat corect, se dezvolt\u0103 rapid \u0219i poate deveni o tuf\u0103 mare \u0219i aromat\u0103.<\/p>\n\n\n\n<p><\/p>\n\n\n\n<h3>1. Alege semin\u021be de calitate<\/h3>\n\n\n\n<p>Cump\u0103r\u0103 <strong>semin\u021be de la produc\u0103tori de \u00eencredere<\/strong>. Leu\u0219teanul crescut din semin\u021be se prinde mult mai bine dec\u00e2t cel mutat cu r\u0103d\u0103cin\u0103.<\/p>\n\n\n\n<p><\/p>\n\n\n\n<p><\/p>\n\n\n\n<h3>2. Preg\u0103te\u0219te semin\u021bele \u00eenainte de plantare<\/h3>\n\n\n\n<ul>\n<li>\u021aine semin\u021bele <strong>2\u20133 ore \u00een ap\u0103<\/strong> \u00eenainte de sem\u0103nare.<\/li>\n\n\n\n<li>Planteaz\u0103-le \u00eentr-o <strong>jardinier\u0103 \u00een cas\u0103<\/strong>, cu p\u0103m\u00e2nt bine cernut.<\/li>\n<\/ul>\n\n\n\n<p><\/p>\n\n\n\n<h3>3. Folose\u0219te solul potrivit<\/h3>\n\n\n\n<p>Leu\u0219teanul prefer\u0103 <strong>sol bine drenat<\/strong>, u\u0219or tasat.<br>Un amestec bun este:<\/p>\n\n\n\n<ul>\n<li><strong>p\u0103m\u00e2nt de gr\u0103din\u0103 + p\u0103m\u00e2nt pentru flori<\/strong>.<\/li>\n<\/ul>\n\n\n\n<p>Evita solul <strong>lutos sau calcaros<\/strong>, deoarece planta nu se dezvolt\u0103 bine \u00een astfel de condi\u021bii.<\/p>\n\n\n\n<p><\/p>\n\n\n\n<p><\/p>\n\n\n\n<h3>4. Alege momentul corect pentru sem\u0103nat<\/h3>\n\n\n\n<p>Cele mai bune perioade sunt:<\/p>\n\n\n\n<ul>\n<li><strong>toamna:<\/strong> sf\u00e2r\u0219it de octombrie \u2013 mijloc de noiembrie<\/li>\n\n\n\n<li><strong>prim\u0103vara:<\/strong> martie \u2013 p\u00e2n\u0103 la jum\u0103tatea lunii<\/li>\n<\/ul>\n\n\n\n<p><\/p>\n\n\n\n<h3>5. Protejeaz\u0103 plantele tinere<\/h3>\n\n\n\n<p>\u00cen primele luni leu\u0219teanul este sensibil.<br>Dac\u0103 \u00eel plantezi \u00een gr\u0103din\u0103:<\/p>\n\n\n\n<ul>\n<li>protejeaz\u0103-l noaptea cu <strong>folie sau clopot de sticl\u0103<\/strong>, p\u00e2n\u0103 la sf\u00e2r\u0219itul lui aprilie.<\/li>\n<\/ul>\n\n\n\n<h3>Locul ideal \u00een gr\u0103din\u0103<\/h3>\n\n\n\n<p>Leu\u0219teanul iube\u0219te <strong>lumina de diminea\u021b\u0103 \u0219i zonele u\u0219or umbrite<\/strong>.<br>Nu \u00eel planta:<\/p>\n\n\n\n<ul>\n<li>l\u00e2ng\u0103 <strong>ziduri sau pere\u021bi<\/strong>,<\/li>\n\n\n\n<li>\u00een <strong>soare puternic de amiaz\u0103<\/strong>.<\/li>\n<\/ul>\n\n\n\n<p>Cel mai bine cre\u0219te <strong>sub copaci cu umbr\u0103 rar\u0103 sau la marginea gr\u0103dinii<\/strong>, \u00een zone mai umede.<\/p>\n\n\n\n<h3>Recoltarea<\/h3>\n\n\n\n<p>Nu t\u0103ia frunzele <strong>mai devreme de 6\u20138 luni<\/strong> dup\u0103 r\u0103s\u0103rire \u0219i recolteaz\u0103 <strong>cu modera\u021bie \u00een primul an<\/strong>, pentru ca planta s\u0103 se \u00eent\u0103reasc\u0103.<\/p>\n","protected":false},"excerpt":{"rendered":"<p>Leu\u0219teanul este o plant\u0103 rezistent\u0103 \u0219i peren\u0103, dar \u00eenceputul poate fi mai dificil. Dac\u0103 este plantat corect, se dezvolt\u0103 rapid \u0219i poate deveni o tuf\u0103<\/p>\n","protected":false},"author":1,"featured_media":46629,"comment_status":"closed","ping_status":"closed","sticky":false,"template":"","format":"standard","meta":[],"categories":[1],"tags":[],"_links":{"self":[{"href":"http:\/\/calatorinromania.com\/index.php?rest_route=\/wp\/v2\/posts\/46628"}],"collection":[{"href":"http:\/\/calatorinromania.com\/index.php?rest_route=\/wp\/v2\/posts"}],"about":[{"href":"http:\/\/calatorinromania.com\/index.php?rest_route=\/wp\/v2\/types\/post"}],"author":[{"embeddable":true,"href":"http:\/\/calatorinromania.com\/index.php?rest_route=\/wp\/v2\/users\/1"}],"replies":[{"embeddable":true,"href":"http:\/\/calatorinromania.com\/index.php?rest_route=%2Fwp%2Fv2%2Fcomments&post=46628"}],"version-history":[{"count":1,"href":"http:\/\/calatorinromania.com\/index.php?rest_route=\/wp\/v2\/posts\/46628\/revisions"}],"predecessor-version":[{"id":46630,"href":"http:\/\/calatorinromania.com\/index.php?rest_route=\/wp\/v2\/posts\/46628\/revisions\/46630"}],"wp:featuredmedia":[{"embeddable":true,"href":"http:\/\/calatorinromania.com\/index.php?rest_route=\/wp\/v2\/media\/46629"}],"wp:attachment":[{"href":"http:\/\/calatorinromania.com\/index.php?rest_route=%2Fwp%2Fv2%2Fmedia&parent=46628"}],"wp:term":[{"taxonomy":"category","embeddable":true,"href":"http:\/\/calatorinromania.com\/index.php?rest_route=%2Fwp%2Fv2%2Fcategories&post=46628"},{"taxonomy":"post_tag","embeddable":true,"href":"http:\/\/calatorinromania.com\/index.php?rest_route=%2Fwp%2Fv2%2Ftags&post=46628"}],"curies":[{"name":"wp","href":"https:\/\/api.w.org\/{rel}","templated":true}]}}