{"id":46624,"date":"2026-03-12T10:33:09","date_gmt":"2026-03-12T10:33:09","guid":{"rendered":"https:\/\/calatorinromania.com\/?p=46624"},"modified":"2026-03-12T10:33:09","modified_gmt":"2026-03-12T10:33:09","slug":"mama-fostului-meu-iubit-mi-a-trimis-o-rochie-rosie-pe-care-sa-o-port-la-nunta-lui-dar-cand-i-am-inteles-adevarata-intentie-aproape-ca-am-lesinat","status":"publish","type":"post","link":"http:\/\/calatorinromania.com\/?p=46624","title":{"rendered":"Mama fostului meu iubit mi-a trimis o rochie ro\u0219ie pe care s\u0103 o port la nunta lui \u2013 Dar c\u00e2nd i-am \u00een\u021beles adev\u0103rata inten\u021bie, aproape c\u0103 am le\u0219inat."},"content":{"rendered":"\n<p><\/p>\n\n\n\n<p><\/p>\n\n\n\n<p>Dac\u0103 vrei s\u0103 afli cum se simte cu adev\u0103rat inima fr\u00e2nt\u0103, imagineaz\u0103-\u021bi c\u0103 deschizi u\u0219a \u0219i g\u0103se\u0219ti o cutie \u00eenvelit\u0103 \u00een catifea, scris\u0103 de m\u00e2na mamei fostului t\u0103u iubit, la c\u00e2teva luni dup\u0103 ce el \u021bi-a distrus \u00eencrederea.<\/p>\n\n\n\n<p>Pachetul a ajuns \u00eentr-o diminea\u021b\u0103 de joi. Ultima dat\u0103 c\u00e2nd o v\u0103zusem pe Elena, m\u0103 \u00eembr\u0103\u021bi\u0219ase str\u00e2ns, rug\u00e2ndu-m\u0103 s\u0103 nu-mi pierd bun\u0103tatea. \u00cen interiorul cutiei era o invita\u021bie de nunt\u0103: Mark \u0219i Sarah. Numele lor str\u0103luceau \u00een litere aurii, de parc\u0103 nimic nu s-ar fi \u00eent\u00e2mplat \u00eentre noi. Sub invita\u021bie se afla \u00eens\u0103 o rochie din m\u0103tase purpurie, cu un decolteu \u00een form\u0103 de inim\u0103 \u2014 genul de rochie pe care o por\u021bi doar dac\u0103 vrei s\u0103 fii v\u0103zut\u0103.<\/p>\n\n\n\n<p><\/p>\n\n\n\n<p>Am sunat-o imediat pe Elena.<br>\u2014 Elena, la ce te g\u00e2nde\u0219ti? Vrei s\u0103 apar la nunta lui purt\u00e2nd asta?<br>\u2014 Poart-o, Micaela. Te rog, am un motiv. Am g\u0103sit-o \u00een camera de oaspe\u021bi dup\u0103 ce Sarah a fost pe aici. Am nevoie de tine acolo, unde ea nu va putea nega ce a f\u0103cut \u00een fa\u021ba martorilor.<\/p>\n\n\n\n<p><\/p>\n\n\n\n<p>Am ezitat, dar \u00eei datoram Elenei respectul meu; ea m\u0103 tratase ca pe propria fiic\u0103. \u00cen ziua nun\u021bii, am p\u0103\u0219it \u00een sal\u0103 \u0219i s-a l\u0103sat lini\u0219tea. Mark m-a privit uluit. Elena m-a luat de m\u00e2n\u0103 \u0219i mi-a \u0219optit c\u0103 sunt perfect\u0103. Atunci am observat pe cus\u0103tura interioar\u0103 a rochiei ini\u021bialele C.M.. Inima mi s-a str\u00e2ns; era rochia Clarei, fiica Elenei, care murise cu ani \u00een urm\u0103.<\/p>\n\n\n\n<p><\/p>\n\n\n\n<p>Ceremonia a trecut ca prin cea\u021b\u0103. La recep\u021bie, Mark m-a abordat, spun\u00e2ndu-mi c\u0103 par mai puternic\u0103 \u0219i mai fericit\u0103.<br>\u2014 Sunt, i-am r\u0103spuns. Dar nu sunt aici pentru tine, ci pentru mama ta.<\/p>\n\n\n\n<p>Apoi a venit momentul discursului. Elena s-a ridicat, iar prezen\u021ba ei a impus t\u0103cere.<br>\u2014 Se spune c\u0103 c\u0103s\u0103toria \u00eenseamn\u0103 construirea unui c\u0103min, a \u00eenceput ea, dar nu po\u021bi construi nimic onest pe lucruri furate. Sarah, recuno\u0219ti rochia pe care o poart\u0103 Micaela?<\/p>\n\n\n\n<p>Sarah a sc\u0103pat furculi\u021ba, \u00eencremenit\u0103. Una dintre domni\u0219oarele de onoare, Melanie, a cedat sub presiunea t\u0103cerii:<br>\u2014 Sarah a purtat rochia asta la petrecerea din Vineyard\u2026 cu Kyle.<\/p>\n\n\n\n<p>Mark a \u00eenlemnit. Melanie a continuat, m\u0103rturisind c\u0103 Sarah luase rochia f\u0103r\u0103 permisiune din casa Elenei \u0219i \u00eel \u00een\u0219elase pe Mark chiar \u00een timpul rela\u021biei lor. Elena a ad\u0103ugat c\u0103 are \u0219i fotografii drept dovad\u0103. Sala a erupt \u00een \u0219oapte \u0219i bli\u021buri de telefoane.<\/p>\n\n\n\n<p>\u2014 Elena a avut \u00eencredere \u00een tine, am spus eu calm, fix\u00e2nd-o pe Sarah. Nu e vorba despre mine \u0219i Mark. E vorba despre memoria fiicei ei, pe care ai dezonorat-o.<\/p>\n\n\n\n<p>Mark \u0219i-a scos verigheta \u0219i a anulat nunta pe loc. Oaspe\u021bii au fost ruga\u021bi s\u0103 plece. Elena mi-a m\u0103rturisit c\u0103 nu a c\u0103utat r\u0103zbunarea, ci dreptatea pentru Clara; eu fusesem singura care ascultase mereu pove\u0219tile despre fiica ei.<\/p>\n\n\n\n<p>Afar\u0103, sub ploaie, Mark a \u00eencercat s\u0103 ne opreasc\u0103 ma\u0219ina, cer\u00e2nd s\u0103 vorbim.<br>\u2014 Nu disear\u0103, Mark. Nu mai am de g\u00e2nd s\u0103-mi cer scuze pentru cine sunt, i-am r\u0103spuns.<\/p>\n\n\n\n<p>M-am sim\u021bit, pentru prima dat\u0103 dup\u0103 tr\u0103darea lui, v\u0103zut\u0103 \u0219i eliberat\u0103. Elena m-a \u00eembr\u0103\u021bi\u0219at \u0219i mi-a spus s\u0103 fiu curajoas\u0103 pentru mine \u00eens\u0103mi. Am plecat pe jos, cu pantofii \u00een m\u00e2n\u0103 \u0219i ploaia pe fa\u021b\u0103. Nu mai eram cea l\u0103sat\u0103 \u00een urm\u0103; eram femeia care, \u00een sf\u00e2r\u0219it, se alesese pe sine.<\/p>\n\n\n\n<p><\/p>\n\n\n\n<p><\/p>\n\n\n\n<p>Aceast\u0103 lucrare este inspirat\u0103 din evenimente \u0219i persoane reale, \u00eens\u0103 a fost fic\u021bionalizat\u0103 \u00een scopuri creative. Numele, personajele \u0219i detaliile au fost schimbate pentru a proteja intimitatea \u0219i pentru a \u00eembun\u0103t\u0103\u021bi nara\u021biunea. Orice asem\u0103nare cu persoane reale, \u00een via\u021b\u0103 sau decedate, sau cu evenimente reale este pur \u00eent\u00e2mpl\u0103toare \u0219i nu este inten\u021bionat\u0103 de c\u0103tre autor.<\/p>\n\n\n\n<p>Autorul \u0219i editorul nu \u00ee\u0219i asum\u0103 responsabilitatea pentru exactitatea evenimentelor sau pentru modul \u00een care sunt portretizate personajele \u0219i nu sunt r\u0103spunz\u0103tori pentru eventuale interpret\u0103ri gre\u0219ite. Aceast\u0103 poveste este oferit\u0103 \u201eca atare\u201d, iar orice opinii exprimate apar\u021bin personajelor \u0219i nu reflect\u0103 punctele de vedere ale autorului sau ale editorului.<\/p>\n\n\n\n<p><\/p>\n","protected":false},"excerpt":{"rendered":"<p>Dac\u0103 vrei s\u0103 afli cum se simte cu adev\u0103rat inima fr\u00e2nt\u0103, imagineaz\u0103-\u021bi c\u0103 deschizi u\u0219a \u0219i g\u0103se\u0219ti o cutie \u00eenvelit\u0103 \u00een catifea, scris\u0103 de m\u00e2na<\/p>\n","protected":false},"author":1,"featured_media":46552,"comment_status":"closed","ping_status":"closed","sticky":false,"template":"","format":"standard","meta":[],"categories":[1],"tags":[],"_links":{"self":[{"href":"http:\/\/calatorinromania.com\/index.php?rest_route=\/wp\/v2\/posts\/46624"}],"collection":[{"href":"http:\/\/calatorinromania.com\/index.php?rest_route=\/wp\/v2\/posts"}],"about":[{"href":"http:\/\/calatorinromania.com\/index.php?rest_route=\/wp\/v2\/types\/post"}],"author":[{"embeddable":true,"href":"http:\/\/calatorinromania.com\/index.php?rest_route=\/wp\/v2\/users\/1"}],"replies":[{"embeddable":true,"href":"http:\/\/calatorinromania.com\/index.php?rest_route=%2Fwp%2Fv2%2Fcomments&post=46624"}],"version-history":[{"count":1,"href":"http:\/\/calatorinromania.com\/index.php?rest_route=\/wp\/v2\/posts\/46624\/revisions"}],"predecessor-version":[{"id":46625,"href":"http:\/\/calatorinromania.com\/index.php?rest_route=\/wp\/v2\/posts\/46624\/revisions\/46625"}],"wp:featuredmedia":[{"embeddable":true,"href":"http:\/\/calatorinromania.com\/index.php?rest_route=\/wp\/v2\/media\/46552"}],"wp:attachment":[{"href":"http:\/\/calatorinromania.com\/index.php?rest_route=%2Fwp%2Fv2%2Fmedia&parent=46624"}],"wp:term":[{"taxonomy":"category","embeddable":true,"href":"http:\/\/calatorinromania.com\/index.php?rest_route=%2Fwp%2Fv2%2Fcategories&post=46624"},{"taxonomy":"post_tag","embeddable":true,"href":"http:\/\/calatorinromania.com\/index.php?rest_route=%2Fwp%2Fv2%2Ftags&post=46624"}],"curies":[{"name":"wp","href":"https:\/\/api.w.org\/{rel}","templated":true}]}}