{"id":40260,"date":"2025-06-23T07:25:50","date_gmt":"2025-06-23T07:25:50","guid":{"rendered":"https:\/\/calatorinromania.com\/?p=40260"},"modified":"2025-06-23T07:25:51","modified_gmt":"2025-06-23T07:25:51","slug":"%f0%9f%8c%bc-descopera-puterea-ceaiului-de-sunatoare","status":"publish","type":"post","link":"http:\/\/calatorinromania.com\/?p=40260","title":{"rendered":"\ud83c\udf3c Descoper\u0103 puterea ceaiului de <strong>Sun\u0103toare<\/strong>"},"content":{"rendered":"\n<p><strong>10 motive s\u0103-l bei zilnic pentru un trup \u0219i o minte mai echilibrate<\/strong> \ud83c\udf1e<\/p>\n\n\n\n<p><\/p>\n\n\n\n<p>\u00centr-o lume agitat\u0103, avem nevoie de momente de lini\u0219te, de echilibru \u0219i mai ales de <em>remedii naturale<\/em> care ne sus\u021bin s\u0103n\u0103tatea. Ceaiul de sun\u0103toare este mai mult dec\u00e2t o b\u0103utur\u0103 \u2014 este un <strong>elixir natural<\/strong> cu beneficii uimitoare pentru corp \u0219i minte.<\/p>\n\n\n\n<p><\/p>\n\n\n\n<p>Hai s\u0103 descoperim \u00eempreun\u0103 <strong>de ce merit\u0103 s\u0103 devin\u0103 parte din rutina ta zilnic\u0103<\/strong>:<\/p>\n\n\n\n<p><\/p>\n\n\n\n<h3>\ud83c\udf43 1. <strong>Combate stresul \u0219i anxietatea<\/strong><\/h3>\n\n\n\n<p>\ud83e\uddd8\u200d\u2640\ufe0f Un ceai lini\u0219titor, ideal diminea\u021ba sau seara. Reduce tensiunea mental\u0103 \u0219i ofer\u0103 un sentiment pl\u0103cut de calm interior.<\/p>\n\n\n\n<p><\/p>\n\n\n\n<p><\/p>\n\n\n\n<h3>\ud83d\udcad 2. <strong>\u00cembun\u0103t\u0103\u021be\u0219te starea de spirit<\/strong><\/h3>\n\n\n\n<p>Compu\u0219ii activi din sun\u0103toare pot reduce simptomele u\u0219oare de depresie \u0219i \u00ee\u021bi pot reda optimismul \u0219i energia interioar\u0103.<\/p>\n\n\n\n<p><\/p>\n\n\n\n<p><\/p>\n\n\n\n<h3>\ud83d\udee1\ufe0f 3. <strong>Are efect antioxidant<\/strong><\/h3>\n\n\n\n<p>Lupt\u0103 cu radicalii liberi \ud83d\udd2c \u0219i protejeaz\u0103 celulele corpului de \u00eemb\u0103tr\u00e2nirea prematur\u0103 \u0219i stresul oxidativ.<\/p>\n\n\n\n<p><\/p>\n\n\n\n<p><\/p>\n\n\n\n<h3>\ud83d\udcaa 4. <strong>Sprijin\u0103 imunitatea<\/strong><\/h3>\n\n\n\n<p>Ceaiul de sun\u0103toare contribuie la \u00eent\u0103rirea sistemului imunitar, preg\u0103tindu-te pentru sezonul rece sau perioadele solicitante.<\/p>\n\n\n\n<p><\/p>\n\n\n\n<h3>\u26a1 5. <strong>Energizeaz\u0103 natural<\/strong><\/h3>\n\n\n\n<p>O alternativ\u0103 bl\u00e2nd\u0103 la cafea \u2013 f\u0103r\u0103 palpita\u021bii, f\u0103r\u0103 nervozitate. Men\u021bine energia constant\u0103, f\u0103r\u0103 &#8222;c\u0103deri&#8221; bru\u0219te pe parcursul zilei.<\/p>\n\n\n\n<p><\/p>\n\n\n\n<p><\/p>\n\n\n\n<h3>\ud83d\ude34 6. <strong>\u00cembun\u0103t\u0103\u021be\u0219te calitatea somnului<\/strong><\/h3>\n\n\n\n<p>O can\u0103 seara te ajut\u0103 s\u0103 te relaxezi \u0219i s\u0103 dormi mai bine, f\u0103r\u0103 efecte adverse sau dependen\u021b\u0103.<\/p>\n\n\n\n<p><\/p>\n\n\n\n<p><\/p>\n\n\n\n<h3>\ud83e\udd15 7. <strong>Reduce migrenele<\/strong><\/h3>\n\n\n\n<p>Mul\u021bi utilizatori spun c\u0103, datorit\u0103 efectului s\u0103u antiinflamator, ceaiul de sun\u0103toare le-a diminuat frecven\u021ba \u0219i intensitatea durerilor de cap.<\/p>\n\n\n\n<p><\/p>\n\n\n\n<p><\/p>\n\n\n\n<h3>\ud83e\udd57 8. <strong>Ajut\u0103 digestia<\/strong><\/h3>\n\n\n\n<p>\ud83c\udf3f Sun\u0103toarea sus\u021bine func\u021biile sistemului digestiv \u0219i reduce balonarea sau disconfortul abdominal.<\/p>\n\n\n\n<p><\/p>\n\n\n\n<p><\/p>\n\n\n\n<h3>\ud83d\udd25 9. <strong>Combate inflama\u021biile<\/strong><\/h3>\n\n\n\n<p>Un aliat \u00een lupta cu inflama\u021biile cronice sau acute din corp, datorit\u0103 compu\u0219ilor naturali activi.<\/p>\n\n\n\n<p><\/p>\n\n\n\n<p><\/p>\n\n\n\n<h3>\u2615 10. <strong>Alternativ\u0103 natural\u0103 la cafea<\/strong><\/h3>\n\n\n\n<p>Dac\u0103 vrei s\u0103 reduci cofeina, \u00eencearc\u0103 acest ceai. Are un gust pl\u0103cut \u0219i te sus\u021bine \u00een mod natural.<\/p>\n\n\n\n<p><\/p>\n\n\n\n<p><\/p>\n\n\n\n<h2>\u2600\ufe0f Cum s\u0103-l consumi corect?<\/h2>\n\n\n\n<ul>\n<li>Bea <strong>1-2 c\u0103ni\/zi<\/strong>, preferabil diminea\u021ba sau seara.<\/li>\n\n\n\n<li>Nu consuma \u00een exces \u0219i evit\u0103 combinarea cu medicamente antidepresive.<\/li>\n\n\n\n<li>Dac\u0103 iei tratamente medicale, <strong>consult\u0103 medicul \u00eenainte<\/strong>.<\/li>\n<\/ul>\n\n\n\n<h2>\ud83d\udc9b Concluzie:<\/h2>\n\n\n\n<p><strong>Ceaiul de sun\u0103toare este un cadou al naturii<\/strong> \u2013 te ajut\u0103 s\u0103-\u021bi g\u0103se\u0219ti echilibrul emo\u021bional, s\u0103-\u021bi \u00eent\u0103re\u0219ti sistemul imunitar \u0219i s\u0103 te bucuri de momente de relaxare pur\u0103. Include-l \u00een rutina ta zilnic\u0103 \u0219i las\u0103-l s\u0103-\u021bi transforme dimine\u021bile \u00een momente de claritate \u0219i calm \ud83c\udf1e\ud83c\udf3f<\/p>\n","protected":false},"excerpt":{"rendered":"<p>10 motive s\u0103-l bei zilnic pentru un trup \u0219i o minte mai echilibrate \ud83c\udf1e \u00centr-o lume agitat\u0103, avem nevoie de momente de lini\u0219te, de echilibru<\/p>\n","protected":false},"author":1,"featured_media":40201,"comment_status":"closed","ping_status":"closed","sticky":false,"template":"","format":"standard","meta":[],"categories":[1],"tags":[],"_links":{"self":[{"href":"http:\/\/calatorinromania.com\/index.php?rest_route=\/wp\/v2\/posts\/40260"}],"collection":[{"href":"http:\/\/calatorinromania.com\/index.php?rest_route=\/wp\/v2\/posts"}],"about":[{"href":"http:\/\/calatorinromania.com\/index.php?rest_route=\/wp\/v2\/types\/post"}],"author":[{"embeddable":true,"href":"http:\/\/calatorinromania.com\/index.php?rest_route=\/wp\/v2\/users\/1"}],"replies":[{"embeddable":true,"href":"http:\/\/calatorinromania.com\/index.php?rest_route=%2Fwp%2Fv2%2Fcomments&post=40260"}],"version-history":[{"count":1,"href":"http:\/\/calatorinromania.com\/index.php?rest_route=\/wp\/v2\/posts\/40260\/revisions"}],"predecessor-version":[{"id":40261,"href":"http:\/\/calatorinromania.com\/index.php?rest_route=\/wp\/v2\/posts\/40260\/revisions\/40261"}],"wp:featuredmedia":[{"embeddable":true,"href":"http:\/\/calatorinromania.com\/index.php?rest_route=\/wp\/v2\/media\/40201"}],"wp:attachment":[{"href":"http:\/\/calatorinromania.com\/index.php?rest_route=%2Fwp%2Fv2%2Fmedia&parent=40260"}],"wp:term":[{"taxonomy":"category","embeddable":true,"href":"http:\/\/calatorinromania.com\/index.php?rest_route=%2Fwp%2Fv2%2Fcategories&post=40260"},{"taxonomy":"post_tag","embeddable":true,"href":"http:\/\/calatorinromania.com\/index.php?rest_route=%2Fwp%2Fv2%2Ftags&post=40260"}],"curies":[{"name":"wp","href":"https:\/\/api.w.org\/{rel}","templated":true}]}}