{"id":40256,"date":"2025-06-21T16:14:10","date_gmt":"2025-06-21T16:14:10","guid":{"rendered":"https:\/\/calatorinromania.com\/?p=40256"},"modified":"2025-06-21T16:14:11","modified_gmt":"2025-06-21T16:14:11","slug":"%f0%9f%8c%bf-de-ce-se-ingalbenesc-si-se-usuca-frunzele-de-orhidee","status":"publish","type":"post","link":"http:\/\/calatorinromania.com\/?p=40256","title":{"rendered":"\ud83c\udf3f De ce se \u00eeng\u0103lbenesc \u0219i se usuc\u0103 frunzele de orhidee?"},"content":{"rendered":"\n<h3>Afl\u0103 cauzele \u0219i ce po\u021bi face ca planta ta s\u0103-\u0219i revin\u0103 rapid! \ud83c\udf38<\/h3>\n\n\n\n<p><\/p>\n\n\n\n<p>Orhideele sunt flori spectaculoase, dar delicate. Dac\u0103 frunzele \u00eencep s\u0103 se \u00eeng\u0103lbeneasc\u0103 sau s\u0103 se usuce, e semn c\u0103 planta are nevoie de ajutor. Vestea bun\u0103? Po\u021bi interveni la timp \u0219i o po\u021bi salva!<\/p>\n\n\n\n<p><\/p>\n\n\n\n<p>Hai s\u0103 vedem cele mai frecvente cauze \u0219i solu\u021biile potrivite pentru fiecare:<\/p>\n\n\n\n<p><\/p>\n\n\n\n<h3>\u2600\ufe0f 1. Lumin\u0103 nepotrivit\u0103<\/h3>\n\n\n\n<ul>\n<li><strong>Prea mult soare:<\/strong> Frunzele pot suferi arsuri.<br>\u27a4 Mut\u0103 planta \u00eentr-un loc cu <strong>lumin\u0103 filtrat\u0103<\/strong>, nu direct\u0103.<\/li>\n\n\n\n<li><strong>Prea pu\u021bin\u0103 lumin\u0103:<\/strong> Orhideea nu mai poate face fotosintez\u0103.<br>\u27a4 Asigur\u0103-i <strong>lumina natural\u0103 difuz\u0103<\/strong>, ideal l\u00e2ng\u0103 o fereastr\u0103 orientat\u0103 spre est.<\/li>\n<\/ul>\n\n\n\n<p><\/p>\n\n\n\n<h3>\ud83d\udca7 2. Udare incorect\u0103<\/h3>\n\n\n\n<ul>\n<li><strong>Udare prea frecvent\u0103:<\/strong> R\u0103d\u0103cinile pot putrezi \u2192 frunzele se \u00eeng\u0103lbenesc.<br>\u27a4 Las\u0103 substratul s\u0103 se usuce <strong>par\u021bial<\/strong> \u00eentre ud\u0103ri.<\/li>\n\n\n\n<li><strong>Prea pu\u021bin\u0103 ap\u0103:<\/strong> Planta se deshidrateaz\u0103.<br>\u27a4 Ud\u0103 regulat, dar f\u0103r\u0103 exces.<\/li>\n<\/ul>\n\n\n\n<p><\/p>\n\n\n\n<h3>\ud83d\udebf 3. Calitatea apei<\/h3>\n\n\n\n<ul>\n<li><strong>Apa dur\u0103 sau cu clor:<\/strong> Poate afecta r\u0103d\u0103cinile.<br>\u27a4 Folose\u0219te <strong>ap\u0103 filtrat\u0103<\/strong>, de ploaie sau ap\u0103 plat\u0103. Dac\u0103 folose\u0219ti ap\u0103 de la robinet, las-o s\u0103 stea 24h \u00eenainte.<\/li>\n<\/ul>\n\n\n\n<p><\/p>\n\n\n\n<h3>\ud83c\udf21\ufe0f 4. Temperaturile extreme<\/h3>\n\n\n\n<ul>\n<li>Orhideele prefer\u0103 un climat bl\u00e2nd, f\u0103r\u0103 schimb\u0103ri bru\u0219te.<br>\u27a4 Men\u021bine temperatura \u00eentre <strong>18\u201326\u00b0C<\/strong>. Evit\u0103 curen\u021bii de aer rece.<\/li>\n<\/ul>\n\n\n\n<p><\/p>\n\n\n\n<h3>\ud83d\udc1b 5. Boli \u0219i d\u0103un\u0103tori<\/h3>\n\n\n\n<ul>\n<li><strong>Infec\u021bii fungice:<\/strong> Pot ap\u0103rea pete, \u00eeng\u0103lbenire \u0219i c\u0103dere.<\/li>\n\n\n\n<li><strong>Daunatori:<\/strong> Afidele, p\u0103duchii lanosi sau tripsii pot ataca planta. \u27a4 Solu\u021bii:\n<ul>\n<li>\u00cendep\u0103rteaz\u0103 frunzele afectate.<\/li>\n\n\n\n<li>Aplic\u0103 un tratament bio sau un insecticid\/fungicid potrivit.<\/li>\n\n\n\n<li>Izoleaz\u0103 planta dac\u0103 ai \u0219i alte flori \u00een cas\u0103.<\/li>\n<\/ul>\n<\/li>\n<\/ul>\n\n\n\n<p><\/p>\n\n\n\n<h3>\ud83c\udf31 Cum \u00ee\u021bi aju\u021bi orhideea s\u0103-\u0219i revin\u0103:<\/h3>\n\n\n\n<p>\u2705 Mut-o \u00eentr-un spa\u021biu cu <strong>lumin\u0103 potrivit\u0103<\/strong> \u0219i temperatur\u0103 stabil\u0103.<br>\u2705 Ajusteaz\u0103 <strong>udarea<\/strong> \u2013 nici prea des, nici prea rar.<br>\u2705 Folose\u0219te <strong>ap\u0103 f\u0103r\u0103 clor<\/strong>.<br>\u2705 Verific\u0103 regulat r\u0103d\u0103cinile \u0219i frunzele pentru semne de boal\u0103 sau d\u0103un\u0103tori.<br>\u2705 Adaug\u0103 <strong>\u00eengr\u0103\u0219\u0103m\u00e2nt special pentru orhidee<\/strong> o dat\u0103 pe lun\u0103.<br>\u2705 Taie frunzele foarte afectate, dar cu grij\u0103, folosind un instrument dezinfectat.<\/p>\n\n\n\n<p><\/p>\n\n\n\n<p><\/p>\n\n\n\n<h3>\ud83d\udcac Sfat final:<\/h3>\n\n\n\n<p>\ud83d\udd01 <strong>Fii r\u0103bd\u0103tor.<\/strong> Orhideele au ritmul lor, dar cu \u00eengrijire corect\u0103, vor \u00eenflori din nou \u0219i \u00ee\u021bi vor r\u0103spl\u0103ti efortul!<\/p>\n","protected":false},"excerpt":{"rendered":"<p>Afl\u0103 cauzele \u0219i ce po\u021bi face ca planta ta s\u0103-\u0219i revin\u0103 rapid! \ud83c\udf38 Orhideele sunt flori spectaculoase, dar delicate. Dac\u0103 frunzele \u00eencep s\u0103 se \u00eeng\u0103lbeneasc\u0103<\/p>\n","protected":false},"author":1,"featured_media":40201,"comment_status":"closed","ping_status":"closed","sticky":false,"template":"","format":"standard","meta":[],"categories":[1],"tags":[],"_links":{"self":[{"href":"http:\/\/calatorinromania.com\/index.php?rest_route=\/wp\/v2\/posts\/40256"}],"collection":[{"href":"http:\/\/calatorinromania.com\/index.php?rest_route=\/wp\/v2\/posts"}],"about":[{"href":"http:\/\/calatorinromania.com\/index.php?rest_route=\/wp\/v2\/types\/post"}],"author":[{"embeddable":true,"href":"http:\/\/calatorinromania.com\/index.php?rest_route=\/wp\/v2\/users\/1"}],"replies":[{"embeddable":true,"href":"http:\/\/calatorinromania.com\/index.php?rest_route=%2Fwp%2Fv2%2Fcomments&post=40256"}],"version-history":[{"count":1,"href":"http:\/\/calatorinromania.com\/index.php?rest_route=\/wp\/v2\/posts\/40256\/revisions"}],"predecessor-version":[{"id":40257,"href":"http:\/\/calatorinromania.com\/index.php?rest_route=\/wp\/v2\/posts\/40256\/revisions\/40257"}],"wp:featuredmedia":[{"embeddable":true,"href":"http:\/\/calatorinromania.com\/index.php?rest_route=\/wp\/v2\/media\/40201"}],"wp:attachment":[{"href":"http:\/\/calatorinromania.com\/index.php?rest_route=%2Fwp%2Fv2%2Fmedia&parent=40256"}],"wp:term":[{"taxonomy":"category","embeddable":true,"href":"http:\/\/calatorinromania.com\/index.php?rest_route=%2Fwp%2Fv2%2Fcategories&post=40256"},{"taxonomy":"post_tag","embeddable":true,"href":"http:\/\/calatorinromania.com\/index.php?rest_route=%2Fwp%2Fv2%2Ftags&post=40256"}],"curies":[{"name":"wp","href":"https:\/\/api.w.org\/{rel}","templated":true}]}}