{"id":40239,"date":"2025-06-20T06:49:22","date_gmt":"2025-06-20T06:49:22","guid":{"rendered":"https:\/\/calatorinromania.com\/?p=40239"},"modified":"2025-06-20T06:49:23","modified_gmt":"2025-06-20T06:49:23","slug":"m-am-recasatorit-dupa-ce-sotia-mea-a-trecut-in-nefiinta-continuarea","status":"publish","type":"post","link":"http:\/\/calatorinromania.com\/?p=40239","title":{"rendered":"M-am rec\u0103s\u0103torit dup\u0103 ce so\u021bia mea a trecut \u00een nefiin\u021b\u0103 \u2013 continuarea"},"content":{"rendered":"\n<p>Dup\u0103 ce so\u021bia mea s-a stins, a fost doar eu \u0219i feti\u021ba mea, Tessa. Ea era \u00eenc\u0103 prea mic\u0103 ca s\u0103 \u00een\u021beleag\u0103 c\u0103 mama ei a plecat pentru totdeauna. Un an mai t\u00e2rziu, o persoan\u0103 nou\u0103 a intrat \u00een vie\u021bile noastre. Credeam c\u0103 totul era din nou perfect p\u00e2n\u0103 c\u00e2nd Tessa a adus vorba despre podul casei so\u021biei mele.<\/p>\n\n\n\n<p><\/p>\n\n\n\n<p>Laura p\u0103rea s\u0103 se conecteze cu fiica mea. Parc\u0103 se cuno\u0219teau de o ve\u0219nicie. Prima dat\u0103 c\u00e2nd s-au \u00eent\u00e2lnit \u00een parc, s-au jucat cu bucurie printre frunzele c\u0103zute.<\/p>\n\n\n\n<p><\/p>\n\n\n\n<p>Tessa a venit la mine \u0219i mi-a spus: \u201eTat\u0103, prietena ta, Laura, e foarte dr\u0103gu\u021b\u0103.\u201d<\/p>\n\n\n\n<p><\/p>\n\n\n\n<p>Cuvintele ei dulci mi-au umplut inima de alinare. Nu a trecut mult p\u00e2n\u0103 c\u00e2nd Laura \u0219i cu mine ne-am c\u0103s\u0103torit \u0219i ne-am mutat \u00een marea ei cas\u0103 victorian\u0103, mo\u0219tenit\u0103 de la bunicii ei.<\/p>\n\n\n\n<p><\/p>\n\n\n\n<p>Casa era incredibil de spa\u021bioas\u0103. Pe m\u0103sur\u0103 ce Tessa hoin\u0103rea dintr-o camer\u0103 \u00een alta, spunea mereu c\u00e2t de mult \u00eei pl\u0103cea acolo. Totul p\u0103rea \u00een regul\u0103 p\u00e2n\u0103 c\u00e2nd Tessa a \u00eenceput s\u0103 se simt\u0103 inconfortabil \u00een prezen\u021ba Laurei.<\/p>\n\n\n\n<p><\/p>\n\n\n\n<p>La c\u00e2teva luni dup\u0103 c\u0103s\u0103toria noastr\u0103, a trebuit s\u0103 plec din ora\u0219 \u00eentr-o c\u0103l\u0103torie de afaceri. \u0218tiam c\u0103 Tessa va fi bine, de\u0219i nu o l\u0103sasem niciodat\u0103 \u00een grija altcuiva pentru mai mult de o zi.<\/p>\n\n\n\n<p>C\u00e2nd m-am \u00eentors dup\u0103 o s\u0103pt\u0103m\u00e2n\u0103, Tessa a alergat spre mine, m-a str\u00e2ns tare \u00een bra\u021be \u0219i mi-a spus:<br>\u201eTat\u0103, noua mam\u0103 se comport\u0103 diferit c\u00e2nd tu nu e\u0219ti aici.\u201d<br>C\u00e2nd a auzit asta, lacrimile i s-au adunat \u00een ochi.<\/p>\n\n\n\n<p>\u201eCe vrei s\u0103 spui c\u0103 se comport\u0103 diferit, draga mea?\u201d am \u00eentrebat eu, nedumerit.<\/p>\n\n\n\n<p>\u201eEa petrece timp \u00een pod \u0219i nu m\u0103 las\u0103 s\u0103 urc acolo. \u00cel \u021bine \u00eencuiat \u0219i se aud zgomote ciudate de acolo,\u201d mi-a explicat ea.<\/p>\n\n\n\n<p>\u201eAh, a\u0219a este?\u201d am r\u0103spuns, \u00eencerc\u00e2nd s\u0103 o lini\u0219tesc. \u201eO s\u0103 vorbesc cu ea despre asta, dar sunt sigur c\u0103 exist\u0103 un motiv \u00eentemeiat pentru care nu po\u021bi urca acolo, Tessa.\u201d<\/p>\n\n\n\n<p>Ea m-a privit \u00een ochi \u0219i a spus: \u201e\u0218i e foarte strict\u0103. M\u0103 face s\u0103 adun juc\u0103riile de pe podea \u0219i s\u0103-mi cur\u0103\u021b camera singur\u0103.\u201d<\/p>\n\n\n\n<p>Am r\u0103mas surprins. Tessa avea doar \u0219ase ani, o feti\u021b\u0103 mic\u0103, \u0219i p\u00e2n\u0103 acum, Laura nu ar\u0103tase o latur\u0103 at\u00e2t de strict\u0103.<\/p>\n\n\n\n<p>\u00cen timp ce Tessa \u00ee\u0219i continua explica\u021biile, Laura a ie\u0219it din pod.<br>\u201eDraga mea, te-am a\u0219teptat,\u201d m-a \u00eent\u00e2mpinat ea cu un z\u00e2mbet cald.<\/p>\n\n\n\n<p>\u201eLaura, cum a fost Tessa \u00een timp ce eu eram plecat?\u201d am \u00eentrebat, hot\u0103r\u00e2t s\u0103 nu o confrunt imediat.<\/p>\n\n\n\n<p>\u201eOh, a fost minunat\u0103. S-a pl\u00e2ns pu\u021bin, dar este o feti\u021b\u0103 bun\u0103,\u201d a r\u0103spuns Laura vesel.<\/p>\n\n\n\n<p>\u201eEi bine, ea a men\u021bionat c\u0103 e\u0219ti destul de strict\u0103. A spus \u0219i c\u0103 se aud zgomote \u00een pod.\u201d<\/p>\n\n\n\n<p>Laura m-a asigurat c\u0103 anumite reguli legate de p\u0103strarea ordinii \u00een camer\u0103 \u0219i organizarea juc\u0103riilor sunt bune pentru Tessa. C\u00e2t despre pod, ea a spus c\u0103 era un spa\u021biu pr\u0103fuit, plin de obiecte nedorite \u2013 poate chiar cu \u0219obolani \u2013 \u0219i, prin urmare, nesigur pentru Tessa.<\/p>\n\n\n\n<p>Am decis s\u0103 o cred, dar nu am uitat complet de asta.<\/p>\n\n\n\n<p>\u00cen timp, Tessa a continuat s\u0103 men\u021bioneze zgomotele deranjante din pod. Apoi, \u00eentr-o noapte, c\u00e2nd am ie\u0219it s\u0103 iau pu\u021bin\u0103 ap\u0103, am observat o lumin\u0103 venind de acolo.<br>\u201eCe s-ar putea face Laura acolo sus la ora asta?\u201d m-am \u00eentrebat.<\/p>\n\n\n\n<p>A doua zi diminea\u021ba, curiozitatea a avut c\u00e2rma, a\u0219a c\u0103 am decis s\u0103 verific personal. Scena care m-a \u00eent\u00e2mpinat m-a l\u0103sat f\u0103r\u0103 cuvinte.<\/p>\n\n\n\n<p>Podul era surprinz\u0103tor de primitor, deloc a\u0219a cum \u00eel descrisese Laura. Sem\u0103na mai degrab\u0103 cu o camer\u0103 de cre\u0219\u0103. Pere\u021bii erau vopsi\u021bi \u00een culori vii, iar pe unul dintre ei se z\u0103rea un mural neterminat cu animale juc\u0103u\u0219e. Haine de copii, plu\u0219uri \u0219i mobilier de bebelu\u0219i erau \u00eempr\u0103\u0219tiate peste tot.<\/p>\n\n\n\n<p>St\u0103team acolo, uimit, c\u00e2nd Laura a intrat.<br>\u201eAndrew, ce cau\u021bi aici?\u201d a \u00eentrebat ea.<\/p>\n\n\n\n<p>\u201eLaura, trebuie s\u0103 \u0219tiu ce se \u00eent\u00e2mpl\u0103. Asta nu seam\u0103n\u0103 cu un depozit. E clar o camer\u0103 de cre\u0219\u0103,\u201d am insistat.<\/p>\n\n\n\n<p>Atunci, Laura a \u00eenceput s\u0103 pl\u00e2ng\u0103.<br>\u201eAndrew, voiam s\u0103 o transform \u00eentr-un spa\u021biu pentru Tessa. O transformam treptat dintr-o camer\u0103 de cre\u0219\u0103 \u00eentr-o camer\u0103 pentru o feti\u021b\u0103 mare, pentru c\u0103 voiam s\u0103 v\u0103 surprind pe am\u00e2ndoi,\u201d a m\u0103rturisit ea.<\/p>\n\n\n\n<p>A dezv\u0103luit c\u0103 acel spa\u021biu fusese ini\u021bial o camer\u0103 de cre\u0219\u0103 pentru o feti\u021b\u0103 pe care a pierdut-o la na\u0219tere.<br>\u201eAi pierdut o fiic\u0103?\u201d am \u00eentrebat, surprins de m\u0103rturisirea ei.<\/p>\n\n\n\n<p>Laura a m\u0103rturisit c\u0103 teama \u0219i anxietatea o f\u0103ceau s\u0103 fie foarte strict\u0103 cu Tessa, f\u0103r\u0103 s\u0103-\u0219i dea seama c\u0103 o \u00eensp\u0103im\u00e2nta.<br>\u201eMi-e era team\u0103 c\u0103 te-ai g\u00e2ndi c\u0103 \u00eencerc s\u0103 fac din Tessa o \u00eenlocuitoare pentru bebelu\u0219a mea pierdut\u0103. M\u0103 temeam c\u0103 m-ar respinge dac\u0103 ar \u0219ti. A\u0219a c\u0103, c\u00e2nd ai plecat, am lucrat \u00een t\u0103cere la asta, sper\u00e2nd c\u0103 va fi o surpriz\u0103 minunat\u0103,\u201d a explicat ea, cu lacrimi \u00een ochi.<\/p>\n\n\n\n<p>M-a asigurat c\u0103 o iube\u0219te din tot sufletul \u0219i c\u0103 \u00ee\u0219i dore\u0219te s\u0103 fie o mam\u0103 bun\u0103, doar c\u0103 nu \u0219tia exact cum. I-am sugerat s\u0103 \u00eenceap\u0103 prin a-i ar\u0103ta Tessei podul.<\/p>\n\n\n\n<p>Tessa a fost absolut uimit\u0103 c\u00e2nd l-a v\u0103zut \u0219i a adorat camera. Acest gest i-a ajutat s\u0103 se apropie, iar Tessa nu s-a mai sim\u021bit inconfortabil \u00een prezen\u021ba Laurei.<\/p>\n\n\n\n<p>Inima mi s-a \u00eenc\u0103lzit v\u0103z\u00e2nd cum rela\u021bia lor a \u00eenflorit \u00eentr-o leg\u0103tur\u0103 de familie at\u00e2t de frumoas\u0103.<\/p>\n\n\n\n<p>Dac\u0103 \u021bi-a pl\u0103cut povestea, nu uita s\u0103 o distribui cu prietenii t\u0103i! \u00cempreun\u0103 putem duce mai departe emo\u021bia \u0219i inspira\u021bia.<\/p>\n","protected":false},"excerpt":{"rendered":"<p>Dup\u0103 ce so\u021bia mea s-a stins, a fost doar eu \u0219i feti\u021ba mea, Tessa. Ea era \u00eenc\u0103 prea mic\u0103 ca s\u0103 \u00een\u021beleag\u0103 c\u0103 mama ei<\/p>\n","protected":false},"author":1,"featured_media":40201,"comment_status":"closed","ping_status":"closed","sticky":false,"template":"","format":"standard","meta":[],"categories":[1],"tags":[],"_links":{"self":[{"href":"http:\/\/calatorinromania.com\/index.php?rest_route=\/wp\/v2\/posts\/40239"}],"collection":[{"href":"http:\/\/calatorinromania.com\/index.php?rest_route=\/wp\/v2\/posts"}],"about":[{"href":"http:\/\/calatorinromania.com\/index.php?rest_route=\/wp\/v2\/types\/post"}],"author":[{"embeddable":true,"href":"http:\/\/calatorinromania.com\/index.php?rest_route=\/wp\/v2\/users\/1"}],"replies":[{"embeddable":true,"href":"http:\/\/calatorinromania.com\/index.php?rest_route=%2Fwp%2Fv2%2Fcomments&post=40239"}],"version-history":[{"count":1,"href":"http:\/\/calatorinromania.com\/index.php?rest_route=\/wp\/v2\/posts\/40239\/revisions"}],"predecessor-version":[{"id":40240,"href":"http:\/\/calatorinromania.com\/index.php?rest_route=\/wp\/v2\/posts\/40239\/revisions\/40240"}],"wp:featuredmedia":[{"embeddable":true,"href":"http:\/\/calatorinromania.com\/index.php?rest_route=\/wp\/v2\/media\/40201"}],"wp:attachment":[{"href":"http:\/\/calatorinromania.com\/index.php?rest_route=%2Fwp%2Fv2%2Fmedia&parent=40239"}],"wp:term":[{"taxonomy":"category","embeddable":true,"href":"http:\/\/calatorinromania.com\/index.php?rest_route=%2Fwp%2Fv2%2Fcategories&post=40239"},{"taxonomy":"post_tag","embeddable":true,"href":"http:\/\/calatorinromania.com\/index.php?rest_route=%2Fwp%2Fv2%2Ftags&post=40239"}],"curies":[{"name":"wp","href":"https:\/\/api.w.org\/{rel}","templated":true}]}}