{"id":40235,"date":"2025-06-20T06:37:33","date_gmt":"2025-06-20T06:37:33","guid":{"rendered":"https:\/\/calatorinromania.com\/?p=40235"},"modified":"2025-06-20T06:37:33","modified_gmt":"2025-06-20T06:37:33","slug":"la-doi-ani-dupa-divort-am-intalnit-o-pe-fosta-mea-sotie-continuarea","status":"publish","type":"post","link":"http:\/\/calatorinromania.com\/?p=40235","title":{"rendered":"La doi ani dup\u0103 divor\u021b, am \u00eent\u00e2lnit-o pe fosta mea so\u021bie \u2013 continuarea"},"content":{"rendered":"\n<p>C\u00e2nd s-a n\u0103scut al doilea nostru copil, Alina a \u00eencetat complet s\u0103 mai aib\u0103 grij\u0103 de ea \u00eens\u0103\u0219i. Pe vremuri, \u00ee\u0219i schimba \u021binutele de cinci ori pe zi, c\u0103ut\u00e2nd perfec\u021biunea \u00een fiecare detaliu, dar dup\u0103 ce s-a \u00eentors de la maternitatea din Timi\u0219oara, p\u0103rea c\u0103 a \u0219ters din memorie orice altceva \u00een afar\u0103 de un tricou larg \u0219i uzat \u0219i ni\u0219te pantaloni de trening cu genunchii l\u0103sa\u021bi, care at\u00e2rnau ca un steag al \u00eenfr\u00e2ngerii.<\/p>\n\n\n\n<p><\/p>\n\n\n\n<p>\u00cen acest \u201eminunat\u201c costum, so\u021bia mea nu doar c\u0103 umbla prin cas\u0103 \u2013 tr\u0103ia \u00een el, zi \u0219i noapte, adesea adormind \u00eembr\u0103cat\u0103 a\u0219a, ca \u0219i cum ar fi devenit o parte din ea.<\/p>\n\n\n\n<p><\/p>\n\n\n\n<p>C\u00e2nd o \u00eentrebam de ce, ridica din umeri \u0219i morm\u0103ia c\u0103 \u00eei e mai u\u0219or s\u0103 se trezeasc\u0103 noaptea pentru copii.<\/p>\n\n\n\n<p><\/p>\n\n\n\n<p>Era o logic\u0103 sumbr\u0103 \u00een asta, recunosc, dar toate acele principii m\u0103re\u021be pe care mi le repeta odat\u0103 ca pe o mantra \u2013 \u201eO femeie trebuie s\u0103 r\u0103m\u00e2n\u0103 femeie chiar \u0219i \u00een iad!\u201c<\/p>\n\n\n\n<p><\/p>\n\n\n\n<p>\u2013 s-au risipit ca fumul. Alina a uitat totul: salonul ei preferat de manichiur\u0103 din Arad, sala de sport pe care o considera esen\u021bial\u0103, \u0219i \u2013 ierta\u021bi-mi sinceritatea \u2013 diminea\u021ba uita p\u00e2n\u0103 \u0219i s\u0103-\u0219i pun\u0103 sutienul, r\u0103t\u0103cind prin cas\u0103 cu pieptul c\u0103zut, ca \u0219i cum asta n-ar fi fost mare lucru.<\/p>\n\n\n\n<p><\/p>\n\n\n\n<p>Fire\u0219te, corpul ei s-a pr\u0103bu\u0219it \u0219i el. Totul s-a destr\u0103mat \u2013 talia, abdomenul, picioarele, chiar \u0219i g\u00e2tul i s-a l\u0103sat, devenind o umbr\u0103 a ceea ce fusese. P\u0103rul ei?<\/p>\n\n\n\n<p><\/p>\n\n\n\n<p>Un dezastru viu: fie o claie s\u0103lbatic\u0103, de parc\u0103 ar fi trecut printr-o furtun\u0103, fie un coc gr\u0103bit, din care firele ie\u0219eau ca ni\u0219te strig\u0103te de disperare. Cel mai dureros era c\u0103, \u00eenainte de na\u0219tere, Alina era o frumuse\u021be orbitoare \u2013 un zece cu plus!<\/p>\n\n\n\n<p><\/p>\n\n\n\n<p>C\u00e2nd mergeam \u00eempreun\u0103 pe str\u0103zile din Sibiu, b\u0103rba\u021bii \u00ee\u0219i \u00eentorceau capetele, privirile lor urm\u0103rind-o cu aviditate. \u00cemi umfla pieptul de m\u00e2ndrie \u2013 iat\u0103-o, zei\u021ba mea, doar a mea! Acum\u2026 din acea zei\u021b\u0103 nu mai r\u0103m\u0103sese nimic, doar o fantom\u0103 palid\u0103 a gloriei de odinioar\u0103.<\/p>\n\n\n\n<p><\/p>\n\n\n\n<p>Casa noastr\u0103 reflecta declinul ei \u2013 un haos dezolant. Singurul lucru pe care \u00eel mai f\u0103cea bine era g\u0103titul. Cu m\u00e2na pe inim\u0103 spun: Alina era o vr\u0103jitoare \u00een buc\u0103t\u0103rie, iar s\u0103 te pl\u00e2ngi de m\u00e2ncarea ei ar fi fost un p\u0103cat de moarte. Dar \u00een rest? O tragedie pur\u0103.<\/p>\n\n\n\n<p><\/p>\n\n\n\n<p>Am \u00eencercat s-o scutur, am implorat-o s\u0103 nu se lase s\u0103 se sting\u0103 a\u0219a, dar ea doar \u00eemi oferea un z\u00e2mbet vinovat \u0219i promitea c\u0103 se va schimba.<\/p>\n\n\n\n<p><\/p>\n\n\n\n<p>Timpul trecea, iar r\u0103bdarea mea se topea \u2013 s\u0103 v\u0103d zi de zi aceast\u0103 caricatur\u0103 a femeii pe care o iubeam devenise insuportabil. \u00centr-o noapte furtunoas\u0103, am aruncat bomba: divor\u021b. Alina a \u00eencercat s\u0103 m\u0103 conving\u0103 s\u0103 r\u0103m\u00e2n, repet\u00e2nd acelea\u0219i jur\u0103minte goale de schimbare, dar nu a \u021bipat, nu s-a zb\u0103tut. C\u00e2nd a v\u0103zut c\u0103 hot\u0103r\u00e2rea mea e de neclintit, a oftat sf\u00e2\u0219ietor:<\/p>\n\n\n\n<p><\/p>\n\n\n\n<p>\u2013 \u201eCum vrei tu\u2026 Credeam c\u0103 m\u0103 iube\u0219ti\u2026\u201c<\/p>\n\n\n\n<p>N-am intrat \u00een jocul inutil al \u201em\u0103 iube\u0219ti sau nu\u201c. Am depus actele, \u0219i cur\u00e2nd am primit certificatele de divor\u021b de la un oficiu din Cluj-Napoca \u2013 sf\u00e2r\u0219itul unei ere.<\/p>\n\n\n\n<p>Probabil nu sunt cel mai exemplar tat\u0103 \u2013 \u00een afar\u0103 de pensia alimentar\u0103, n-am mai ajutat cu nimic familia mea de odinioar\u0103. G\u00e2ndul de a o revedea pe ea, femeia care odat\u0103 m\u0103 cucerise cu frumuse\u021bea ei, era ca un pumnal \u00een inim\u0103 pe care doream s\u0103-l evit.<\/p>\n\n\n\n<p>Au trecut doi ani. \u00centr-o sear\u0103, plimb\u00e2ndu-m\u0103 pe str\u0103zile vibrante din Constan\u021ba, am z\u0103rit o siluet\u0103 \u00een dep\u0103rtare \u2013 mersul ei era at\u00e2t de familiar, gra\u021bios, ca un dans prin mul\u021bime. Se apropia de mine. C\u00e2nd a ajuns mai aproape, inima mi s-a oprit \u2013 era Alina!<\/p>\n\n\n\n<p>Dar ce Alina! Ren\u0103scut\u0103 din cenu\u0219\u0103, mai uluitoare dec\u00e2t \u00een zilele noastre de \u00eenceput pline de pasiune \u2013 o adev\u0103rat\u0103 \u00eentruchipare a feminit\u0103\u021bii. Purta tocuri elegante, p\u0103rul \u00eei era aranjat impecabil, totul la ea era o simfonie perfect\u0103 \u2013 rochia, machiajul, unghiile, bijuteriile\u2026 \u0218i acel parfum, vechiul ei parfum inconfundabil, m-a lovit ca un val uria\u0219, arunc\u00e2ndu-m\u0103 \u00eenapoi \u00een timp.<\/p>\n\n\n\n<p>Fa\u021ba mea probabil tr\u0103da totul \u2013 \u0219oc, dor, ru\u0219ine \u2013 pentru c\u0103 ea a izbucnit \u00eentr-un r\u00e2s t\u0103ios, triumf\u0103tor:<\/p>\n\n\n\n<p>\u2013 \u201eCe, nu m\u0103 mai recuno\u0219ti? \u021ai-am spus c\u0103 o s\u0103-mi revin \u2013 tu n-ai avut \u00eencredere \u00een mine!\u201c<\/p>\n\n\n\n<p>Alina mi-a permis cu m\u0103rinimie s-o \u00eenso\u021besc p\u00e2n\u0103 la sala de sport, povestindu-mi pe scurt despre copii \u2013 cresc minunat, spunea ea, plini de via\u021b\u0103. Despre ea nu a zis mare lucru, dar nici nu era nevoie \u2013 str\u0103lucirea ei, \u00eencrederea de nezdruncinat, acel farmec nou \u0219i cople\u0219itor vorbeau de la sine.<\/p>\n\n\n\n<p>Mintea mi s-a \u00eentors la acele zile sumbre: cum se t\u00e2ra prin cas\u0103, zdrobit\u0103 de nop\u021bi nedormite \u0219i greutatea rutinei, \u00eenv\u0103luit\u0103 \u00een acel tricou blestemat \u0219i pantalonii aceia, cu cocul ei jalnic ca un simbol al capitul\u0103rii. C\u00e2t m\u0103 scotea din min\u021bi \u2013 elegan\u021ba pierdut\u0103, focul stins! Era aceea\u0219i femeie pe care o abandonasem, \u0219i odat\u0103 cu ea, \u00eemi p\u0103r\u0103sisem \u0219i copiii, orbit de propriul egoism \u0219i furia mea trec\u0103toare.<\/p>\n\n\n\n<p>La desp\u0103r\u021bire, am b\u00e2iguit dac\u0103 a\u0219 putea s-o sun, i-am m\u0103rturisit c\u0103 am \u00een\u021beles totul \u0219i am implorat-o s\u0103 \u00eencepem din nou. Dar ea mi-a aruncat un z\u00e2mbet rece, victorios, a cl\u0103tinat din cap cu o fermitate necru\u021b\u0103toare \u0219i a spus:<\/p>\n\n\n\n<p>\u2013 \u201ePrea t\u00e2rziu ai priceput, dragule. La revedere!\u201c<\/p>\n\n\n\n<p>Dac\u0103 \u021bi-a pl\u0103cut povestea, nu uita s\u0103 o distribui cu prietenii t\u0103i! \u00cempreun\u0103 putem duce mai departe emo\u021bia \u0219i inspira\u021bia.<\/p>\n","protected":false},"excerpt":{"rendered":"<p>C\u00e2nd s-a n\u0103scut al doilea nostru copil, Alina a \u00eencetat complet s\u0103 mai aib\u0103 grij\u0103 de ea \u00eens\u0103\u0219i. Pe vremuri, \u00ee\u0219i schimba \u021binutele de cinci<\/p>\n","protected":false},"author":1,"featured_media":40201,"comment_status":"closed","ping_status":"closed","sticky":false,"template":"","format":"standard","meta":[],"categories":[1],"tags":[],"_links":{"self":[{"href":"http:\/\/calatorinromania.com\/index.php?rest_route=\/wp\/v2\/posts\/40235"}],"collection":[{"href":"http:\/\/calatorinromania.com\/index.php?rest_route=\/wp\/v2\/posts"}],"about":[{"href":"http:\/\/calatorinromania.com\/index.php?rest_route=\/wp\/v2\/types\/post"}],"author":[{"embeddable":true,"href":"http:\/\/calatorinromania.com\/index.php?rest_route=\/wp\/v2\/users\/1"}],"replies":[{"embeddable":true,"href":"http:\/\/calatorinromania.com\/index.php?rest_route=%2Fwp%2Fv2%2Fcomments&post=40235"}],"version-history":[{"count":1,"href":"http:\/\/calatorinromania.com\/index.php?rest_route=\/wp\/v2\/posts\/40235\/revisions"}],"predecessor-version":[{"id":40236,"href":"http:\/\/calatorinromania.com\/index.php?rest_route=\/wp\/v2\/posts\/40235\/revisions\/40236"}],"wp:featuredmedia":[{"embeddable":true,"href":"http:\/\/calatorinromania.com\/index.php?rest_route=\/wp\/v2\/media\/40201"}],"wp:attachment":[{"href":"http:\/\/calatorinromania.com\/index.php?rest_route=%2Fwp%2Fv2%2Fmedia&parent=40235"}],"wp:term":[{"taxonomy":"category","embeddable":true,"href":"http:\/\/calatorinromania.com\/index.php?rest_route=%2Fwp%2Fv2%2Fcategories&post=40235"},{"taxonomy":"post_tag","embeddable":true,"href":"http:\/\/calatorinromania.com\/index.php?rest_route=%2Fwp%2Fv2%2Ftags&post=40235"}],"curies":[{"name":"wp","href":"https:\/\/api.w.org\/{rel}","templated":true}]}}