{"id":40224,"date":"2025-06-20T05:36:57","date_gmt":"2025-06-20T05:36:57","guid":{"rendered":"https:\/\/calatorinromania.com\/?p=40224"},"modified":"2025-06-20T05:36:57","modified_gmt":"2025-06-20T05:36:57","slug":"ministerul-apararii-comunicat-oficial","status":"publish","type":"post","link":"http:\/\/calatorinromania.com\/?p=40224","title":{"rendered":"Ministerul Ap\u0103r\u0103rii, comunicat OFICIAL:"},"content":{"rendered":"\n<p>Ministerul Ap\u0103r\u0103rii Na\u021bionale a emis un comunicat ferm, resping\u00e2nd categoric informa\u021biile false care circul\u0103 intens pe re\u021belele de socializare, conform c\u0103rora \u00een Rom\u00e2nia ar fi \u00eenceput \u00eenrolarea obligatorie \u00een armat\u0103. Reprezentan\u021bii ministerului au catalogat aceste mesaje drept \u201epost\u0103ri alarmiste\u201d, men\u021bion\u00e2nd c\u0103 ele fac parte dintr-o ampl\u0103 campanie de dezinformare. Institu\u021bia reitereaz\u0103 faptul c\u0103 serviciul militar obligatoriu a fost suspendat pe timp de pace \u00eenc\u0103 din anul 2007 \u0219i c\u0103 nu exist\u0103 planuri pentru reintroducerea acestuia.<\/p>\n\n\n\n<p><\/p>\n\n\n\n<p>Clarific\u0103ri oficiale din partea MApN: F\u0103r\u0103 \u00eencorpor\u0103ri obligatorii<br>\u00cen contextul unei prolifer\u0103ri de mesaje cu caracter alarmist \u00een spa\u021biul online, Ministerul Ap\u0103r\u0103rii Na\u021bionale a sim\u021bit nevoia s\u0103 intervin\u0103 cu preciz\u0103ri clare. Prin intermediul paginii sale oficiale de Facebook, MApN a transmis un mesaj f\u0103r\u0103 echivoc, adresat publicului larg:<\/p>\n\n\n\n<p><\/p>\n\n\n\n<p>\u201eNU au \u00eenceput \u00ceNCORPOR\u0102RILE! Reamintim c\u0103 executarea serviciului obligatoriu \u00een calitate de militar \u00een termen \u0219i militar cu termen redus a fost suspendat\u0103 pe timp de pace \u00een Rom\u00e2nia, \u00eencep\u00e2nd cu data de 1 ianuarie 2007, a\u0219a cum prevede Legea 395\/2005 privind suspendarea pe timp de pace a serviciului militar obligatoriu \u0219i trecerea la serviciul militar pe baz\u0103 de voluntariat.\u201d<\/p>\n\n\n\n<p><\/p>\n\n\n\n<p>Aceast\u0103 declara\u021bie reconfirm\u0103 legisla\u021bia \u00een vigoare, subliniind c\u0103 Rom\u00e2nia a adoptat un sistem de armat\u0103 pe baz\u0103 de voluntariat de aproape dou\u0103 decenii. Mai mult, Ministerul Ap\u0103r\u0103rii Na\u021bionale a reiterat c\u0103 nu a luat \u00een considerare, \u00een niciun moment, revenirea la serviciul militar obligatoriu:<\/p>\n\n\n\n<p>\u201eMinisterul Ap\u0103r\u0103rii Na\u021bionale a comunicat \u00een repetate r\u00e2nduri c\u0103 nu a luat \u00een calcul, \u00een niciun moment, revenirea la serviciul militar obligatoriu, ci are \u00een vedere exclusiv solu\u021bii de recrutare a rezervi\u0219tilor pe baz\u0103 de voluntariat.\u201d<\/p>\n\n\n\n<p>Aceast\u0103 pozi\u021bie oficial\u0103 vine s\u0103 contrazic\u0103 ferm orice zvon privind \u00eencorpor\u0103ri for\u021bate sau mobiliz\u0103ri la scar\u0103 larg\u0103.<\/p>\n\n\n\n<p>Respingerea categoric\u0103 a campaniei de dezinformare<br>Reac\u021bia prompt\u0103 a institu\u021biei vine pe fondul apari\u021biei \u00een mediul online a unor imagini \u0219i mesaje care pretind c\u0103 ar fi \u00eenceput procesul de \u00eenrolare obligatorie sau chiar chemarea rezervi\u0219tilor pentru mobilizare. MApN respinge categoric aceste afirma\u021bii, consider\u00e2ndu-le parte a unei campanii bine orchestrate de dezinformare, menit\u0103 s\u0103 creeze panic\u0103 \u0219i confuzie.<\/p>\n\n\n\n<p>\u201eCircul\u0103 \u00een online post\u0103ri alarmiste ca cea din imagine, care sus\u021bin \u00een mod fals \u00eenceperea \u00eencorpor\u0103rii, c\u00e2nd de fapt este cel mai probabil ca ceea ce vedem \u00een imagini s\u0103 fie \u00eenm\u00e2narea ordinelor de chemare la exerci\u021biul de mobilizare sau de chemare pentru clarificarea situa\u021biei militare\u201d, a precizat MApN, aduc\u00e2nd o posibil\u0103 clarificare a imaginilor care ar fi putut genera erori de interpretare.<\/p>\n\n\n\n<p>Oficialii subliniaz\u0103 cu fermitate c\u0103 Armata Rom\u00e2n\u0103 nu se preg\u0103te\u0219te de niciun conflict \u0219i c\u0103 nu exist\u0103 niciun context actual sau iminent care s\u0103 justifice revenirea la serviciul militar obligatoriu. Aceast\u0103 asigurare are rolul de a calma temerile popula\u021biei \u0219i de a combate nara\u021biunile false care pot destabiliza percep\u021bia public\u0103.<\/p>\n\n\n\n<p>Apel la vigilen\u021b\u0103 \u0219i informare din surse oficiale<br>Pe l\u00e2ng\u0103 clarific\u0103rile privind serviciul militar, Ministerul Ap\u0103r\u0103rii face un apel urgent la popula\u021bie, \u00eendemn\u00e2nd la pruden\u021b\u0103 \u0219i la verificarea informa\u021biilor. Institu\u021bia subliniaz\u0103 importan\u021ba inform\u0103rii din surse oficiale \u0219i responsabilitatea fiec\u0103rui cet\u0103\u021bean de a nu contribui la r\u0103sp\u00e2ndirea panicii prin distribuirea de informa\u021bii neverificate.<\/p>\n\n\n\n<p>\u201eNe dorim ca cet\u0103\u021benii s\u0103 dovedeasc\u0103 bun\u0103-credin\u021b\u0103 \u00een respectarea obliga\u021biilor legale ce le revin \u0219i s\u0103 nu cad\u0103 victime dezinform\u0103rilor. Cel mai probabil, inten\u021bia din spatele acestor manipul\u0103ri este de inducere a confuziei, panicii \u0219i incertitudinii \u00een r\u00e2ndul popula\u021biei din \u021bara noastr\u0103, pe baza unor specula\u021bii \u0219i interpret\u0103ri care nu au leg\u0103tur\u0103 cu realitatea. Informa\u021bi-v\u0103 din surse oficiale!\u201d, se arat\u0103 \u00een mesajul transmis de Ministerul Ap\u0103r\u0103rii.<\/p>\n\n\n\n<p>Aceast\u0103 ini\u021biativ\u0103 a MApN demonstreaz\u0103 importan\u021ba combaterii dezinform\u0103rii, mai ales \u00een contexte sensibile precum cel legat de siguran\u021ba na\u021bional\u0103 \u0219i obliga\u021biile militare. \u00centr-o er\u0103 digital\u0103, \u00een care informa\u021biile false se pot r\u0103sp\u00e2ndi rapid, apelul la verificarea surselor oficiale devine mai pertinent ca oric\u00e2nd.<\/p>\n","protected":false},"excerpt":{"rendered":"<p>Ministerul Ap\u0103r\u0103rii Na\u021bionale a emis un comunicat ferm, resping\u00e2nd categoric informa\u021biile false care circul\u0103 intens pe re\u021belele de socializare, conform c\u0103rora \u00een Rom\u00e2nia ar fi<\/p>\n","protected":false},"author":1,"featured_media":40201,"comment_status":"closed","ping_status":"closed","sticky":false,"template":"","format":"standard","meta":[],"categories":[1],"tags":[],"_links":{"self":[{"href":"http:\/\/calatorinromania.com\/index.php?rest_route=\/wp\/v2\/posts\/40224"}],"collection":[{"href":"http:\/\/calatorinromania.com\/index.php?rest_route=\/wp\/v2\/posts"}],"about":[{"href":"http:\/\/calatorinromania.com\/index.php?rest_route=\/wp\/v2\/types\/post"}],"author":[{"embeddable":true,"href":"http:\/\/calatorinromania.com\/index.php?rest_route=\/wp\/v2\/users\/1"}],"replies":[{"embeddable":true,"href":"http:\/\/calatorinromania.com\/index.php?rest_route=%2Fwp%2Fv2%2Fcomments&post=40224"}],"version-history":[{"count":1,"href":"http:\/\/calatorinromania.com\/index.php?rest_route=\/wp\/v2\/posts\/40224\/revisions"}],"predecessor-version":[{"id":40225,"href":"http:\/\/calatorinromania.com\/index.php?rest_route=\/wp\/v2\/posts\/40224\/revisions\/40225"}],"wp:featuredmedia":[{"embeddable":true,"href":"http:\/\/calatorinromania.com\/index.php?rest_route=\/wp\/v2\/media\/40201"}],"wp:attachment":[{"href":"http:\/\/calatorinromania.com\/index.php?rest_route=%2Fwp%2Fv2%2Fmedia&parent=40224"}],"wp:term":[{"taxonomy":"category","embeddable":true,"href":"http:\/\/calatorinromania.com\/index.php?rest_route=%2Fwp%2Fv2%2Fcategories&post=40224"},{"taxonomy":"post_tag","embeddable":true,"href":"http:\/\/calatorinromania.com\/index.php?rest_route=%2Fwp%2Fv2%2Ftags&post=40224"}],"curies":[{"name":"wp","href":"https:\/\/api.w.org\/{rel}","templated":true}]}}