{"id":40207,"date":"2025-06-19T07:25:21","date_gmt":"2025-06-19T07:25:21","guid":{"rendered":"https:\/\/calatorinromania.com\/?p=40207"},"modified":"2025-06-19T07:25:21","modified_gmt":"2025-06-19T07:25:21","slug":"m-am-casatorit-cu-o-mama-singura-cu-2-fete","status":"publish","type":"post","link":"http:\/\/calatorinromania.com\/?p=40207","title":{"rendered":"M-am c\u0103s\u0103torit cu o mam\u0103 singur\u0103 cu 2 fete"},"content":{"rendered":"\n<p>Inima \u00eemi b\u0103tea cu putere \u00een piept \u00een timp ce le urmam pe cele dou\u0103 feti\u021be spre u\u0219a subsolului. Emma a deschis u\u0219a cu un z\u00e2mbet misterios, iar Lily a aprins lumina. Sc\u0103rile spre subsol erau \u00eenguste \u0219i \u00eentunecate, \u00een ciuda becului slab care at\u00e2rna deasupra.<\/p>\n\n\n\n<p><\/p>\n\n\n\n<p>\u201eEste jos,\u201d a spus Emma. \u201eTrebuie s\u0103 fii foarte lini\u0219tit.\u201d<\/p>\n\n\n\n<p><\/p>\n\n\n\n<p>Cu fiecare treapt\u0103 cobor\u00e2t\u0103, mintea mea imagina scenarii din ce \u00een ce mai macabre. Ce ar fi putut ascunde Claire \u00een subsolul casei? Oare chiar \u021binea un b\u0103rbat captiv acolo? Fostul ei so\u021b? Tat\u0103l fetelor?<\/p>\n\n\n\n<p><\/p>\n\n\n\n<p>Ajun\u0219i la baza sc\u0103rilor, Emma s-a dus direct spre un dulap mare din lemn aflat \u00een col\u021bul subsolului. Un dulap suficient de mare pentru a ascunde un om. Mi-am \u021binut respira\u021bia c\u00e2nd a deschis u\u0219a dulapului.<\/p>\n\n\n\n<p><\/p>\n\n\n\n<p>\u201eTati, am adus pe cineva s\u0103 te cunoasc\u0103!\u201d a exclamat Lily.<\/p>\n\n\n\n<p><\/p>\n\n\n\n<p>\u00cen interiorul dulapului era o cutie mare de carton decorat\u0103 cu desene colorate \u0219i sticle. Din cutie se vedea o fotografie \u00eenr\u0103mat\u0103 a unui b\u0103rbat \u00een uniform\u0103 militar\u0103. L\u00e2ng\u0103 fotografie era o ursoaic\u0103 de plu\u0219 uzat\u0103, c\u00e2teva ma\u0219inu\u021be de juc\u0103rie \u0219i un caiet.<\/p>\n\n\n\n<p><\/p>\n\n\n\n<p>\u201eAcesta este tati,\u201d a spus Emma, ridic\u00e2nd fotografia pentru a mi-o ar\u0103ta mai bine. \u201eA murit c\u00e2nd Lily era bebelu\u0219. A fost soldat.\u201d<\/p>\n\n\n\n<p>Am \u00eenghi\u021bit \u00een sec, sim\u021bindu-m\u0103 stupid \u0219i u\u0219urat \u00een acela\u0219i timp.<\/p>\n\n\n\n<p>\u201eMami ne-a spus c\u0103 nu trebuie s\u0103 fim triste,\u201d a continuat Lily. \u201eSpune c\u0103 tati este mereu cu noi \u00een inimile noastre.\u201d<\/p>\n\n\n\n<p>Emma a deschis caietul, ar\u0103t\u00e2ndu-mi pagini pline cu desene ale unor familia fericite \u2013 o mam\u0103, dou\u0103 fete \u0219i un b\u0103rbat z\u00e2mbitor.<\/p>\n\n\n\n<p>\u201eVenim aici c\u00e2nd ne este dor de el,\u201d a explicat Emma. \u201e\u00cei spunem ce am f\u0103cut \u0219i ce am \u00eenv\u0103\u021bat la \u0219coal\u0103.\u201d<\/p>\n\n\n\n<p>\u201e\u0218i nu facem zgomot puternic pentru c\u0103 tati dormea mult c\u00e2nd venea acas\u0103 de la r\u0103zboi,\u201d a ad\u0103ugat Lily. \u201eEra obosit.\u201d<\/p>\n\n\n\n<p>M-am a\u0219ezat l\u00e2ng\u0103 ele, privind fotografia b\u0103rbatului care fusese odat\u0103 so\u021bul lui Claire \u0219i tat\u0103l acestor fete. Avea ochi bl\u00e2nzi \u0219i un z\u00e2mbet sincer.<\/p>\n\n\n\n<p>\u201eE frumos din partea voastr\u0103 c\u0103 \u00eel vizita\u021bi,\u201d am spus, sim\u021bind un nod \u00een g\u00e2t. \u201eCrede\u021bi c\u0103 ar fi \u00een regul\u0103 dac\u0103 \u0219i eu a\u0219 veni uneori s\u0103 vorbesc cu el?\u201d<\/p>\n\n\n\n<p>Ambele fete au dat din cap aprobator, iar Emma mi-a pus m\u00e2na pe um\u0103r.<\/p>\n\n\n\n<p>\u201e\u0218tii,\u201d a spus ea, \u201emami spune c\u0103 tati ar fi fericit c\u0103 ne ai pe noi acum. C\u0103 ne protejezi \u00een locul lui.\u201d<\/p>\n\n\n\n<p>Lily a \u00eenchis u\u0219a dulapului cu grij\u0103. \u201eTati nu mai este aici, dar tu e\u0219ti. \u0218i asta e bine.\u201d<\/p>\n\n\n\n<p>\u00cen seara aceea, c\u00e2nd Claire s-a \u00eentors de la munc\u0103, i-am povestit despre vizita noastr\u0103 \u00een subsol. Ochii ei s-au umplut de lacrimi.<\/p>\n\n\n\n<p>\u201eFetele au creat acel loc singure,\u201d mi-a explicat ea. \u201eA fost modul lor de a face fa\u021b\u0103. Nu am avut inima s\u0103 le spun s\u0103 nu o fac\u0103. Sper\u0103m c\u0103 numele lui Daniel nu le va mai provoca at\u00e2t de mult\u0103 durere cu timpul.\u201d<\/p>\n\n\n\n<p>\u201eE un loc frumos,\u201d am spus. \u201eUn loc al memoriei \u0219i al iubirii.\u201d<\/p>\n\n\n\n<p>Claire m-a \u00eembr\u0103\u021bi\u0219at str\u00e2ns. Acea zi m-a f\u0103cut s\u0103 \u00een\u021beleg mai bine familia \u00een care intrasem \u2013 o familie marcat\u0103 de pierdere, dar \u0219i de rezilien\u021b\u0103 incredibil\u0103 \u0219i dragoste. Nu veneam s\u0103 \u00eenlocuiesc pe nimeni; veneam s\u0103 adaug la iubirea care deja exista.<\/p>\n\n\n\n<p>\u00cen acea noapte, \u00een timp ce fetele dormeau, m-am furi\u0219at \u00een subsol \u0219i am l\u0103sat l\u00e2ng\u0103 fotografia lui Daniel o scrisoare simpl\u0103:<\/p>\n\n\n\n<p>\u201e\u00ce\u021bi promit s\u0103 am grij\u0103 de ele. Toate trei.\u201d<\/p>\n\n\n\n<p>Dac\u0103 \u021bi-a pl\u0103cut povestea, nu uita s\u0103 o distribui cu prietenii t\u0103i! \u00cempreun\u0103 putem duce mai departe emo\u021bia \u0219i inspira\u021bia.<\/p>\n","protected":false},"excerpt":{"rendered":"<p>Inima \u00eemi b\u0103tea cu putere \u00een piept \u00een timp ce le urmam pe cele dou\u0103 feti\u021be spre u\u0219a subsolului. Emma a deschis u\u0219a cu un<\/p>\n","protected":false},"author":1,"featured_media":40201,"comment_status":"closed","ping_status":"closed","sticky":false,"template":"","format":"standard","meta":[],"categories":[1],"tags":[],"_links":{"self":[{"href":"http:\/\/calatorinromania.com\/index.php?rest_route=\/wp\/v2\/posts\/40207"}],"collection":[{"href":"http:\/\/calatorinromania.com\/index.php?rest_route=\/wp\/v2\/posts"}],"about":[{"href":"http:\/\/calatorinromania.com\/index.php?rest_route=\/wp\/v2\/types\/post"}],"author":[{"embeddable":true,"href":"http:\/\/calatorinromania.com\/index.php?rest_route=\/wp\/v2\/users\/1"}],"replies":[{"embeddable":true,"href":"http:\/\/calatorinromania.com\/index.php?rest_route=%2Fwp%2Fv2%2Fcomments&post=40207"}],"version-history":[{"count":1,"href":"http:\/\/calatorinromania.com\/index.php?rest_route=\/wp\/v2\/posts\/40207\/revisions"}],"predecessor-version":[{"id":40208,"href":"http:\/\/calatorinromania.com\/index.php?rest_route=\/wp\/v2\/posts\/40207\/revisions\/40208"}],"wp:featuredmedia":[{"embeddable":true,"href":"http:\/\/calatorinromania.com\/index.php?rest_route=\/wp\/v2\/media\/40201"}],"wp:attachment":[{"href":"http:\/\/calatorinromania.com\/index.php?rest_route=%2Fwp%2Fv2%2Fmedia&parent=40207"}],"wp:term":[{"taxonomy":"category","embeddable":true,"href":"http:\/\/calatorinromania.com\/index.php?rest_route=%2Fwp%2Fv2%2Fcategories&post=40207"},{"taxonomy":"post_tag","embeddable":true,"href":"http:\/\/calatorinromania.com\/index.php?rest_route=%2Fwp%2Fv2%2Ftags&post=40207"}],"curies":[{"name":"wp","href":"https:\/\/api.w.org\/{rel}","templated":true}]}}