{"id":40189,"date":"2025-06-18T07:14:36","date_gmt":"2025-06-18T07:14:36","guid":{"rendered":"https:\/\/calatorinromania.com\/?p=40189"},"modified":"2025-06-18T07:14:36","modified_gmt":"2025-06-18T07:14:36","slug":"mama-nu-ti-se-pare-aiurea-ca-la-70-de-ani-sa-faci-asa-ceva","status":"publish","type":"post","link":"http:\/\/calatorinromania.com\/?p=40189","title":{"rendered":"Mam\u0103, nu \u021bi se pare aiurea ca la 70 de ani s\u0103 faci a\u0219a ceva"},"content":{"rendered":"\n<p>M-am a\u0219ezat pe scaunul din buc\u0103t\u0103ria mamei, \u00eencerc\u00e2nd s\u0103-mi p\u0103strez calmul. Ea st\u0103tea \u00een fa\u021ba mea, dreapt\u0103 \u0219i hot\u0103r\u00e2t\u0103, ca \u00eentotdeauna, cu ochii ei alba\u0219tri str\u0103lucind de entuziasm. P\u0103rul ei, complet alb acum, era prins \u00eentr-un coc elegant, iar hainele ei simple dar \u00eengrijite \u00eei d\u0103deau un aer de demnitate.<\/p>\n\n\n\n<p><\/p>\n\n\n\n<p>Ioana, draga mea, a spus ea z\u00e2mbind, nu am nevoie de aprobarea ta. Te-am sunat doar s\u0103 te informez, nu s\u0103-\u021bi cer permisiunea.<\/p>\n\n\n\n<p><\/p>\n\n\n\n<p>Dar mam\u0103, s\u0103 te \u00eenscrii la un curs de para\u0219utism la v\u00e2rsta ta? Am exclamat din nou. E periculos! Ce se \u00eent\u00e2mpl\u0103 dac\u0103 faci un atac de cord \u00een mijlocul saltului? Sau dac\u0103 para\u0219uta nu se deschide?<\/p>\n\n\n\n<p><\/p>\n\n\n\n<p>Mama a r\u00e2s, un r\u00e2s cristalin care m-a trimis \u00eenapoi \u00een copil\u0103rie. \u0218tii c\u00e2t de minu\u021bios verific\u0103 ei echipamentul? \u0218i medicul mi-a dat und\u0103 verde. Inima mea e mai puternic\u0103 dec\u00e2t a multor tineri de 30 de ani.<\/p>\n\n\n\n<p><\/p>\n\n\n\n<p>M-am frecat la t\u00e2mple, sim\u021bind cum m\u0103 cuprinde durerea de cap. De c\u00e2nd ai devenit a\u0219a\u2026 temerar\u0103? P\u00e2n\u0103 acum doi ani, nici m\u0103car \u00een avion nu voiai s\u0103 urci!<\/p>\n\n\n\n<p><\/p>\n\n\n\n<p>Mama s-a a\u0219ezat \u00een fa\u021ba mea \u0219i mi-a luat m\u00e2inile \u00eentr-ale ei. Degetele ei, noduroase de artrit\u0103, erau calde \u0219i surprinz\u0103tor de puternice.<\/p>\n\n\n\n<p>De c\u00e2nd a murit tat\u0103l t\u0103u, am realizat ceva important, Ioana. El a fost \u00eentotdeauna precaut, a pl\u0103nuit totul, a economisit pentru zile negre, a evitat riscurile. \u0218i unde l-a dus asta? A murit oricum, la 75 de ani, f\u0103r\u0103 s\u0103-\u0219i fi \u00eendeplinit multe dintre visurile pe care le am\u00e2na mereu pentru \u201emai t\u00e2rziu\u201d. Eu nu vreau s\u0103 fac aceea\u0219i gre\u0219eal\u0103.<\/p>\n\n\n\n<p>Am oftat ad\u00e2nc. \u0218tiam c\u0103 are dreptate. Tata fusese \u00eentotdeauna conservator, mereu \u00eengrijorat de viitor. Iar acum mama, care \u00eel urmase docil timp de 50 de ani de c\u0103snicie, p\u0103rea s\u0103 compenseze pentru tot timpul pierdut.<\/p>\n\n\n\n<p>\u0218i asta nu e tot, a ad\u0103ugat ea cu un z\u00e2mbet enigmatic. Am ridicat o spr\u00e2ncean\u0103.<\/p>\n\n\n\n<p>Ce mai pl\u0103nuie\u0219ti? Dup\u0103 para\u0219utism, m\u0103 \u00eenscriu la un curs de tango. \u0218i apoi\u2026 cred c\u0103 voi face o c\u0103l\u0103torie \u00een Japonia. \u00centotdeauna mi-am dorit s\u0103 v\u0103d cire\u0219ii \u00eenflori\u021bi.<\/p>\n\n\n\n<p>Am r\u0103mas cu gura c\u0103scat\u0103.<\/p>\n\n\n\n<p>Cu ce bani, mam\u0103?<\/p>\n\n\n\n<p>Cu banii mei, Ioana. Pensia mea de profesor universitar e decent\u0103. \u0218i apoi, am economisit toat\u0103 via\u021ba. Pentru ce? Pentru zile negre? P\u0103i, draga mea, la 72 de ani, zilele negre au venit deja sau nu vor mai veni deloc!<\/p>\n\n\n\n<p>A izbucnit \u00een r\u00e2s, iar eu, \u00een ciuda \u00eengrijor\u0103rii, nu m-am putut ab\u021bine s\u0103 nu r\u00e2d cu ea. \u00cen acea sear\u0103, c\u00e2nd m-am \u00eentors acas\u0103, so\u021bul meu m-a \u00eent\u00e2mpinat curios.<\/p>\n\n\n\n<p>Ei, ce nebunie mai pl\u0103nuie\u0219te soacr\u0103-mea de data asta?<\/p>\n\n\n\n<p>I-am povestit totul, iar el a ascultat z\u00e2mbind. \u0218tii, a spus el dup\u0103 ce am terminat, mama ta are dreptate. E timpul ei acum. A crescut copii, a \u00eengrijit un so\u021b, a muncit toat\u0103 via\u021ba. De ce s\u0103 nu se bucure cum \u0219tie ea mai bine de anii care i-au mai r\u0103mas?<\/p>\n\n\n\n<p>M-am g\u00e2ndit la cuvintele lui toat\u0103 seara. Poate c\u0103 \u00eentr-adev\u0103r, \u00eemi f\u0103ceam griji degeaba. Poate c\u0103 mama, la 72 de ani, avea mai mult\u0103 \u00een\u021belepciune \u0219i curaj dec\u00e2t mine la 50.<\/p>\n\n\n\n<p>Luna urm\u0103toare, am stat cu inima c\u00e2t un purice \u00een timp ce mama a f\u0103cut primul ei salt cu para\u0219uta. C\u00e2nd a aterizat, cu fa\u021ba str\u0103lucind de bucurie \u0219i adrenalin\u0103, am \u00een\u021beles c\u0103 nu aveam de ce s\u0103 m\u0103 tem. Mama nu \u00eemb\u0103tr\u00e2nea \u2013 ea abia \u00eencepea s\u0103 tr\u0103iasc\u0103 cu adev\u0103rat.<\/p>\n\n\n\n<p>Dac\u0103 \u021bi-a pl\u0103cut povestea, nu uita s\u0103 o distribui cu prietenii t\u0103i! \u00cempreun\u0103 putem duce mai departe emo\u021bia \u0219i inspira\u021bia.<\/p>\n","protected":false},"excerpt":{"rendered":"<p>M-am a\u0219ezat pe scaunul din buc\u0103t\u0103ria mamei, \u00eencerc\u00e2nd s\u0103-mi p\u0103strez calmul. Ea st\u0103tea \u00een fa\u021ba mea, dreapt\u0103 \u0219i hot\u0103r\u00e2t\u0103, ca \u00eentotdeauna, cu ochii ei alba\u0219tri<\/p>\n","protected":false},"author":1,"featured_media":40144,"comment_status":"closed","ping_status":"closed","sticky":false,"template":"","format":"standard","meta":[],"categories":[1],"tags":[],"_links":{"self":[{"href":"http:\/\/calatorinromania.com\/index.php?rest_route=\/wp\/v2\/posts\/40189"}],"collection":[{"href":"http:\/\/calatorinromania.com\/index.php?rest_route=\/wp\/v2\/posts"}],"about":[{"href":"http:\/\/calatorinromania.com\/index.php?rest_route=\/wp\/v2\/types\/post"}],"author":[{"embeddable":true,"href":"http:\/\/calatorinromania.com\/index.php?rest_route=\/wp\/v2\/users\/1"}],"replies":[{"embeddable":true,"href":"http:\/\/calatorinromania.com\/index.php?rest_route=%2Fwp%2Fv2%2Fcomments&post=40189"}],"version-history":[{"count":1,"href":"http:\/\/calatorinromania.com\/index.php?rest_route=\/wp\/v2\/posts\/40189\/revisions"}],"predecessor-version":[{"id":40190,"href":"http:\/\/calatorinromania.com\/index.php?rest_route=\/wp\/v2\/posts\/40189\/revisions\/40190"}],"wp:featuredmedia":[{"embeddable":true,"href":"http:\/\/calatorinromania.com\/index.php?rest_route=\/wp\/v2\/media\/40144"}],"wp:attachment":[{"href":"http:\/\/calatorinromania.com\/index.php?rest_route=%2Fwp%2Fv2%2Fmedia&parent=40189"}],"wp:term":[{"taxonomy":"category","embeddable":true,"href":"http:\/\/calatorinromania.com\/index.php?rest_route=%2Fwp%2Fv2%2Fcategories&post=40189"},{"taxonomy":"post_tag","embeddable":true,"href":"http:\/\/calatorinromania.com\/index.php?rest_route=%2Fwp%2Fv2%2Ftags&post=40189"}],"curies":[{"name":"wp","href":"https:\/\/api.w.org\/{rel}","templated":true}]}}