{"id":40187,"date":"2025-06-18T07:08:29","date_gmt":"2025-06-18T07:08:29","guid":{"rendered":"https:\/\/calatorinromania.com\/?p=40187"},"modified":"2025-06-18T07:08:29","modified_gmt":"2025-06-18T07:08:29","slug":"sotia-mea-a-nascut-un-copil-de-culoare-am-ramas-alaturi-de-ea-pentru-totdeauna","status":"publish","type":"post","link":"http:\/\/calatorinromania.com\/?p=40187","title":{"rendered":"So\u021bia mea a n\u0103scut un copil de culoare \u2014 am r\u0103mas al\u0103turi de ea pentru totdeauna."},"content":{"rendered":"\n<p>Lumea lui Sergiu se pr\u0103bu\u0219e\u0219te c\u00e2nd so\u021bia sa d\u0103 na\u0219tere unui copil cu pielea \u00eenchis\u0103 la culoare, declan\u0219\u00e2nd \u0219oc \u0219i acuza\u021bii \u00een sala de na\u0219teri. Pe m\u0103sur\u0103 ce \u00eendoiala \u0219i tr\u0103darea amenin\u021b\u0103 s\u0103 le distrug\u0103 familia, Sergiu trebuie s\u0103 fac\u0103 o alegere care va pune la \u00eencercare puterea iubirii \u0219i \u00eencrederii lor pentru totdeauna.<\/p>\n\n\n\n<p><\/p>\n\n\n\n<p>Dup\u0103 cinci ani de \u00eencerc\u0103ri, eu \u0219i Melania eram \u00een sf\u00e2r\u0219it pe cale s\u0103 devenim p\u0103rin\u021bi. M\u00e2na lui Melania \u00eemi str\u00e2ngea palma ca un cle\u0219te, \u00een timp ce suporta o alt\u0103 contrac\u021bie, dar chipul ei r\u0103m\u00e2nea lini\u0219tit \u0219i concentrat.<\/p>\n\n\n\n<p><\/p>\n\n\n\n<p>Familiile noastre st\u0103teau aproape de u\u0219\u0103, oferindu-ne spa\u021biu, dar r\u0103m\u00e2n\u00e2nd suficient de aproape pentru a putea s\u0103 intre imediat ce bebelu\u0219ul avea s\u0103 soseasc\u0103.<\/p>\n\n\n\n<p><\/p>\n\n\n\n<p>Doctorul mi-a dat un semn de \u00eencurajare, iar eu am str\u00e2ns m\u00e2na lui Melania.<\/p>\n\n\n\n<p><\/p>\n\n\n\n<p>\u2014 \u201eTe descurci grozav, iubito,\u201d i-am \u0219optit.<\/p>\n\n\n\n<p><\/p>\n\n\n\n<p>Mi-a z\u00e2mbit repede, \u0219i atunci a fost momentul. Momentul pentru care am sperat \u0219i muncit at\u00e2t de mult, \u00een sf\u00e2r\u0219it venise.<\/p>\n\n\n\n<p><\/p>\n\n\n\n<p>C\u00e2nd primul pl\u00e2nset a str\u0103puns aerul, am sim\u021bit un amestec de u\u0219urare, m\u00e2ndrie \u0219i iubire. Nici nu realizasem c\u0103 \u00eemi \u021bineam respira\u021bia p\u00e2n\u0103 c\u00e2nd am expirat zgomotos.<\/p>\n\n\n\n<p><\/p>\n\n\n\n<p>Melania s-a \u00eentins, ner\u0103bd\u0103toare s\u0103 \u00ee\u0219i \u021bin\u0103 copilul \u00een bra\u021be, dar pe m\u0103sur\u0103 ce asistenta i-a a\u0219ezat micul ghem de via\u021b\u0103 \u00een bra\u021be, ceva s-a schimbat \u00een camer\u0103.<\/p>\n\n\n\n<p><\/p>\n\n\n\n<p>Melania s-a uitat la copil, chipul ei pierz\u00e2ndu-\u0219i culoarea, ochii ei larg deschi\u0219i de \u0219oc.<\/p>\n\n\n\n<p><\/p>\n\n\n\n<p>\u2014 \u201eAcesta nu este copilul meu,\u201d a \u0219optit ea, cuvintele r\u0103m\u00e2n\u00e2ndu-i \u00een g\u00e2t. \u2014 \u201eAcesta nu este copilul meu!\u201d<\/p>\n\n\n\n<p><\/p>\n\n\n\n<p>Am clipit, ne\u00een\u021beleg\u00e2nd. \u2014 \u201eCe vrei s\u0103 spui? Melania, despre ce vorbe\u0219ti?\u201d<\/p>\n\n\n\n<p><\/p>\n\n\n\n<p>Ea \u0219i-a cl\u0103tinat capul, chiar \u0219i \u00een timp ce asistenta explica c\u0103 \u00eenc\u0103 nu t\u0103iaser\u0103 cordonul ombilical, deci acesta era cu siguran\u021b\u0103 copilul nostru. Melania ar\u0103ta de parc\u0103 ar fi vrut s\u0103 \u00eemping\u0103 copilul departe de ea.<\/p>\n\n\n\n<p>\u2014 \u201eSergiu, uit\u0103-te!\u201d Vocea ei devenea din ce \u00een ce mai tare, panica infiltr\u00e2ndu-se \u00een fiecare silab\u0103. \u2014 \u201eEa\u2026 ea nu e\u2026 Nu am\u2026\u201d<\/p>\n\n\n\n<p>M-am uitat la copilul nostru \u0219i lumea mea s-a r\u0103sturnat. Piele \u00eenchis\u0103 la culoare, bucle moi. Am sim\u021bit c\u0103 p\u0103m\u00e2ntul tocmai fusese smuls de sub mine.<\/p>\n\n\n\n<p>\u2014 \u201eCe naiba, Melania?\u201d Nici nu-mi recuno\u0219team vocea, ascu\u021bit\u0103 \u0219i acuzatoare, str\u0103pung\u00e2nd lini\u0219tea din camer\u0103.<\/p>\n\n\n\n<p>Asistenta a tres\u0103rit, iar cu coada ochiului am observat cum familiile noastre r\u0103m\u00e2neau nemi\u0219cate, \u00eenghe\u021bate de \u0219oc.<\/p>\n\n\n\n<p>\u2014 \u201eNu e al meu!\u201d Vocea lui Melania s-a fr\u00e2nt \u00een timp ce m\u0103 privea, cu ochii plini de lacrimi. \u2014 \u201eNu poate fi. Nu am dormit niciodat\u0103 cu altcineva. Sergiu, trebuie s\u0103 m\u0103 crezi, niciodat\u0103\u2014\u201d<\/p>\n\n\n\n<p>Tensiunea din camer\u0103 devenise sufocant\u0103, ap\u0103s\u0103toare, pe m\u0103sur\u0103 ce toat\u0103 lumea s-a retras \u00een lini\u0219te, l\u0103s\u00e2ndu-ne doar pe noi trei. Ar fi trebuit s\u0103 r\u0103m\u00e2n, dar nu puteam suporta tr\u0103darea.<\/p>\n\n\n\n<p>\u2014 \u201eSergiu, a\u0219teapt\u0103!\u201d Vocea lui Melania s-a auzit din spate, sf\u00e2\u0219iat\u0103 \u0219i disperat\u0103, \u00een timp ce m\u0103 \u00eendreptam spre u\u0219\u0103. \u2014 \u201eTe rog, nu m\u0103 p\u0103r\u0103si. \u00ce\u021bi jur, nu am fost cu nimeni altcineva. Tu e\u0219ti singurul b\u0103rbat pe care l-am iubit vreodat\u0103.\u201d<\/p>\n\n\n\n<p>Sinceritatea brut\u0103 din vocea ei m-a f\u0103cut s\u0103 m\u0103 opresc. M-am \u00eentors s\u0103 m\u0103 uit la ea. Aceasta era femeia pe care o iubeam de ani de zile, femeia care a stat al\u0103turi de mine prin toate \u00eencerc\u0103rile \u0219i dezam\u0103girile. Oare putea cu adev\u0103rat s\u0103 m\u0103 mint\u0103 acum?<\/p>\n\n\n\n<p>\u201eMelania,\u201d i-am spus, vocea mea \u00eenmuiindu-se, \u00een ciuda furtunii care se dezl\u0103n\u021buia \u00een\u0103untrul meu. \u201eAsta nu are sens. Cum\u2026 cum explici asta?\u201d<\/p>\n\n\n\n<p>\u201eNu \u00een\u021beleg nici eu, dar te rog, Sergiu, trebuie s\u0103 m\u0103 crezi.\u201d<\/p>\n\n\n\n<p>M-am uitat din nou la bebelu\u0219ul din bra\u021bele ei \u0219i, pentru prima dat\u0103, l-am privit cu adev\u0103rat. Pielea \u0219i p\u0103rul erau \u00eenc\u0103 un \u0219oc. Dar apoi am v\u0103zut-o: Avea ochii mei. \u0218i o gropi\u021b\u0103 pe obrazul st\u00e2ng, exact ca mine.<\/p>\n\n\n\n<p>Am redus distan\u021ba dintre noi \u0219i i-am atins u\u0219or obrazul lui Melania. \u2014 \u201eSunt aici. Nu \u0219tiu ce se \u00eent\u00e2mpl\u0103, dar nu te voi p\u0103r\u0103si. Vom rezolva asta \u00eempreun\u0103.\u201d<\/p>\n\n\n\n<p>S-a pr\u0103bu\u0219it \u00een bra\u021bele mele, pl\u00e2ng\u00e2nd, iar eu i-am str\u00e2ns pe am\u00e2ndou\u0103, so\u021bia \u0219i fiica mea, c\u00e2t de str\u00e2ns am putut. Nu \u0219tiu c\u00e2t am r\u0103mas a\u0219a, dar \u00een cele din urm\u0103, Melania a \u00eenceput s\u0103 a\u021bipeasc\u0103. Orele lungi de travaliu \u0219i stresul cauzat de aspectul \u0219ocant al copilului nostru \u00ee\u0219i l\u0103saser\u0103 amprenta asupra ei.<\/p>\n\n\n\n<p>M-am eliberat u\u0219or de ele \u0219i i-am murmurat: \u2014 \u201eAm nevoie de un minut. M\u0103 \u00eentorc imediat.\u201d<\/p>\n\n\n\n<p>Melania&nbsp; s-a uitat la mine cu ochii umfla\u021bi \u0219i ro\u0219ii \u0219i a dat din cap. \u0218tiam c\u0103 era speriat\u0103 c\u0103 nu m\u0103 voi \u00eentoarce, dar nu mai puteam r\u0103m\u00e2ne \u00een acea camer\u0103. Nu cu mintea mea \u00eenv\u00e2rtindu-se a\u0219a.<\/p>\n\n\n\n<p>Am ie\u0219it pe hol, u\u0219a \u00eenchiz\u00e2ndu-se u\u0219or \u00een urma mea, \u0219i am inspirat ad\u00e2nc, dar nu m-a ajutat. Aveam nevoie de mai mult dec\u00e2t aer. Aveam nevoie de r\u0103spunsuri, de claritate, de ceva care s\u0103 dea sens haosului care tocmai \u00eemi devastase via\u021ba.<\/p>\n\n\n\n<p>\u2014 \u201eSergiu,\u201d o voce familiar\u0103 \u0219i ascu\u021bit\u0103 mi-a str\u0103puns g\u00e2ndurile ca un cu\u021bit.<\/p>\n\n\n\n<p>M-am uitat \u00een sus \u0219i am v\u0103zut-o pe mama mea st\u00e2nd l\u00e2ng\u0103 fereastra de la cap\u0103tul holului, cu bra\u021bele \u00eencruci\u0219ate str\u00e2ns peste piept. Fa\u021ba ei era tensionat\u0103, cu o privire dezaprobatoare, de genul care \u00eemi d\u0103dea fiori \u00een copil\u0103rie, atunci c\u00e2nd \u0219tiam c\u0103 am f\u0103cut o gre\u0219eal\u0103.<\/p>\n\n\n\n<p>\u2014 \u201eMam\u0103,\u201d i-am spus, dar vocea mea era plat\u0103, lipsit\u0103 de emo\u021bie. Nu aveam energie pentru orice predic\u0103 urma s\u0103 \u021bin\u0103.<\/p>\n\n\n\n<p>N-a pierdut timpul. \u2014 \u201eSergiu, nu po\u021bi s\u0103 r\u0103m\u00e2i cu ea dup\u0103 asta. Ai v\u0103zut copilul. Nu poate fi al t\u0103u.\u201d<\/p>\n\n\n\n<p>\u2014 \u201eEa este copilul meu, sunt sigur de asta. Eu\u2014\u201d Vocea mi s-a fr\u00e2nt, pentru c\u0103 adev\u0103rul era c\u0103 nu eram complet sigur. Nu \u00eenc\u0103. \u0218i acel \u00eendoial\u0103\u2026 Doamne, acea \u00eendoial\u0103 m\u0103 mistuia.<\/p>\n\n\n\n<p>Mama s-a apropiat, ochii ei \u00eengust\u00e2ndu-se. \u2014 \u201eNu fi naiv, Sergiu. Melania te-a tr\u0103dat \u0219i trebuie s\u0103 te treze\u0219ti \u00een fa\u021ba acestui fapt. \u0218tiu c\u0103 o iube\u0219ti, dar nu po\u021bi ignora adev\u0103rul.\u201d<\/p>\n\n\n\n<p>Cuvintele ei m-au lovit ca un pumn \u00een stomac. Tr\u0103dat. Voiam s\u0103 \u021bip la mama, s\u0103-i spun c\u0103 se \u00een\u0219al\u0103, dar cuvintele mi-au r\u0103mas \u00een g\u00e2t. Pentru c\u0103 o parte mic\u0103 \u0219i crud\u0103 din mine \u00eemi \u0219optea c\u0103 poate avea dreptate.<\/p>\n\n\n\n<p>\u2014 \u201eMam\u0103, eu\u2026 nu \u0219tiu,\u201d am recunoscut, sim\u021bind cum p\u0103m\u00e2ntul \u00eencepea s\u0103 se clatine sub picioarele mele. \u201eNu \u0219tiu ce s\u0103 cred acum.\u201d<\/p>\n\n\n\n<p>Privirea mamei s-a \u00eenmuiat pu\u021bin, \u00eentinz\u00e2ndu-se s\u0103 m\u0103 ating\u0103 pe bra\u021b. \u2014 \u201eSergiu, trebuie s\u0103 o p\u0103r\u0103se\u0219ti. Meri\u021bi mai mult dec\u00e2t asta. Ea clar nu e cine credeai c\u0103 este.\u201d<\/p>\n\n\n\n<p>M-am retras de l\u00e2ng\u0103 ea, cl\u0103tin\u00e2nd din cap. \u2014 \u201eNu, nu \u00een\u021belegi. Nu este doar despre mine. Acolo sunt so\u021bia \u0219i fiica mea. Nu pot pur \u0219i simplu s\u0103 plec.\u201d<\/p>\n\n\n\n<p>Mama mi-a aruncat o privire plin\u0103 de compasiune. \u2014 \u201eSergiu, uneori trebuie s\u0103 iei decizii grele pentru binele t\u0103u. Meri\u021bi adev\u0103rul.\u201d<\/p>\n\n\n\n<p>M-am \u00eentors de la ea. \u2014 \u201eDa, merit adev\u0103rul. Dar nu voi lua nicio decizie p\u00e2n\u0103 nu \u00eel aflu. Voi descoperi adev\u0103rul, mam\u0103. \u0218i indiferent de ce voi afla, m\u0103 voi descurca. Dar p\u00e2n\u0103 atunci, nu renun\u021b la Melania.\u201d<\/p>\n\n\n\n<p>Mama a oftat, clar nemul\u021bumit\u0103 de r\u0103spunsul meu, dar nu a insistat mai mult. \u2014 \u201eDoar fii atent, Sergiu. Nu l\u0103sa dragostea ta pentru ea s\u0103 te orbeasc\u0103 \u00een fa\u021ba realit\u0103\u021bii.\u201d<\/p>\n\n\n\n<p>Am plecat, f\u0103r\u0103 s\u0103 mai ascult alte \u00eendoieli. M\u0103 \u00eendreptam c\u0103tre departamentul de genetic\u0103 al spitalului, fiecare pas sim\u021bindu-se mai greu dec\u00e2t precedentul.<\/p>\n\n\n\n<p>P\u00e2n\u0103 c\u00e2nd am ajuns la birou, inima \u00eemi b\u0103tea cu putere \u00een piept, un memento constant al ceea ce era \u00een joc.<\/p>\n\n\n\n<p>Doctorul era calm \u0219i profesionist, explic\u00e2nd procesul testului ADN ca \u0219i cum ar fi fost doar un alt test de rutin\u0103. Dar pentru mine, nu era deloc un test de rutin\u0103.<\/p>\n\n\n\n<p>Mi-au luat s\u00e2nge, m-au tamponat \u00een interiorul obrazului \u0219i mi-au promis c\u0103 vor avea rezultatele c\u00e2t mai cur\u00e2nd posibil.<\/p>\n\n\n\n<p>Am petrecut acele ore plimb\u00e2ndu-m\u0103 de colo-colo \u00een mica sal\u0103 de a\u0219teptare, derul\u00e2nd \u00een minte tot ce s-a \u00eent\u00e2mplat. M\u0103 g\u00e2ndeam \u00eencontinuu la fa\u021ba lui Melania, la felul \u00een care se uitase la mine, at\u00e2t de disperat\u0103 s\u0103 o cred.<\/p>\n\n\n\n<p>\u0218i la copilul cu ochii \u0219i gropi\u021bele mele. Inima mea se ag\u0103\u021ba de acele detalii ca de un colac de salvare. Dar apoi, auzeam vocea mamei \u00een capul meu, spun\u00e2ndu-mi c\u0103 sunt un fraier c\u0103 nu v\u0103d adev\u0103rul.<\/p>\n\n\n\n<p>\u00cen cele din urm\u0103, apelul a venit. Abia puteam s\u0103 aud vocea doctorului din cauza zgomotului s\u00e2ngelui care \u00eemi vuia \u00een urechi. Dar apoi cuvintele au str\u0103puns lini\u0219tea: \u201eTestul confirm\u0103 c\u0103 e\u0219ti tat\u0103l biologic.\u201d<\/p>\n\n\n\n<p>Prima oar\u0103, am sim\u021bit u\u0219urare, ca un val care m-a lovit, urmat\u0103 de o vin\u0103 at\u00e2t de ascu\u021bit\u0103 \u00eenc\u00e2t mi-a t\u0103iat r\u0103suflarea. Cum am putut s\u0103 o \u00eendoiesc? Cum am putut s\u0103 las acele semin\u021be de suspiciune s\u0103 prind\u0103 r\u0103d\u0103cini \u00een mintea mea?<\/p>\n\n\n\n<p>Dar doctorul nu terminase.<\/p>\n\n\n\n<p>Mi-a explicat despre genele recesive, despre cum tr\u0103s\u0103turi din genera\u021bii trecute pot s\u0103 apar\u0103 brusc la un copil. Totul avea sens, din punct de vedere \u0219tiin\u021bific, dar nu \u0219tergea ru\u0219inea pe care o sim\u021beam c\u0103 nu am avut \u00eencredere \u00een Melania.<\/p>\n\n\n\n<p>Adev\u0103rul era acum clar, dar nu m\u0103 f\u0103cea s\u0103 m\u0103 simt mai pu\u021bin vinovat. Permisesem ca \u00eendoiala s\u0103 se strecoare, s\u0103 otr\u0103veasc\u0103 ceea ce ar fi trebuit s\u0103 fie cea mai fericit\u0103 zi din via\u021ba noastr\u0103.<\/p>\n\n\n\n<p>M-am \u00eendreptat din nou spre camer\u0103, \u021bin\u00e2nd str\u00e2ns rezultatele \u00een m\u00e2n\u0103, ca pe un colac de salvare.<\/p>\n\n\n\n<p>C\u00e2nd am deschis u\u0219a, Melania s-a uitat la mine, cu ochii plini de speran\u021b\u0103, o speran\u021b\u0103 pe care nu o meritam. Am traversat camera \u00een trei pa\u0219i repezi \u0219i i-am \u00eentins h\u00e2rtia.<\/p>\n\n\n\n<p>M\u00e2inile ei tremurau \u00een timp ce citea, iar apoi a izbucnit \u00een pl\u00e2ns, lacrimi de u\u0219urare curg\u00e2ndu-i pe obraji.<\/p>\n\n\n\n<p>\u2014 \u201e\u00cemi pare r\u0103u,\u201d am \u0219optit, cu vocea \u00eenecat\u0103 de emo\u021bie. \u201e\u00cemi pare at\u00e2t de r\u0103u c\u0103 m-am \u00eendoit de tine.\u201d<\/p>\n\n\n\n<p>Ea a cl\u0103tinat din cap, tr\u0103g\u00e2ndu-m\u0103 aproape, cu fiica noastr\u0103 \u00eentre noi. \u2014 \u201eAcum o s\u0103 fie bine,\u201d a spus ea \u00eencet.<\/p>\n\n\n\n<p>\u0218i, \u00een timp ce le \u021bineam pe am\u00e2ndou\u0103, mi-am f\u0103cut o promisiune t\u0103cut\u0103: indiferent de ce ne va rezerva via\u021ba, indiferent cine va \u00eencerca s\u0103 ne despart\u0103, \u00eemi voi proteja familia. Aceasta era so\u021bia \u0219i copilul meu \u0219i niciodat\u0103 nu voi mai permite \u00eendoielii sau judec\u0103\u021bii s\u0103 ne stea \u00een cale.<\/p>\n","protected":false},"excerpt":{"rendered":"<p>Lumea lui Sergiu se pr\u0103bu\u0219e\u0219te c\u00e2nd so\u021bia sa d\u0103 na\u0219tere unui copil cu pielea \u00eenchis\u0103 la culoare, declan\u0219\u00e2nd \u0219oc \u0219i acuza\u021bii \u00een sala de na\u0219teri.<\/p>\n","protected":false},"author":1,"featured_media":40144,"comment_status":"closed","ping_status":"closed","sticky":false,"template":"","format":"standard","meta":[],"categories":[1],"tags":[],"_links":{"self":[{"href":"http:\/\/calatorinromania.com\/index.php?rest_route=\/wp\/v2\/posts\/40187"}],"collection":[{"href":"http:\/\/calatorinromania.com\/index.php?rest_route=\/wp\/v2\/posts"}],"about":[{"href":"http:\/\/calatorinromania.com\/index.php?rest_route=\/wp\/v2\/types\/post"}],"author":[{"embeddable":true,"href":"http:\/\/calatorinromania.com\/index.php?rest_route=\/wp\/v2\/users\/1"}],"replies":[{"embeddable":true,"href":"http:\/\/calatorinromania.com\/index.php?rest_route=%2Fwp%2Fv2%2Fcomments&post=40187"}],"version-history":[{"count":1,"href":"http:\/\/calatorinromania.com\/index.php?rest_route=\/wp\/v2\/posts\/40187\/revisions"}],"predecessor-version":[{"id":40188,"href":"http:\/\/calatorinromania.com\/index.php?rest_route=\/wp\/v2\/posts\/40187\/revisions\/40188"}],"wp:featuredmedia":[{"embeddable":true,"href":"http:\/\/calatorinromania.com\/index.php?rest_route=\/wp\/v2\/media\/40144"}],"wp:attachment":[{"href":"http:\/\/calatorinromania.com\/index.php?rest_route=%2Fwp%2Fv2%2Fmedia&parent=40187"}],"wp:term":[{"taxonomy":"category","embeddable":true,"href":"http:\/\/calatorinromania.com\/index.php?rest_route=%2Fwp%2Fv2%2Fcategories&post=40187"},{"taxonomy":"post_tag","embeddable":true,"href":"http:\/\/calatorinromania.com\/index.php?rest_route=%2Fwp%2Fv2%2Ftags&post=40187"}],"curies":[{"name":"wp","href":"https:\/\/api.w.org\/{rel}","templated":true}]}}