{"id":40173,"date":"2025-06-18T06:08:58","date_gmt":"2025-06-18T06:08:58","guid":{"rendered":"https:\/\/calatorinromania.com\/?p=40173"},"modified":"2025-06-18T06:08:59","modified_gmt":"2025-06-18T06:08:59","slug":"%f0%9f%a5%9f-pateuri-pufoase-cu-branza-si-ceapa-verde-%f0%9f%8d%bd%ef%b8%8f","status":"publish","type":"post","link":"http:\/\/calatorinromania.com\/?p=40173","title":{"rendered":"\ud83e\udd5f Pateuri pufoase cu br\u00e2nz\u0103 \u0219i ceap\u0103 verde \ud83c\udf7d\ufe0f"},"content":{"rendered":"\n<p><strong>Fragede, rumene \u0219i perfecte pentru mic dejun sau gustare!<\/strong><\/p>\n\n\n\n<p><\/p>\n\n\n\n<p>Hai \u00een buc\u0103t\u0103rie s\u0103 preg\u0103tim \u00eempreun\u0103 cele mai <strong>simple \u0219i gustoase pateuri de cas\u0103<\/strong>, cu aluat moale \u0219i umplutur\u0103 savuroas\u0103 de br\u00e2nz\u0103 Cheddar \u0219i ceap\u0103 verde. Se pr\u0103jesc u\u0219or \u0219i ies pufoase ca un nor! \u2601\ufe0f\u2728<\/p>\n\n\n\n<p><\/p>\n\n\n\n<p><\/p>\n\n\n\n<h3>\ud83d\udcdd Ingrediente:<\/h3>\n\n\n\n<p><\/p>\n\n\n\n<h4>\ud83d\udd38 Pentru aluat:<\/h4>\n\n\n\n<ul>\n<li>250 ml <strong>ap\u0103 fierbinte<\/strong><\/li>\n\n\n\n<li>1 linguri\u021b\u0103 <strong>sare<\/strong><\/li>\n\n\n\n<li>350 g <strong>f\u0103in\u0103<\/strong><\/li>\n\n\n\n<li>40 g <strong>unt topit<\/strong><\/li>\n\n\n\n<li>0,5 linguri\u021b\u0103 <strong>praf de copt<\/strong><\/li>\n<\/ul>\n\n\n\n<p><\/p>\n\n\n\n<h4>\ud83d\udd38 Pentru umplutur\u0103:<\/h4>\n\n\n\n<ul>\n<li>1 <strong>buchet de ceap\u0103 verde<\/strong> \ud83c\udf3f<\/li>\n\n\n\n<li><strong>Br\u00e2nz\u0103 Cheddar<\/strong>, dup\u0103 gust \ud83e\uddc0<\/li>\n<\/ul>\n\n\n\n<p><\/p>\n\n\n\n<h3>\ud83d\udc69\u200d\ud83c\udf73 Mod de preparare:<\/h3>\n\n\n\n<p><\/p>\n\n\n\n<ol>\n<li>\ud83d\udd04 <strong>Amestec\u0103m ingredientele pentru aluat<\/strong>:<br>\u00centr-un bol, punem apa fierbinte, sarea, praful de copt \u0219i f\u0103ina. Ad\u0103ug\u0103m untul topit \u0219i fr\u0103m\u00e2nt\u0103m aluatul timp de <strong>7 minute<\/strong>, p\u00e2n\u0103 devine elastic.<\/li>\n\n\n\n<li>\u23f2\ufe0f <strong>L\u0103s\u0103m aluatul la odihnit<\/strong>:<br>\u00cel acoperim cu folie alimentar\u0103 \u0219i un prosop curat. Se odihne\u0219te <strong>15 minute<\/strong>.<\/li>\n\n\n\n<li>\ud83c\udf65 <strong>\u00cemp\u0103r\u021bim aluatul \u00een 8 bilu\u021be egale<\/strong>, pe care le p\u0103str\u0103m acoperite. Le \u00eentindem apoi \u00een foi <strong>foarte sub\u021biri (1 mm grosime)<\/strong>. Pres\u0103r\u0103m masa cu <strong>f\u0103in\u0103 + amidon<\/strong> pentru a nu se lipi.<\/li>\n\n\n\n<li>\ud83e\uddc8 <strong>Ungem fiecare foaie cu unt topit.<\/strong><br>Preg\u0103tim umplutura: toc\u0103m <strong>ceapa verde fin<\/strong> \u0219i <strong>radem br\u00e2nza<\/strong> pe r\u0103z\u0103toarea mare. Le amestec\u0103m \u0219i punem c\u00e2te <strong>1 lingur\u0103<\/strong> pe fiecare foaie.<\/li>\n\n\n\n<li>\ud83d\udce6 <strong>Pliem marginile foii spre mijloc<\/strong>, ca un plic. Ungem marginile cu unt ca s\u0103 se lipeasc\u0103 bine.<\/li>\n\n\n\n<li>\ud83d\udd25 <strong>Pr\u0103jim \u00een tigaie<\/strong>, cu partea pliat\u0103 \u00een jos, \u00een <strong>ulei vegetal \u00eencins<\/strong>. Le rumenim frumos pe ambele p\u0103r\u021bi, la foc mediu.<br>\ud83d\udc49 <em>Secretul croc\u0103n\u021bimii<\/em>: strope\u0219te pateurile cu pu\u021bin ulei pe deasupra \u00een timpul pr\u0103jirii!<\/li>\n<\/ol>\n\n\n\n<p><\/p>\n\n\n\n<h3>\u2705 Rezultatul?<\/h3>\n\n\n\n<p><strong>Pateuri aurii, moi, cu interior cremos \u0219i aromat.<\/strong> Se servesc calde sau reci \u2013 sunt la fel de delicioase! \ud83d\ude0d<\/p>\n\n\n\n<p>\ud83d\udccc Re\u021bet\u0103 simpl\u0103 \u2714\ufe0f Rapid\u0103 \u2714\ufe0f F\u0103r\u0103 cuptor \u2714\ufe0f<\/p>\n\n\n\n<p><\/p>\n\n\n\n<p><\/p>\n\n\n\n<p>\ud83d\udcf8 Dac\u0103 \u00eencerci re\u021beta, posteaz\u0103 o poz\u0103 \u0219i d\u0103 tag!<br>\ud83d\udce2 Distribuie prietenilor t\u0103i iubitori de br\u00e2nz\u0103 \u0219i pofte bune! \ud83e\uddc0\ud83d\udc9a<\/p>\n\n\n\n<p>#PateuriDeCasa #ReteteRomanesti #BranzaSiCeapa #GustareRapida<\/p>\n","protected":false},"excerpt":{"rendered":"<p>Fragede, rumene \u0219i perfecte pentru mic dejun sau gustare! Hai \u00een buc\u0103t\u0103rie s\u0103 preg\u0103tim \u00eempreun\u0103 cele mai simple \u0219i gustoase pateuri de cas\u0103, cu aluat<\/p>\n","protected":false},"author":1,"featured_media":40144,"comment_status":"closed","ping_status":"closed","sticky":false,"template":"","format":"standard","meta":[],"categories":[1],"tags":[],"_links":{"self":[{"href":"http:\/\/calatorinromania.com\/index.php?rest_route=\/wp\/v2\/posts\/40173"}],"collection":[{"href":"http:\/\/calatorinromania.com\/index.php?rest_route=\/wp\/v2\/posts"}],"about":[{"href":"http:\/\/calatorinromania.com\/index.php?rest_route=\/wp\/v2\/types\/post"}],"author":[{"embeddable":true,"href":"http:\/\/calatorinromania.com\/index.php?rest_route=\/wp\/v2\/users\/1"}],"replies":[{"embeddable":true,"href":"http:\/\/calatorinromania.com\/index.php?rest_route=%2Fwp%2Fv2%2Fcomments&post=40173"}],"version-history":[{"count":1,"href":"http:\/\/calatorinromania.com\/index.php?rest_route=\/wp\/v2\/posts\/40173\/revisions"}],"predecessor-version":[{"id":40174,"href":"http:\/\/calatorinromania.com\/index.php?rest_route=\/wp\/v2\/posts\/40173\/revisions\/40174"}],"wp:featuredmedia":[{"embeddable":true,"href":"http:\/\/calatorinromania.com\/index.php?rest_route=\/wp\/v2\/media\/40144"}],"wp:attachment":[{"href":"http:\/\/calatorinromania.com\/index.php?rest_route=%2Fwp%2Fv2%2Fmedia&parent=40173"}],"wp:term":[{"taxonomy":"category","embeddable":true,"href":"http:\/\/calatorinromania.com\/index.php?rest_route=%2Fwp%2Fv2%2Fcategories&post=40173"},{"taxonomy":"post_tag","embeddable":true,"href":"http:\/\/calatorinromania.com\/index.php?rest_route=%2Fwp%2Fv2%2Ftags&post=40173"}],"curies":[{"name":"wp","href":"https:\/\/api.w.org\/{rel}","templated":true}]}}