{"id":40167,"date":"2025-06-18T05:40:27","date_gmt":"2025-06-18T05:40:27","guid":{"rendered":"https:\/\/calatorinromania.com\/?p=40167"},"modified":"2025-06-18T05:40:28","modified_gmt":"2025-06-18T05:40:28","slug":"copacul-pe-care-nu-ai-voie-sa-l-tai-multi-romani-care-locuiesc-la-casa-il-au-in-curte","status":"publish","type":"post","link":"http:\/\/calatorinromania.com\/?p=40167","title":{"rendered":"Copacul pe care nu ai voie s\u0103-l tai. Mul\u021bi rom\u00e2ni care locuiesc la cas\u0103 \u00eel au \u00een curte"},"content":{"rendered":"\n<h2> Copacul pe care <strong>NU ai voie s\u0103-l tai f\u0103r\u0103 autoriza\u021bie!<\/strong><\/h2>\n\n\n\n<p><\/p>\n\n\n\n<p>\ud83d\udce2 <strong>DISCLAIMER:<\/strong> Acest articol este informativ, f\u0103r\u0103 afiliere politic\u0103 sau ideologic\u0103.<\/p>\n\n\n\n<p><\/p>\n\n\n\n<h3>\ud83d\udd12 De ce este <strong>interzis\u0103 t\u0103ierea nucului<\/strong> f\u0103r\u0103 autoriza\u021bie?<\/h3>\n\n\n\n<p><\/p>\n\n\n\n<p><strong>Nucul (Juglans regia)<\/strong> este un arbore valoros, <strong>protejat prin lege<\/strong> \u00een Rom\u00e2nia. Conform <strong>Legii Pomiculturii nr. 348\/2003<\/strong>, t\u0103ierea lui este <strong>strict reglementat\u0103<\/strong>, indiferent dac\u0103 se afl\u0103 pe o proprietate <strong>privat\u0103 sau public\u0103<\/strong>.<\/p>\n\n\n\n<p><\/p>\n\n\n\n<h3>\u2696\ufe0f Ce spune legea?<\/h3>\n\n\n\n<p><\/p>\n\n\n\n<p>\u27a1\ufe0f <strong>Este INTERZIS s\u0103 tai un nuc f\u0103r\u0103 autoriza\u021bie<\/strong> de la <strong>Direc\u021bia Agricol\u0103 Jude\u021bean\u0103 (DAJ)<\/strong>.<br>\u27a1\ufe0f \u00cenc\u0103lcarea legii poate atrage <strong>amenzi \u00eentre 5.000 \u0219i 10.000 de lei<\/strong>!<\/p>\n\n\n\n<p><\/p>\n\n\n\n<p><\/p>\n\n\n\n<h3>\ud83d\udcdd Ce trebuie s\u0103 faci pentru a-l t\u0103ia legal?<\/h3>\n\n\n\n<ol>\n<li>\ud83d\udce8 <strong>Depune o cerere scris\u0103<\/strong> la DAJ \u2013 cu cel pu\u021bin <strong>30 de zile \u00eenainte<\/strong>.<\/li>\n\n\n\n<li>\ud83d\udd0d <strong>Verificare la fa\u021ba locului<\/strong> de c\u0103tre speciali\u0219ti.<\/li>\n\n\n\n<li>\u2705 <strong>Aprobarea cererii<\/strong>, doar dac\u0103 sunt \u00eendeplinite condi\u021biile legale.<\/li>\n<\/ol>\n\n\n\n<p><\/p>\n\n\n\n<h3>\u2705 <em>C\u00e2nd ai voie s\u0103 tai un nuc?<\/em><\/h3>\n\n\n\n<p>Conform legii, t\u0103ierea este permis\u0103 <strong>doar \u00een aceste situa\u021bii<\/strong>:<\/p>\n\n\n\n<p>\ud83c\udf3f Copacul este <strong>\u00eemb\u0103tr\u00e2nit<\/strong>, cu peste <strong>60% din coroan\u0103 uscat\u0103<\/strong><br>\ud83c\udfd7\ufe0f Se construie\u0219te un obiectiv de <strong>interes public sau na\u021bional<\/strong> \u00een acea zon\u0103<br>\ud83d\udea7 Nucul este pe marginea unui <strong>drum na\u021bional<\/strong> \u0219i pune \u00een <strong>pericol circula\u021bia<\/strong><\/p>\n\n\n\n<p><\/p>\n\n\n\n<p><\/p>\n\n\n\n<h3>\ud83c\udf43 De ce este at\u00e2t de protejat nucul?<\/h3>\n\n\n\n<ul>\n<li><strong>\u00cembun\u0103t\u0103\u021be\u0219te calitatea aerului<\/strong> \u2013 absoarbe CO\u2082 \u0219i elibereaz\u0103 oxigen \ud83c\udf2c\ufe0f<\/li>\n\n\n\n<li><strong>Previne eroziunea solului<\/strong><\/li>\n\n\n\n<li>Este <strong>habitat pentru p\u0103s\u0103ri, insecte \u0219i alte viet\u0103\u021bi<\/strong> \ud83d\udc26\ud83d\udc1d<\/li>\n\n\n\n<li>Produce <strong>nuci nutritive<\/strong> \u0219i <strong>lemn de esen\u021b\u0103 tare<\/strong>, extrem de valoros economic<\/li>\n<\/ul>\n\n\n\n<p><\/p>\n\n\n\n<h3>\ud83d\udc6e\u200d\u2642\ufe0f Cine d\u0103 amenzile?<\/h3>\n\n\n\n<p>Sanc\u021biunile sunt aplicate de:<\/p>\n\n\n\n<ul>\n<li>Ministerul Agriculturii<\/li>\n\n\n\n<li>Ministerul Economiei<\/li>\n\n\n\n<li>Ministerul de Interne<\/li>\n<\/ul>\n\n\n\n<p><\/p>\n\n\n\n<h3>\u2757 Sfat important:<\/h3>\n\n\n\n<p><\/p>\n\n\n\n<p>\ud83d\udccc Dac\u0103 ai un nuc pe terenul t\u0103u \u0219i vrei s\u0103-l tai, <strong>nu risca<\/strong>!<br>Respect\u0103 legea \u0219i <strong>ob\u021bine autoriza\u021bia<\/strong>, altfel te po\u021bi trezi cu <strong>sanc\u021biuni ustur\u0103toare<\/strong>!<\/p>\n\n\n\n<p><\/p>\n\n\n\n<h3>\ud83d\udce2 Distribuie articolul dac\u0103 \u0219i tu vrei s\u0103 protejezi natura! \ud83c\udf0d\ud83d\udc9a<\/h3>\n","protected":false},"excerpt":{"rendered":"<p>Copacul pe care NU ai voie s\u0103-l tai f\u0103r\u0103 autoriza\u021bie! \ud83d\udce2 DISCLAIMER: Acest articol este informativ, f\u0103r\u0103 afiliere politic\u0103 sau ideologic\u0103. \ud83d\udd12 De ce este<\/p>\n","protected":false},"author":1,"featured_media":40168,"comment_status":"closed","ping_status":"closed","sticky":false,"template":"","format":"standard","meta":[],"categories":[1],"tags":[],"_links":{"self":[{"href":"http:\/\/calatorinromania.com\/index.php?rest_route=\/wp\/v2\/posts\/40167"}],"collection":[{"href":"http:\/\/calatorinromania.com\/index.php?rest_route=\/wp\/v2\/posts"}],"about":[{"href":"http:\/\/calatorinromania.com\/index.php?rest_route=\/wp\/v2\/types\/post"}],"author":[{"embeddable":true,"href":"http:\/\/calatorinromania.com\/index.php?rest_route=\/wp\/v2\/users\/1"}],"replies":[{"embeddable":true,"href":"http:\/\/calatorinromania.com\/index.php?rest_route=%2Fwp%2Fv2%2Fcomments&post=40167"}],"version-history":[{"count":1,"href":"http:\/\/calatorinromania.com\/index.php?rest_route=\/wp\/v2\/posts\/40167\/revisions"}],"predecessor-version":[{"id":40169,"href":"http:\/\/calatorinromania.com\/index.php?rest_route=\/wp\/v2\/posts\/40167\/revisions\/40169"}],"wp:featuredmedia":[{"embeddable":true,"href":"http:\/\/calatorinromania.com\/index.php?rest_route=\/wp\/v2\/media\/40168"}],"wp:attachment":[{"href":"http:\/\/calatorinromania.com\/index.php?rest_route=%2Fwp%2Fv2%2Fmedia&parent=40167"}],"wp:term":[{"taxonomy":"category","embeddable":true,"href":"http:\/\/calatorinromania.com\/index.php?rest_route=%2Fwp%2Fv2%2Fcategories&post=40167"},{"taxonomy":"post_tag","embeddable":true,"href":"http:\/\/calatorinromania.com\/index.php?rest_route=%2Fwp%2Fv2%2Ftags&post=40167"}],"curies":[{"name":"wp","href":"https:\/\/api.w.org\/{rel}","templated":true}]}}