{"id":40164,"date":"2025-06-17T09:27:02","date_gmt":"2025-06-17T09:27:02","guid":{"rendered":"https:\/\/calatorinromania.com\/?p=40164"},"modified":"2025-06-17T09:27:02","modified_gmt":"2025-06-17T09:27:02","slug":"%f0%9f%8d%92-prajitura-padurea-neagra-reteta-completa","status":"publish","type":"post","link":"http:\/\/calatorinromania.com\/?p=40164","title":{"rendered":"\ud83c\udf52 Pr\u0103jitura P\u0103durea Neagr\u0103 \u2013 Re\u021beta complet\u0103"},"content":{"rendered":"\n<h1><\/h1>\n\n\n\n<p>Un desert clasic german, bogat \u00een ciocolat\u0103, fri\u0219c\u0103 \u0219i vi\u0219ine \ud83c\udf6b\ud83c\udf52<\/p>\n\n\n\n<p><\/p>\n\n\n\n<h2>\ud83d\udcdd Ingrediente:<\/h2>\n\n\n\n<h3>Blat de cacao (pentru o tav\u0103 rotund\u0103 de 24\u201326 cm):<\/h3>\n\n\n\n<p><\/p>\n\n\n\n<p><\/p>\n\n\n\n<ul>\n<li>6 ou\u0103 \ud83e\udd5a<\/li>\n\n\n\n<li>150 g zah\u0103r \ud83c\udf6c<\/li>\n\n\n\n<li>100 g f\u0103in\u0103 \ud83e\uddc2<\/li>\n\n\n\n<li>50 g cacao \ud83c\udf6b<\/li>\n\n\n\n<li>1 plic praf de copt<\/li>\n\n\n\n<li>1 praf de sare<\/li>\n<\/ul>\n\n\n\n<p><\/p>\n\n\n\n<h3>Sirop:<\/h3>\n\n\n\n<ul>\n<li>300 g vi\u0219ine din compot sau vi\u0219ine congelate \ud83c\udf52<\/li>\n\n\n\n<li>2 linguri zah\u0103r<\/li>\n\n\n\n<li>100 ml suc din compot \/ ap\u0103 + 1 linguri\u021b\u0103 amidon<\/li>\n\n\n\n<li>2-3 linguri de vi\u0219inat\u0103, rom sau kirsch (op\u021bional) \ud83c\udf77<\/li>\n<\/ul>\n\n\n\n<p><\/p>\n\n\n\n<h3>Crem\u0103:<\/h3>\n\n\n\n<ul>\n<li>500 ml fri\u0219c\u0103 lichid\u0103 (min. 30% gr\u0103sime) \ud83e\udd5b<\/li>\n\n\n\n<li>2 plicuri zah\u0103r vanilat<\/li>\n\n\n\n<li>1-2 linguri zah\u0103r pudr\u0103<\/li>\n\n\n\n<li>1 plic \u00eent\u0103ritor pentru fri\u0219c\u0103 (op\u021bional)<\/li>\n<\/ul>\n\n\n\n<p><\/p>\n\n\n\n<h3>Decor:<\/h3>\n\n\n\n<ul>\n<li>Ciocolat\u0103 ras\u0103 \ud83c\udf6b<\/li>\n\n\n\n<li>Vi\u0219ine \u00eentregi \ud83c\udf52<\/li>\n\n\n\n<li>Fri\u0219c\u0103 pentru ornat \ud83c\udf82<\/li>\n<\/ul>\n\n\n\n<p><\/p>\n\n\n\n<h2>\ud83d\udc69\u200d\ud83c\udf73 Mod de preparare:<\/h2>\n\n\n\n<p><\/p>\n\n\n\n<h3>1. <strong>Prepararea blatului:<\/strong><\/h3>\n\n\n\n<ol>\n<li>Separ\u0103 albu\u0219urile de g\u0103lbenu\u0219uri.<\/li>\n\n\n\n<li>Bate albu\u0219urile cu un praf de sare, apoi adaug\u0103 zah\u0103rul treptat p\u00e2n\u0103 ob\u021bii o bezea ferm\u0103.<\/li>\n\n\n\n<li>\u00cencorporeaz\u0103 g\u0103lbenu\u0219urile, apoi f\u0103ina cernut\u0103 cu cacao \u0219i praful de copt.<\/li>\n\n\n\n<li>Amestec\u0103 u\u0219or cu o spatul\u0103, cu mi\u0219c\u0103ri de jos \u00een sus.<\/li>\n\n\n\n<li>Toarn\u0103 compozi\u021bia \u00eentr-o form\u0103 tapetat\u0103 \u0219i coace la 170\u00b0C timp de 30-35 de minute.<\/li>\n\n\n\n<li>Las\u0103 s\u0103 se r\u0103ceasc\u0103 complet, apoi taie blatul \u00een <strong>3 felii egale<\/strong>.<\/li>\n<\/ol>\n\n\n\n<p><\/p>\n\n\n\n<h3>2. <strong>Preg\u0103tirea siropului cu vi\u0219ine:<\/strong><\/h3>\n\n\n\n<ol>\n<li>Pune vi\u0219inele cu zah\u0103rul pe foc mic.<\/li>\n\n\n\n<li>Adaug\u0103 sucul + amidonul \u0219i fierbe p\u00e2n\u0103 se \u00eengroa\u0219\u0103 u\u0219or.<\/li>\n\n\n\n<li>La final, adaug\u0103 alcoolul (op\u021bional) \u0219i las\u0103 s\u0103 se r\u0103ceasc\u0103.<\/li>\n<\/ol>\n\n\n\n<p><\/p>\n\n\n\n<h3>3. <strong>Crema de fri\u0219c\u0103:<\/strong><\/h3>\n\n\n\n<ol>\n<li>Bate fri\u0219ca rece cu zah\u0103rul pudr\u0103 \u0219i zah\u0103rul vanilat.<\/li>\n\n\n\n<li>Adaug\u0103 \u00eent\u0103ritorul dac\u0103 dore\u0219ti o consisten\u021b\u0103 mai ferm\u0103.<\/li>\n<\/ol>\n\n\n\n<p><\/p>\n\n\n\n<h3>4. <strong>Asamblare:<\/strong><\/h3>\n\n\n\n<ul>\n<li>Pune primul blat pe un platou, \u00eensiropeaz\u0103 cu zeama de la vi\u0219ine.<\/li>\n\n\n\n<li>Adaug\u0103 un strat de fri\u0219c\u0103 \u0219i vi\u0219ine.<\/li>\n\n\n\n<li>Repet\u0103 pentru al doilea blat.<\/li>\n\n\n\n<li>Acoper\u0103 cu al treilea blat \u0219i \u00eembrac\u0103 pr\u0103jitura \u00een fri\u0219c\u0103.<\/li>\n\n\n\n<li>Decoreaz\u0103 cu <strong>fri\u0219c\u0103, ciocolat\u0103 ras\u0103<\/strong> \u0219i <strong>vi\u0219ine \u00eentregi<\/strong>.<\/li>\n<\/ul>\n\n\n\n<p><\/p>\n\n\n\n<p><\/p>\n\n\n\n<h2>\ud83c\udf89 Gata! Serve\u0219te cu drag \u0219i\u2026 poft\u0103 bun\u0103!<\/h2>\n\n\n\n<p>Aceast\u0103 pr\u0103jitur\u0103 este ideal\u0103 pentru zile speciale, anivers\u0103ri sau momente c\u00e2nd vrei s\u0103 impresionezi \ud83c\udf7d\ufe0f\u2764\ufe0f<\/p>\n","protected":false},"excerpt":{"rendered":"<p>Un desert clasic german, bogat \u00een ciocolat\u0103, fri\u0219c\u0103 \u0219i vi\u0219ine \ud83c\udf6b\ud83c\udf52 \ud83d\udcdd Ingrediente: Blat de cacao (pentru o tav\u0103 rotund\u0103 de 24\u201326 cm): Sirop: Crem\u0103:<\/p>\n","protected":false},"author":1,"featured_media":40165,"comment_status":"closed","ping_status":"closed","sticky":false,"template":"","format":"standard","meta":[],"categories":[1],"tags":[],"_links":{"self":[{"href":"http:\/\/calatorinromania.com\/index.php?rest_route=\/wp\/v2\/posts\/40164"}],"collection":[{"href":"http:\/\/calatorinromania.com\/index.php?rest_route=\/wp\/v2\/posts"}],"about":[{"href":"http:\/\/calatorinromania.com\/index.php?rest_route=\/wp\/v2\/types\/post"}],"author":[{"embeddable":true,"href":"http:\/\/calatorinromania.com\/index.php?rest_route=\/wp\/v2\/users\/1"}],"replies":[{"embeddable":true,"href":"http:\/\/calatorinromania.com\/index.php?rest_route=%2Fwp%2Fv2%2Fcomments&post=40164"}],"version-history":[{"count":1,"href":"http:\/\/calatorinromania.com\/index.php?rest_route=\/wp\/v2\/posts\/40164\/revisions"}],"predecessor-version":[{"id":40166,"href":"http:\/\/calatorinromania.com\/index.php?rest_route=\/wp\/v2\/posts\/40164\/revisions\/40166"}],"wp:featuredmedia":[{"embeddable":true,"href":"http:\/\/calatorinromania.com\/index.php?rest_route=\/wp\/v2\/media\/40165"}],"wp:attachment":[{"href":"http:\/\/calatorinromania.com\/index.php?rest_route=%2Fwp%2Fv2%2Fmedia&parent=40164"}],"wp:term":[{"taxonomy":"category","embeddable":true,"href":"http:\/\/calatorinromania.com\/index.php?rest_route=%2Fwp%2Fv2%2Fcategories&post=40164"},{"taxonomy":"post_tag","embeddable":true,"href":"http:\/\/calatorinromania.com\/index.php?rest_route=%2Fwp%2Fv2%2Ftags&post=40164"}],"curies":[{"name":"wp","href":"https:\/\/api.w.org\/{rel}","templated":true}]}}