{"id":40148,"date":"2025-06-17T06:02:58","date_gmt":"2025-06-17T06:02:58","guid":{"rendered":"https:\/\/calatorinromania.com\/?p=40148"},"modified":"2025-06-17T06:03:14","modified_gmt":"2025-06-17T06:03:14","slug":"viorel-stegaru-aparitie-total-neasteptata-la-aproape-un-an-de-la-divort-cu-cine-a-fost-surprins-fostul-sot-al-vulpitei-din-blagesti-si-cum-a-ajuns-sa-arate-acum-filmarea-cu-el-s-a-viralizat-imedia","status":"publish","type":"post","link":"http:\/\/calatorinromania.com\/?p=40148","title":{"rendered":"Viorel Stegaru, apari\u021bie total nea\u0219teptat\u0103, la aproape un an de la divor\u021b! Cu cine a fost surprins fostul so\u021b al Vulpi\u021bei din Bl\u0103ge\u0219ti \u0219i cum a ajuns s\u0103 arate acum? Filmarea cu el s-a viralizat imediat"},"content":{"rendered":"\n<p>Viorel Stegaru a ap\u0103rut din nou \u00een spa\u021biul public, dup\u0103 ce \u00een ultimii ani a cam disp\u0103rut \u0219i nimeni nu mai \u0219tia prea multe lucruri despre el.<\/p>\n\n\n\n<p><\/p>\n\n\n\n<p>S-a zvonit la un moment dat c\u0103 fostul so\u021b al Vulpi\u021bei din Bl\u0103ge\u0219ti a murit, dar chiar el a ie\u0219it la vremea respectiv\u0103 \u0219i a dezmin\u021bit specula\u021biile, \u00eens\u0103 dup\u0103 nu s-a mai l\u0103sat v\u0103zut, p\u00e2n\u0103 acum, \u00eens\u0103. Cum arat\u0103 b\u0103rbatul dup\u0103 cinci ani de la prima apari\u021bie TV \u0219i l\u00e2ng\u0103 cine a fost filmat?<\/p>\n\n\n\n<p><\/p>\n\n\n\n<p>\u00cen anul 2020, Vulpi\u021ba \u0219i Viorel f\u0103ceau furori \u00een Rom\u00e2nia, dup\u0103 ce au \u00eenceput s\u0103 apar\u0103 zilnic \u00een emisiunea prezentat\u0103 de Mirela Vaida.<\/p>\n\n\n\n<p><\/p>\n\n\n\n<p>Scandalurile dintre cei doi, care erau c\u0103s\u0103tori\u021bi \u00eenc\u0103 la vremea respectiv\u0103, i-au \u021binut pe rom\u00e2ni cu sufletul la gur\u0103. Dup\u0103 ce s-a terminat \u201etelenovela\u201d, \u00eens\u0103, cei doi au ap\u0103rut destul de rar \u00een public, mai ales el. S-a aflat dup\u0103 un timp c\u0103 s-a desp\u0103r\u021bit de mama copiilor lui \u0219i c\u0103 Veronica s-a cuplat cu un alt b\u0103rbat.<\/p>\n\n\n\n<p><\/p>\n\n\n\n<p>Via\u021ba lui Viorel Stegaru s-a schimbat complet de atunci! P\u0103r\u0103sit de so\u021bie \u0219i l\u0103sat singur cu copiii, b\u0103rbatul tr\u0103ie\u0219te al\u0103turi de p\u0103rin\u021bii lui, care \u00eel ajut\u0103 s\u0103 \u00ee\u0219i creasc\u0103 micu\u021bii, cel pu\u021bin a\u0219a sus\u021bine el, c\u0103 fosta so\u021bie nici m\u0103car nu sun\u0103 s\u0103 \u00eentrebe de ei.<\/p>\n\n\n\n<p><\/p>\n\n\n\n<p>Recent, fostul so\u021b al Vulpi\u021bei a fost filmat l\u00e2ng\u0103 un magazin din Bl\u0103ge\u0219ti, \u00een timp ce st\u0103tea de vorb\u0103 cu mai multe persoane, cel mai probabil c\u00e2\u021biva vecini. B\u0103rbatul p\u0103rea destul de lini\u0219tit \u0219i chiar z\u00e2mbea, semn c\u0103 a uitat deja de Veronica, de care nici nu mai vrea s\u0103 aud\u0103.<\/p>\n\n\n\n<p><\/p>\n\n\n\n<p>Filmarea cu el a ajuns pe re\u021belele de socializare \u0219i s-a viralizat imediat.<\/p>\n\n\n\n<p><\/p>\n\n\n\n<p>Viorel Stegaru a r\u0103bufnit \u00een urm\u0103 cu ceva timp la adresa Vulpi\u021bei, dup\u0103 ce aceasta a \u00eenceput s\u0103 spun\u0103 c\u0103 ceea ce a declarat el nu este adev\u0103rat \u0219i c\u0103 ea ar fi, de fapt, cea care ar avea grij\u0103 de copiii lor. B\u0103rbatul a r\u0103bufnit \u0219i i-a transmis un mesaj extrem de dur prin intermediul re\u021belelor de socializare.<\/p>\n\n\n\n<p><\/p>\n\n\n\n<p>\u201eS\u0103-\u021bi fie ru\u0219ine pentru vorbele pe care le spui.<\/p>\n\n\n\n<p><\/p>\n\n\n\n<p>Mai min\u021bi \u0219i c\u0103 vorbe\u0219ti cu copiii \u0219i tu nu ai mai sunat de c\u00e2nd ai plecat. Azi am avut proces de divor\u021b \u0219i nu te-a interesat s\u0103 vii. Ru\u0219ine s\u0103-\u021bi fie\u201d, a scris Viorel Stegaru pe Instagram, dup\u0103 ce Vulpi\u021ba a declarat c\u0103 ea are grij\u0103 de copiii lor, lucru care l-a \u00eenfuriat pe b\u0103rbat.<\/p>\n\n\n\n<p>SURSA: https:\/\/dailynews.ro\/<\/p>\n","protected":false},"excerpt":{"rendered":"<p>Viorel Stegaru a ap\u0103rut din nou \u00een spa\u021biul public, dup\u0103 ce \u00een ultimii ani a cam disp\u0103rut \u0219i nimeni nu mai \u0219tia prea multe lucruri<\/p>\n","protected":false},"author":1,"featured_media":40144,"comment_status":"closed","ping_status":"closed","sticky":false,"template":"","format":"standard","meta":[],"categories":[1],"tags":[],"_links":{"self":[{"href":"http:\/\/calatorinromania.com\/index.php?rest_route=\/wp\/v2\/posts\/40148"}],"collection":[{"href":"http:\/\/calatorinromania.com\/index.php?rest_route=\/wp\/v2\/posts"}],"about":[{"href":"http:\/\/calatorinromania.com\/index.php?rest_route=\/wp\/v2\/types\/post"}],"author":[{"embeddable":true,"href":"http:\/\/calatorinromania.com\/index.php?rest_route=\/wp\/v2\/users\/1"}],"replies":[{"embeddable":true,"href":"http:\/\/calatorinromania.com\/index.php?rest_route=%2Fwp%2Fv2%2Fcomments&post=40148"}],"version-history":[{"count":2,"href":"http:\/\/calatorinromania.com\/index.php?rest_route=\/wp\/v2\/posts\/40148\/revisions"}],"predecessor-version":[{"id":40150,"href":"http:\/\/calatorinromania.com\/index.php?rest_route=\/wp\/v2\/posts\/40148\/revisions\/40150"}],"wp:featuredmedia":[{"embeddable":true,"href":"http:\/\/calatorinromania.com\/index.php?rest_route=\/wp\/v2\/media\/40144"}],"wp:attachment":[{"href":"http:\/\/calatorinromania.com\/index.php?rest_route=%2Fwp%2Fv2%2Fmedia&parent=40148"}],"wp:term":[{"taxonomy":"category","embeddable":true,"href":"http:\/\/calatorinromania.com\/index.php?rest_route=%2Fwp%2Fv2%2Fcategories&post=40148"},{"taxonomy":"post_tag","embeddable":true,"href":"http:\/\/calatorinromania.com\/index.php?rest_route=%2Fwp%2Fv2%2Ftags&post=40148"}],"curies":[{"name":"wp","href":"https:\/\/api.w.org\/{rel}","templated":true}]}}