{"id":40146,"date":"2025-06-17T06:00:20","date_gmt":"2025-06-17T06:00:20","guid":{"rendered":"https:\/\/calatorinromania.com\/?p=40146"},"modified":"2025-06-17T06:00:21","modified_gmt":"2025-06-17T06:00:21","slug":"decizia-lui-nicusor-dan-provoaca-furia-lui-emmanuel-macron-tensiuni-diplomatice-la-cel-mai-inalt-nivel","status":"publish","type":"post","link":"http:\/\/calatorinromania.com\/?p=40146","title":{"rendered":"Decizia lui Nicu\u0219or Dan provoac\u0103 furia lui Emmanuel Macron: Tensiuni diplomatice la cel mai \u00eenalt nivel"},"content":{"rendered":"\n<p>O decizie strategic\u0103 a Pre\u0219edintelui Nicu\u0219or Dan provoac\u0103 tensiuni diplomatice: Emmanuel Macron, furios pe o posibil\u0103 realiniere a Rom\u00e2niei la popularii europeni<\/p>\n\n\n\n<p><br>Pre\u0219edintele Nicu\u0219or Dan s-ar putea distan\u021ba semnificativ de influen\u021ba politic\u0103 a Pre\u0219edintelui francez Emmanuel Macron \u0219i de familia progresist\u0103 european\u0103, o mi\u0219care cu implica\u021bii strategice \u0219i simbolice profunde. Potrivit unor informa\u021bii de ultim\u0103 or\u0103, ob\u021binute pe surse de Rom\u00e2nia TV, \u0219eful statului rom\u00e2n ar urma s\u0103 se al\u0103ture popularilor europeni \u00een cadrul Consiliului European de la finalul lunii. Aceast\u0103 realiniere, care ar \u00eensemna trecerea de la grupul Renew Europe, sus\u021binut de liderul francez, la Partidul Popular European (PPE), ar putea st\u00e2rni reac\u021bii puternice la Paris \u0219i ar rea\u0219eza pozi\u021bionarea Rom\u00e2niei pe harta politic\u0103 a Uniunii Europene, \u00eentr-un context de criz\u0103 intern\u0103 \u0219i tensiuni interna\u021bionale cresc\u00e2nde.<\/p>\n\n\n\n<p><\/p>\n\n\n\n<p>Schimbarea de alian\u021be: De la Macron la PPE<br>Pre\u0219edintele Rom\u00e2niei, Nicu\u0219or Dan, pare s\u0103 se \u00eendep\u0103rteze progresiv de sfera de influen\u021b\u0103 politic\u0103 a Parisului \u0219i de direc\u021bia ideologic\u0103 progresist\u0103 sus\u021binut\u0103 cu fermitate de Pre\u0219edintele Emmanuel Macron. Conform informa\u021biilor ap\u0103rute \u00een spa\u021biul public, la iminenta reuniune a Consiliului European, programat\u0103 pentru finalul acestei luni, \u0219eful statului rom\u00e2n ar inten\u021biona s\u0103 \u00ee\u0219i manifeste apartenen\u021ba la Partidul Popular European (PPE). Aceast\u0103 mi\u0219care ar fi una cu o greutate simbolic\u0103 \u0219i strategic\u0103 enorm\u0103, av\u00e2nd \u00een vedere c\u0103 PPE este cea mai mare familie politic\u0103 a liberal-conservatorilor din Uniunea European\u0103, \u00een antitez\u0103 cu grupul Renew Europe, sus\u021binut \u0219i promovat de liderul francez.<\/p>\n\n\n\n<p><\/p>\n\n\n\n<p>Sursele citate indic\u0103 faptul c\u0103 aceast\u0103 ezitare \u0219i, ulterior, poten\u021biala decizie a lui Nicu\u0219or Dan de a nu sus\u021bine propunerile venite din partea Fran\u021bei au st\u00e2rnit deja reac\u021bii negative. Se pare c\u0103 Emmanuel Macron este furios pe aceast\u0103 atitudine a pre\u0219edintelui rom\u00e2n, o dovad\u0103 a tensiunilor diplomatice care pot ap\u0103rea chiar \u0219i \u00eentre state membre ale aceleia\u0219i uniuni.<\/p>\n\n\n\n<p><\/p>\n\n\n\n<p>Contextul complex al unei decizii strategice<br>Aceast\u0103 posibil\u0103 repozi\u021bionare a Rom\u00e2niei pe e\u0219ichierul european vine \u00eentr-un context intern deja tensionat. Blocajele politice de la Bucure\u0219ti nu mai sunt generate doar de m\u0103suri economice sau sociale nepopulare, ci \u0219i de divergen\u021be strategice \u0219i ideologice profunde, legate de marile capitale europene \u0219i de influen\u021bele geopolitice. \u00cen acest peisaj complex, pozi\u021bion\u0103rile externe ale Rom\u00e2niei devin din ce \u00een ce mai importante, av\u00e2nd \u00een vedere climatul de incertitudine care domin\u0103 scena global\u0103.<\/p>\n\n\n\n<p>Analistul politic Bogdan Chirieac a comentat cu vehemen\u021b\u0103 aceast\u0103 mi\u0219care anticipat\u0103, subliniind implica\u021biile sale poten\u021biale. El a accentuat importan\u021ba rela\u021biei Rom\u00e2niei cu Fran\u021ba, o rela\u021bie pe care o consider\u0103 esen\u021bial\u0103 \u0219i istoric validat\u0103.<\/p>\n\n\n\n<p>Avertismentul lui Bogdan Chirieac: \u201eO mare gre\u0219eal\u0103\u201d<br>Bogdan Chirieac \u0219i-a exprimat speran\u021ba c\u0103 Pre\u0219edintele Nicu\u0219or Dan nu va lua o astfel de decizie, avertiz\u00e2nd asupra consecin\u021belor grave. El a subliniat importan\u021ba Fran\u021bei pentru Rom\u00e2nia, at\u00e2t din punct de vedere istoric, c\u00e2t \u0219i strategic:<\/p>\n\n\n\n<p>\u201eEu sper din tot sufletul c\u0103 nu va lua aceast\u0103 decizie, pentru c\u0103 \u00eenainte s\u0103 fie \u2018rezist\u2019, Emmanuel Macron este francez. Rela\u021bia Rom\u00e2niei cu Fran\u021ba este esen\u021bial\u0103 pentru \u021bara asta. Fran\u021ba a fost \u00een toat\u0103 istoria noastr\u0103 al\u0103turi de noi. A fost al\u0103turi de noi \u00een cele mai dificile momente ale na\u021biunii noastre, \u0219i \u00een momentele de formare ale na\u021biunii noastre. Fran\u021ba nu e orice \u021bar\u0103, e o super putere mondial\u0103, cel pu\u021bin din punct de vedere cultural. Poate f\u0103r\u0103 egal.\u201d<\/p>\n\n\n\n<p>Chirieac a continuat, f\u0103c\u00e2nd o paralel\u0103 \u00eentre identitatea na\u021bional\u0103 \u0219i ideologiile politice, argument\u00e2nd c\u0103 \u00een Fran\u021ba, identitatea na\u021bional\u0103 primeaz\u0103: \u201eDac\u0103 \u00een Rom\u00e2nia oamenii sunt mai \u00eent\u00e2i \u2018rezi\u0219ti\u2019 \u0219i apoi rom\u00e2ni, \u00een Fran\u021ba nu e a\u0219a. \u00cen Fran\u021ba oamenii sunt mai \u00eent\u00e2i francezi \u0219i abia apoi \u2018rezi\u0219ti\u2019, sociali\u0219ti, republicani, extremi\u0219ti \u0219i a\u0219a mai departe.\u201d<\/p>\n\n\n\n<p>Analistul a insistat asupra sprijinului manifestat de Macron pentru Rom\u00e2nia \u0219i a pus sub semnul \u00eentreb\u0103rii logica unei eventuale distan\u021b\u0103ri: \u201eDeci, dac\u0103 Macron \u0219i-a manifestat din plin interesul pentru Rom\u00e2nia, atunci ar fi o mare gre\u0219eal\u0103 ca pre\u0219edintele Nicu\u0219or Dan s\u0103-i \u00eentoarc\u0103 spatele. S\u0103-i \u00eentorci spatele ca s\u0103 fii unde? Singuri nu putem supravie\u021bui.\u201d<\/p>\n\n\n\n<p>Argumentul s\u0103u a fost \u00eent\u0103rit de referin\u021be la climatul geopolitic global instabil. Chirieac a men\u021bionat explicit schimb\u0103rile din regiuni cheie, avertiz\u00e2nd asupra efectelor lor extinse: \u201eE o situa\u021bie complicat\u0103 \u00een momentul de fa\u021b\u0103 peste tot \u00een lume. S\u0103 \u0219ti\u021bi c\u0103 schimbarea regimului iranian va avea consecin\u021be care se vor extinde p\u00e2n\u0103 la noi \u0219i mult dincolo de grani\u021bele Rom\u00e2niei. Deci, hai s\u0103 vedem cum st\u0103m pe harta asta a lumii, din punctul acesta de vedere. Noi \u00eenc\u0103 nu \u0219tim clar ce se \u00eent\u00e2mpl\u0103 cu Administra\u021bia Trump \u0219i Rom\u00e2nia. Fran\u021ba a venit \u0219i a spus \u2018sunt aici\u2019. Cum s\u0103 dai cu piciorul la a\u0219a ceva?\u201d<\/p>\n\n\n\n<p>Aceste declara\u021bii subliniaz\u0103 \u00eengrijorarea analistului cu privire la izolarea poten\u021bial\u0103 a Rom\u00e2niei \u0219i la necesitatea men\u021binerii unor alian\u021be solide \u00een fa\u021ba provoc\u0103rilor globale. Decizia final\u0103 a Pre\u0219edintelui Nicu\u0219or Dan la Consiliul European va avea, f\u0103r\u0103 \u00eendoial\u0103, repercusiuni semnificative asupra pozi\u021biei Rom\u00e2niei \u00een Uniunea European\u0103 \u0219i \u00een rela\u021biile sale bilaterale cheie.<\/p>\n\n\n\n<p><a href=\"https:\/\/dailynews.ro\/\">SURSA: https:\/\/dailynews.ro<\/a><\/p>\n","protected":false},"excerpt":{"rendered":"<p>O decizie strategic\u0103 a Pre\u0219edintelui Nicu\u0219or Dan provoac\u0103 tensiuni diplomatice: Emmanuel Macron, furios pe o posibil\u0103 realiniere a Rom\u00e2niei la popularii europeni Pre\u0219edintele Nicu\u0219or Dan<\/p>\n","protected":false},"author":1,"featured_media":40144,"comment_status":"closed","ping_status":"closed","sticky":false,"template":"","format":"standard","meta":[],"categories":[1],"tags":[],"_links":{"self":[{"href":"http:\/\/calatorinromania.com\/index.php?rest_route=\/wp\/v2\/posts\/40146"}],"collection":[{"href":"http:\/\/calatorinromania.com\/index.php?rest_route=\/wp\/v2\/posts"}],"about":[{"href":"http:\/\/calatorinromania.com\/index.php?rest_route=\/wp\/v2\/types\/post"}],"author":[{"embeddable":true,"href":"http:\/\/calatorinromania.com\/index.php?rest_route=\/wp\/v2\/users\/1"}],"replies":[{"embeddable":true,"href":"http:\/\/calatorinromania.com\/index.php?rest_route=%2Fwp%2Fv2%2Fcomments&post=40146"}],"version-history":[{"count":1,"href":"http:\/\/calatorinromania.com\/index.php?rest_route=\/wp\/v2\/posts\/40146\/revisions"}],"predecessor-version":[{"id":40147,"href":"http:\/\/calatorinromania.com\/index.php?rest_route=\/wp\/v2\/posts\/40146\/revisions\/40147"}],"wp:featuredmedia":[{"embeddable":true,"href":"http:\/\/calatorinromania.com\/index.php?rest_route=\/wp\/v2\/media\/40144"}],"wp:attachment":[{"href":"http:\/\/calatorinromania.com\/index.php?rest_route=%2Fwp%2Fv2%2Fmedia&parent=40146"}],"wp:term":[{"taxonomy":"category","embeddable":true,"href":"http:\/\/calatorinromania.com\/index.php?rest_route=%2Fwp%2Fv2%2Fcategories&post=40146"},{"taxonomy":"post_tag","embeddable":true,"href":"http:\/\/calatorinromania.com\/index.php?rest_route=%2Fwp%2Fv2%2Ftags&post=40146"}],"curies":[{"name":"wp","href":"https:\/\/api.w.org\/{rel}","templated":true}]}}