{"id":40143,"date":"2025-06-17T05:58:26","date_gmt":"2025-06-17T05:58:26","guid":{"rendered":"https:\/\/calatorinromania.com\/?p=40143"},"modified":"2025-06-17T05:58:26","modified_gmt":"2025-06-17T05:58:26","slug":"%f0%9f%8f%a1-la-ce-distanta-poti-construi-un-grajd-pentru-animale-in-romania","status":"publish","type":"post","link":"http:\/\/calatorinromania.com\/?p=40143","title":{"rendered":"\ud83c\udfe1 La ce distan\u021b\u0103 po\u021bi construi un grajd pentru animale \u00een Rom\u00e2nia"},"content":{"rendered":"\n<h2>La ce distan\u021b\u0103 de casa vecinului po\u021bi construi un grajd pentru animale? Pu\u021bini proprietari \u0219tiu asta&#8230;<\/h2>\n\n\n\n<p><\/p>\n\n\n\n<p>Dac\u0103 stai la curte \u0219i ai animale, e important s\u0103 \u0219tii <strong>unde ai voie legal s\u0103 construie\u0219ti grajdul<\/strong>. Nerespectarea regulilor poate duce la <strong>amenzi<\/strong>, dar \u0219i la conflicte cu vecinii. \ud83d\ude2c<\/p>\n\n\n\n<p><\/p>\n\n\n\n<p>Hai s\u0103 vedem ce spune legea \ud83d\udcdc:<\/p>\n\n\n\n<p><\/p>\n\n\n\n<h3>\u2696\ufe0f Ce prevede legisla\u021bia?<\/h3>\n\n\n\n<p><\/p>\n\n\n\n<p>Conform <strong>Ordinului Ministerului S\u0103n\u0103t\u0103\u021bii nr. 119\/2014<\/strong>, distan\u021ba minim\u0103 la care po\u021bi construi un grajd depinde de:<\/p>\n\n\n\n<p><\/p>\n\n\n\n<p>\u2705 Num\u0103rul de animale<br>\u2705 Dimensiunea ad\u0103postului<br>\u2705 Tipul de utilit\u0103\u021bi<br>\u2705 Zona \u00een care locuie\u0219ti (urban sau rural)<\/p>\n\n\n\n<p><\/p>\n\n\n\n<p><\/p>\n\n\n\n<h3>\ud83d\udc13 Dac\u0103 ai un grajd mic:<\/h3>\n\n\n\n<p><\/p>\n\n\n\n<p>\ud83d\udc49 \u00cen care \u021bii <strong>maxim:<\/strong><\/p>\n\n\n\n<p><\/p>\n\n\n\n<ul>\n<li>5 porci<\/li>\n\n\n\n<li>5 bovine<\/li>\n\n\n\n<li>15 oi\/capre<\/li>\n\n\n\n<li>50 p\u0103s\u0103ri<\/li>\n<\/ul>\n\n\n\n<p><\/p>\n\n\n\n<p>\ud83d\udccf Trebuie s\u0103 respec\u021bi urm\u0103toarele distan\u021be:<\/p>\n\n\n\n<p><\/p>\n\n\n\n<ul>\n<li><strong>Minim 0,60 m de gardul vecinului<\/strong><\/li>\n\n\n\n<li><strong>Minim 10 m de casa vecinului<\/strong><\/li>\n<\/ul>\n\n\n\n<p><\/p>\n\n\n\n<p>\u203c\ufe0f Important: Grajdul trebuie s\u0103 fie racordat la utilit\u0103\u021bi (ap\u0103, canalizare etc.)<\/p>\n\n\n\n<p><\/p>\n\n\n\n<h3>\ud83d\udc04 Dac\u0103 vrei o ferm\u0103 mai mare:<\/h3>\n\n\n\n<p><\/p>\n\n\n\n<p>Pentru un num\u0103r mai mare de animale, legea cere <strong>distan\u021be mai mari<\/strong>:<\/p>\n\n\n\n<p><\/p>\n\n\n\n<p>\ud83d\udccf \u00centre <strong>50 m \u0219i 1.500 m<\/strong> de orice locuin\u021b\u0103 sau surs\u0103 de ap\u0103 potabil\u0103 \u2013 \u00een func\u021bie de:<\/p>\n\n\n\n<p><\/p>\n\n\n\n<ul>\n<li>Specia animalelor<\/li>\n\n\n\n<li>Num\u0103rul acestora<\/li>\n\n\n\n<li>Zona \u00een care te afli (urban\/rural)<\/li>\n<\/ul>\n\n\n\n<p><\/p>\n\n\n\n<p>\ud83d\udc49 \u00cen mediul urban, <strong>prim\u0103ria sau consiliul local poate impune distan\u021be chiar mai mari<\/strong> prin hot\u0103r\u00e2ri speciale sau studii de impact asupra s\u0103n\u0103t\u0103\u021bii.<\/p>\n\n\n\n<p><\/p>\n\n\n\n<p><\/p>\n\n\n\n<h3>\ud83d\udca5 Ce amenzi ri\u0219ti dac\u0103 nu respec\u021bi legea?<\/h3>\n\n\n\n<p><\/p>\n\n\n\n<p>\u274c Dac\u0103 NU respec\u021bi distan\u021bele legale sau construie\u0219ti grajdul <strong>f\u0103r\u0103 autoriza\u021bie<\/strong>, po\u021bi primi:<\/p>\n\n\n\n<p><\/p>\n\n\n\n<p>\ud83d\udd34 <strong>Amenzi \u00eentre 1.000 \u0219i 100.000 lei<\/strong>, conform <strong>Legii 50\/1991<\/strong><br>\ud83d\udd34 <strong>P\u00e2n\u0103 la 2.000 lei<\/strong> pentru ne\u00eenregistrarea animalelor \u00een Registrul Agricol (potrivit ANSVSA)<br>\ud83d\udd34 Obliga\u021bia de a <strong>demola construc\u021bia<\/strong>, \u00een unele cazuri<\/p>\n\n\n\n<p><\/p>\n\n\n\n<p><\/p>\n\n\n\n<h3>\u2705 Ce s\u0103 faci ca s\u0103 fii \u00een regul\u0103:<\/h3>\n\n\n\n<p><\/p>\n\n\n\n<p>\u2714\ufe0f Mergi la prim\u0103rie pentru autoriza\u021bie de construc\u021bie<br>\u2714\ufe0f Consult\u0103 regulamentele locale (pot varia de la o comun\u0103 la alta)<br>\u2714\ufe0f Respect\u0103 normele sanitare \u0219i de mediu<br>\u2714\ufe0f Anun\u021b\u0103 Direc\u021bia Sanitar-Veterinar\u0103 pentru \u00eenregistrarea animalelor<\/p>\n\n\n\n<p><\/p>\n\n\n\n<p><\/p>\n\n\n\n<p>\ud83d\udccc <strong>Pe scurt:<\/strong><br>Nu construi la \u00eent\u00e2mplare. Verific\u0103 distan\u021bele \u0219i respect\u0103 legea. A\u0219a evi\u021bi probleme, amenzi \u0219i conflicte cu vecinii.<\/p>\n\n\n\n<p>\ud83d\udd01 Distribuie acest articol dac\u0103 \u021bi se pare util \u0219i vrei ca \u0219i al\u021bi vecini s\u0103 fie bine informa\u021bi! \ud83c\udfe1\ud83d\udc37\ud83d\udc2e<\/p>\n","protected":false},"excerpt":{"rendered":"<p>La ce distan\u021b\u0103 de casa vecinului po\u021bi construi un grajd pentru animale? Pu\u021bini proprietari \u0219tiu asta&#8230; Dac\u0103 stai la curte \u0219i ai animale, e important<\/p>\n","protected":false},"author":1,"featured_media":40144,"comment_status":"closed","ping_status":"closed","sticky":false,"template":"","format":"standard","meta":[],"categories":[1],"tags":[],"_links":{"self":[{"href":"http:\/\/calatorinromania.com\/index.php?rest_route=\/wp\/v2\/posts\/40143"}],"collection":[{"href":"http:\/\/calatorinromania.com\/index.php?rest_route=\/wp\/v2\/posts"}],"about":[{"href":"http:\/\/calatorinromania.com\/index.php?rest_route=\/wp\/v2\/types\/post"}],"author":[{"embeddable":true,"href":"http:\/\/calatorinromania.com\/index.php?rest_route=\/wp\/v2\/users\/1"}],"replies":[{"embeddable":true,"href":"http:\/\/calatorinromania.com\/index.php?rest_route=%2Fwp%2Fv2%2Fcomments&post=40143"}],"version-history":[{"count":1,"href":"http:\/\/calatorinromania.com\/index.php?rest_route=\/wp\/v2\/posts\/40143\/revisions"}],"predecessor-version":[{"id":40145,"href":"http:\/\/calatorinromania.com\/index.php?rest_route=\/wp\/v2\/posts\/40143\/revisions\/40145"}],"wp:featuredmedia":[{"embeddable":true,"href":"http:\/\/calatorinromania.com\/index.php?rest_route=\/wp\/v2\/media\/40144"}],"wp:attachment":[{"href":"http:\/\/calatorinromania.com\/index.php?rest_route=%2Fwp%2Fv2%2Fmedia&parent=40143"}],"wp:term":[{"taxonomy":"category","embeddable":true,"href":"http:\/\/calatorinromania.com\/index.php?rest_route=%2Fwp%2Fv2%2Fcategories&post=40143"},{"taxonomy":"post_tag","embeddable":true,"href":"http:\/\/calatorinromania.com\/index.php?rest_route=%2Fwp%2Fv2%2Ftags&post=40143"}],"curies":[{"name":"wp","href":"https:\/\/api.w.org\/{rel}","templated":true}]}}