{"id":40139,"date":"2025-06-17T05:30:15","date_gmt":"2025-06-17T05:30:15","guid":{"rendered":"https:\/\/calatorinromania.com\/?p=40139"},"modified":"2025-06-24T05:42:46","modified_gmt":"2025-06-24T05:42:46","slug":"%f0%9f%a5%92-dovleceii-sunt-mai-gustosi-decat-carnea-hai-sa-ti-arat-4-retete-absolut-delicioase-%f0%9f%92%9a","status":"publish","type":"post","link":"http:\/\/calatorinromania.com\/?p=40139","title":{"rendered":"\ud83e\udd52 Dovleceii sunt mai gusto\u0219i dec\u00e2t carnea?! Hai s\u0103-\u021bi ar\u0103t 4 re\u021bete absolut delicioase! \ud83d\udc9a"},"content":{"rendered":"\n<h2>\ud83c\uddf9\ud83c\uddf7 <strong>1. Truc turcesc cu dovlecei \u2013 rapid, simplu \u0219i delicios!<\/strong><\/h2>\n\n\n\n<p><\/p>\n\n\n\n<p>O re\u021bet\u0103 turceasc\u0103 tradi\u021bional\u0103, u\u0219oar\u0103 \u0219i aromat\u0103 \u2014 ideal\u0103 pentru o mas\u0103 de sear\u0103 sau un pr\u00e2nz u\u0219or. \ud83d\ude0b<\/p>\n\n\n\n<p><\/p>\n\n\n\n<h3>\ud83d\uded2 Ingrediente:<\/h3>\n\n\n\n<p><\/p>\n\n\n\n<ul>\n<li>2 dovlecei<\/li>\n\n\n\n<li>Sare, piper<\/li>\n\n\n\n<li>Coriandru m\u0103cinat (op\u021bional)<\/li>\n\n\n\n<li>4 ou\u0103 \ud83e\udd5a<\/li>\n\n\n\n<li>2\u20133 linguri sm\u00e2nt\u00e2n\u0103 sau iaurt<\/li>\n\n\n\n<li>3\u20134 linguri amidon de porumb<\/li>\n\n\n\n<li>Ca\u0219caval ras \ud83e\uddc0<\/li>\n\n\n\n<li>Condimente pt. carne, boia, mu\u0219tar, usturoi, verde\u021buri uscate\/proaspete<\/li>\n\n\n\n<li>P\u0103trunjel uscat<\/li>\n\n\n\n<li>Ulei pt. pr\u0103jit<\/li>\n<\/ul>\n\n\n\n<p><\/p>\n\n\n\n<h3>\ud83d\udc69\u200d\ud83c\udf73 Mod de preparare:<\/h3>\n\n\n\n<p><\/p>\n\n\n\n<ol>\n<li>Taie dovleceii, adaug\u0103 sare \u0219i piper. Las\u0103 5\u201310 minute.<\/li>\n\n\n\n<li>\u00centr-un bol: ou\u0103 + sm\u00e2nt\u00e2n\u0103 + amidon \u2192 amestec\u0103 bine.<\/li>\n\n\n\n<li>Adaug\u0103 ca\u0219caval + condimente + verde\u021buri.<\/li>\n\n\n\n<li>\u00cencorporeaz\u0103 dovleceii \u2192 amestec omogen.<\/li>\n\n\n\n<li>Pr\u0103je\u0219te la foc mediu p\u00e2n\u0103 devin aurii.<br>\ud83d\udc49 Serve\u0219te cald, cu sos sau iaurt al\u0103turi. Poft\u0103 bun\u0103! \ud83d\ude0d<\/li>\n<\/ol>\n\n\n\n<p><\/p>\n\n\n\n<h2>\ud83d\udd25 <strong>2. Dovlecei pr\u0103ji\u021bi cu sos aromat \u2013 crocan\u021bi \u0219i delicio\u0219i!<\/strong><\/h2>\n\n\n\n<p><\/p>\n\n\n\n<p>Perfect pentru cin\u0103 u\u0219oar\u0103 \u2013 chiar \u0219i cei mici o vor adora! \u2764\ufe0f<\/p>\n\n\n\n<p><\/p>\n\n\n\n<h3>\ud83d\uded2 Ingrediente:<\/h3>\n\n\n\n<p><\/p>\n\n\n\n<ul>\n<li>2 dovlecei<\/li>\n\n\n\n<li>Sare, piper<\/li>\n\n\n\n<li>1 ceap\u0103 \ud83e\uddc5<\/li>\n\n\n\n<li>1 ardei<\/li>\n\n\n\n<li>1 ro\u0219ie \ud83c\udf45<\/li>\n\n\n\n<li>1 lingur\u0103 past\u0103 de ro\u0219ii<\/li>\n\n\n\n<li>70 ml ap\u0103<\/li>\n\n\n\n<li>4 c\u0103\u021bei de usturoi \ud83e\uddc4<\/li>\n\n\n\n<li>P\u0103trunjel verde<\/li>\n\n\n\n<li>3 ou\u0103 + 150g iaurt + 100g f\u0103in\u0103<\/li>\n<\/ul>\n\n\n\n<p><\/p>\n\n\n\n<h3>\ud83d\udc69\u200d\ud83c\udf73 Mod de preparare:<\/h3>\n\n\n\n<p><\/p>\n\n\n\n<ol>\n<li>S\u0103reaz\u0103 dovleceii, pune-i deoparte.<\/li>\n\n\n\n<li>C\u0103le\u0219te ceapa, ardeiul \u0219i ro\u0219ia \u00een ulei.<\/li>\n\n\n\n<li>Adaug\u0103 pasta de ro\u0219ii + ap\u0103 \u2192 fierbe u\u0219or.<\/li>\n\n\n\n<li>\u00centr-un bol: ou\u0103 + iaurt + f\u0103in\u0103 \u2192 amestec.<\/li>\n\n\n\n<li>T\u0103v\u0103le\u0219te dovleceii prin compozi\u021bie, pr\u0103je\u0219te p\u00e2n\u0103 devin aurii.<\/li>\n\n\n\n<li>Adaug\u0103 usturoi + p\u0103trunjel peste legumele c\u0103lite.<br>\ud83d\udc49 Serve\u0219te cu legumele \u0219i bucur\u0103-te de un gust fabulos!<\/li>\n<\/ol>\n\n\n\n<p><\/p>\n\n\n\n<h2>\ud83c\uddea\ud83c\uddf8 <strong>3. Dovlecei cop\u021bi \u00e0 la Spania \u2013 u\u0219or, s\u0103n\u0103tos \u0219i super gustos!<\/strong><\/h2>\n\n\n\n<p><\/p>\n\n\n\n<p>Re\u021bet\u0103 la cuptor, f\u0103r\u0103 pr\u0103jeal\u0103 \u2013 perfect\u0103 pentru un pr\u00e2nz u\u0219or \u0219i s\u0103n\u0103tos! \u2705<\/p>\n\n\n\n<p><\/p>\n\n\n\n<h3>\ud83d\uded2 Ingrediente:<\/h3>\n\n\n\n<p><\/p>\n\n\n\n<ul>\n<li>4 dovlecei<\/li>\n\n\n\n<li>Sare, dup\u0103 gust<\/li>\n\n\n\n<li>1 ceap\u0103, 1 morcov \ud83e\udd55, 2 ardei<\/li>\n\n\n\n<li>2 ou\u0103 + 200 ml lapte<\/li>\n\n\n\n<li>5 linguri f\u0103in\u0103 + 10g praf de copt<\/li>\n\n\n\n<li>120g mozzarella<\/li>\n\n\n\n<li>P\u0103trunjel<\/li>\n\n\n\n<li>Ulei de m\u0103sline pentru c\u0103lit<\/li>\n<\/ul>\n\n\n\n<p><\/p>\n\n\n\n<h3>\ud83d\udc69\u200d\ud83c\udf73 Mod de preparare:<\/h3>\n\n\n\n<p><\/p>\n\n\n\n<ol>\n<li>S\u0103reaz\u0103 dovleceii, las\u0103-i deoparte.<\/li>\n\n\n\n<li>C\u0103le\u0219te ceapa, morcovul, ardeii.<\/li>\n\n\n\n<li>\u00centr-un bol: ou\u0103 + lapte + f\u0103in\u0103 + praf de copt \u2192 omogenizeaz\u0103.<\/li>\n\n\n\n<li>Adaug\u0103 legumele \u0219i p\u0103trunjelul \u2192 toarn\u0103 \u00eentr-o tav\u0103.<\/li>\n\n\n\n<li>Presar\u0103 mozzarella \u0219i coace la <strong>180\u00b0C \/ 35\u201340 min<\/strong>.<\/li>\n\n\n\n<li>Serve\u0219te cu un <strong>sos delicios:<\/strong>\n<ul>\n<li>2 linguri iaurt + 2 linguri maionez\u0103<\/li>\n\n\n\n<li>1 c\u0103\u021bel de usturoi + ceap\u0103 verde + suc de l\u0103m\u00e2ie \ud83c\udf4b<\/li>\n<\/ul>\n<\/li>\n<\/ol>\n\n\n\n<p>\ud83d\udc49 Savureaz\u0103 cald, cu sosul r\u0103coritor! \ud83e\uddc4<\/p>\n\n\n\n<p><\/p>\n\n\n\n<h2>\ud83c\udf36\ufe0f <strong>4. Dovlecei crocan\u021bi cu sos picant \u2013 o gustare WOW!<\/strong><\/h2>\n\n\n\n<p>Aurii, crocan\u021bi, cu un sos u\u0219or picant \u2013 perfec\u021bi pentru o sear\u0103 de film sau ca aperitiv! \ud83c\udf7f<\/p>\n\n\n\n<h3>\ud83d\uded2 Ingrediente:<\/h3>\n\n\n\n<ul>\n<li>2 dovlecei<\/li>\n\n\n\n<li>Sare, piper<\/li>\n\n\n\n<li>3 ou\u0103<\/li>\n\n\n\n<li>100g f\u0103in\u0103<\/li>\n\n\n\n<li>100g pesmet<\/li>\n\n\n\n<li>100g parmezan ras \ud83e\uddc0<\/li>\n\n\n\n<li>Boia, busuioc<\/li>\n<\/ul>\n\n\n\n<h3>Pentru sos:<\/h3>\n\n\n\n<ul>\n<li>2 linguri ricotta<\/li>\n\n\n\n<li>3 linguri sm\u00e2nt\u00e2n\u0103 sau iaurt<\/li>\n\n\n\n<li>P\u0103trunjel tocat<\/li>\n\n\n\n<li>1 linguri\u021b\u0103 boia afumat\u0103 \ud83c\udf36\ufe0f<\/li>\n\n\n\n<li>Sare, usturoi pudr\u0103<\/li>\n<\/ul>\n\n\n\n<h3>\ud83d\udc69\u200d\ud83c\udf73 Mod de preparare:<\/h3>\n\n\n\n<ol>\n<li>Taie dovleceii rondele, s\u0103reaz\u0103-i.<\/li>\n\n\n\n<li>T\u0103v\u0103le\u0219te-i prin f\u0103in\u0103 \u2192 ou \u2192 pesmet + parmezan + condimente.<\/li>\n\n\n\n<li>Pr\u0103je\u0219te p\u00e2n\u0103 devin crocan\u021bi \u0219i aurii.<\/li>\n\n\n\n<li>Amestec\u0103 ingredientele pentru sos.<br>\ud83d\udc49 Serve\u0219te cald cu sosul picant \u2014 combina\u021bia perfect\u0103! \ud83d\udca5<\/li>\n<\/ol>\n\n\n\n<p>\ud83d\udcac <strong>Ce re\u021bet\u0103 \u021bi-a f\u0103cut cu ochiul? Scrie-mi \u0219i o preg\u0103tim \u00eempreun\u0103!<\/strong><br>\ud83d\udccc Salveaz\u0103 postarea pentru data viitoare c\u00e2nd ai dovlecei \u00een frigider!<\/p>\n\n\n\n<p>SURSA: https:\/\/morenews99.com<\/p>\n","protected":false},"excerpt":{"rendered":"<p>\ud83c\uddf9\ud83c\uddf7 1. Truc turcesc cu dovlecei \u2013 rapid, simplu \u0219i delicios! O re\u021bet\u0103 turceasc\u0103 tradi\u021bional\u0103, u\u0219oar\u0103 \u0219i aromat\u0103 \u2014 ideal\u0103 pentru o mas\u0103 de sear\u0103<\/p>\n","protected":false},"author":1,"featured_media":40140,"comment_status":"closed","ping_status":"closed","sticky":false,"template":"","format":"standard","meta":[],"categories":[1],"tags":[],"_links":{"self":[{"href":"http:\/\/calatorinromania.com\/index.php?rest_route=\/wp\/v2\/posts\/40139"}],"collection":[{"href":"http:\/\/calatorinromania.com\/index.php?rest_route=\/wp\/v2\/posts"}],"about":[{"href":"http:\/\/calatorinromania.com\/index.php?rest_route=\/wp\/v2\/types\/post"}],"author":[{"embeddable":true,"href":"http:\/\/calatorinromania.com\/index.php?rest_route=\/wp\/v2\/users\/1"}],"replies":[{"embeddable":true,"href":"http:\/\/calatorinromania.com\/index.php?rest_route=%2Fwp%2Fv2%2Fcomments&post=40139"}],"version-history":[{"count":2,"href":"http:\/\/calatorinromania.com\/index.php?rest_route=\/wp\/v2\/posts\/40139\/revisions"}],"predecessor-version":[{"id":40142,"href":"http:\/\/calatorinromania.com\/index.php?rest_route=\/wp\/v2\/posts\/40139\/revisions\/40142"}],"wp:featuredmedia":[{"embeddable":true,"href":"http:\/\/calatorinromania.com\/index.php?rest_route=\/wp\/v2\/media\/40140"}],"wp:attachment":[{"href":"http:\/\/calatorinromania.com\/index.php?rest_route=%2Fwp%2Fv2%2Fmedia&parent=40139"}],"wp:term":[{"taxonomy":"category","embeddable":true,"href":"http:\/\/calatorinromania.com\/index.php?rest_route=%2Fwp%2Fv2%2Fcategories&post=40139"},{"taxonomy":"post_tag","embeddable":true,"href":"http:\/\/calatorinromania.com\/index.php?rest_route=%2Fwp%2Fv2%2Ftags&post=40139"}],"curies":[{"name":"wp","href":"https:\/\/api.w.org\/{rel}","templated":true}]}}