{"id":40122,"date":"2025-06-16T06:23:08","date_gmt":"2025-06-16T06:23:08","guid":{"rendered":"https:\/\/calatorinromania.com\/?p=40122"},"modified":"2025-06-16T06:23:08","modified_gmt":"2025-06-16T06:23:08","slug":"%f0%9f%91%a8%f0%9f%8d%b3%f0%9f%8c%bf-cum-sa-pastrezi-patrunjelul-proaspat-luni-intregi-trucul-secret-al-bucatarilor","status":"publish","type":"post","link":"http:\/\/calatorinromania.com\/?p=40122","title":{"rendered":"\ud83d\udc68\u200d\ud83c\udf73\ud83c\udf3f <em>Cum s\u0103 P\u0103strezi P\u0103trunjelul Proasp\u0103t LUNI \u00ceNTREGI<\/em> \u2013 Trucul Secret al Buc\u0103tarilor"},"content":{"rendered":"\n<h2><\/h2>\n\n\n\n<blockquote class=\"wp-block-quote\">\n<p>Te-ai s\u0103turat s\u0103 arunci p\u0103trunjelul ofilit? Afl\u0103 cum \u00eel po\u021bi p\u0103stra <strong>verde, aromat \u0219i nutritiv<\/strong> timp de s\u0103pt\u0103m\u00e2ni sau chiar luni! Tot ce ai nevoie sunt c\u00e2teva ingrediente simple \u0219i 10 minute din timpul t\u0103u.<\/p>\n\n\n\n<p><\/p>\n<\/blockquote>\n\n\n\n<h3>\ud83c\udf3f De ce s\u0103 \u021bii p\u0103trunjel proasp\u0103t \u00een cas\u0103?<\/h3>\n\n\n\n<p><\/p>\n\n\n\n<p>Pe l\u00e2ng\u0103 faptul c\u0103 d\u0103 gust delicios oric\u0103rei m\u00e2nc\u0103ri, p\u0103trunjelul este \u0219i un <strong>superaliment<\/strong>:<\/p>\n\n\n\n<p>\u2705 <strong>Vitamina C<\/strong> \u2013 \u00cent\u0103re\u0219te imunitatea<br>\u2705 <strong>Vitamina K<\/strong> \u2013 Sus\u021bine s\u0103n\u0103tatea oaselor<br>\u2705 <strong>Fier<\/strong> \u2013 Previne anemia \u0219i oboseala cronic\u0103<\/p>\n\n\n\n<p><\/p>\n\n\n\n<p><\/p>\n\n\n\n<p>\ud83d\udc49 Exist\u0103 dou\u0103 tipuri principale:<\/p>\n\n\n\n<ul>\n<li><strong>P\u0103trunjel cre\u021b<\/strong> \u2013 Frunze ondulate, gust intens<\/li>\n\n\n\n<li><strong>P\u0103trunjel cu frunz\u0103 lat\u0103<\/strong> \u2013 Textur\u0103 fin\u0103, arom\u0103 delicat\u0103<\/li>\n<\/ul>\n\n\n\n<p><\/p>\n\n\n\n<h3>\ud83d\udd12 <em>Trucul care p\u0103streaz\u0103 p\u0103trunjelul proasp\u0103t timp de 1 lun\u0103 (sau mai mult!)<\/em><\/h3>\n\n\n\n<p><\/p>\n\n\n\n<p>\ud83e\uddc2 <strong>Ai nevoie de:<\/strong><\/p>\n\n\n\n<ul>\n<li>\u2705 P\u0103trunjel proasp\u0103t<\/li>\n\n\n\n<li>\u2705 Bicarbonat de sodiu<\/li>\n\n\n\n<li>\u2705 Ap\u0103 rece<\/li>\n\n\n\n<li>\u2705 Borcan de sticl\u0103 cu capac ermetic<\/li>\n\n\n\n<li>\u2705 Prosoape de h\u00e2rtie<\/li>\n<\/ul>\n\n\n\n<p><\/p>\n\n\n\n<h3>\ud83d\udd1f Pa\u0219i simpli:<\/h3>\n\n\n\n<p>1\ufe0f\u20e3 <strong>Spal\u0103 bine p\u0103trunjelul<\/strong> sub jet de ap\u0103 rece.<br>2\ufe0f\u20e3 <strong>Toac\u0103-l grosier<\/strong> pe un toc\u0103tor curat.<br>3\ufe0f\u20e3 Pune-l \u00eentr-un bol ad\u00e2nc, adaug\u0103 <strong>1 lingur\u0103 de bicarbonat<\/strong>.<br>4\ufe0f\u20e3 Toarn\u0103 <strong>ap\u0103 rece<\/strong> c\u00e2t s\u0103-l acopere complet.<br>5\ufe0f\u20e3 Las\u0103-l la \u00eenmuiat <strong>15 minute<\/strong> \u2013 elimin\u0103 bacteriile &amp; prelunge\u0219te prospe\u021bimea.<br>6\ufe0f\u20e3 Cl\u0103te\u0219te-l de <strong>3 ori cu ap\u0103 curat\u0103<\/strong>.<br>7\ufe0f\u20e3 <strong>Usuc\u0103-l complet<\/strong> cu un prosop curat.<br>8\ufe0f\u20e3 Pune un <strong>\u0219erve\u021bel pe fundul borcanului<\/strong> de sticl\u0103.<br>9\ufe0f\u20e3 Adaug\u0103 p\u0103trunjelul \u00een borcan \u2013 <strong>nu \u00eel \u00eendesa prea tare<\/strong>.<br>\ud83d\udd1f <strong>\u00cenchide borcanul ermetic<\/strong> \u0219i p\u0103streaz\u0103-l \u00een frigider.<\/p>\n\n\n\n<p><\/p>\n\n\n\n<p><\/p>\n\n\n\n<h3>\ud83d\udd52 <em>C\u00e2t timp rezist\u0103?<\/em><\/h3>\n\n\n\n<p>\u2714 P\u00e2n\u0103 la <strong>1 lun\u0103<\/strong> \u00een frigider<br>\u2714 Chiar <strong>mai mult<\/strong>, dac\u0103 p\u0103strezi borcanul curat \u0219i uscat<br>\u2714 Aroma \u0219i culoarea r\u0103m\u00e2n <strong>intacte<\/strong>!<\/p>\n\n\n\n<h3>\ud83c\udf81 <em>Bonus: De ce merit\u0103 s\u0103 \u00eencerci acest truc?<\/em><\/h3>\n\n\n\n<p>\ud83d\udcb0 Economise\u0219ti bani \u2013 nu mai cumperi p\u0103trunjel des<br>\ud83e\udd6c Ai verde\u021buri proaspete oric\u00e2nd<br>\u267b\ufe0f Reduci risipa alimentar\u0103<br>\ud83d\udc9a P\u0103strezi <strong>toate vitaminele \u0219i mineralele<\/strong> intacte<\/p>\n\n\n\n<h3>\ud83d\udcdd Concluzie<\/h3>\n\n\n\n<blockquote class=\"wp-block-quote\">\n<p>P\u0103trunjelul e unul dintre cele mai iubite ingrediente \u00een buc\u0103t\u0103rie \u2013 iar cu acest truc simplu, \u00eel vei avea proasp\u0103t <strong>oric\u00e2nd ai nevoie<\/strong>. \u00cencearc\u0103-l \u0219i nu vei mai reveni niciodat\u0103 la variantele ofilite sau uscate! \ud83c\udf3f<\/p>\n<\/blockquote>\n","protected":false},"excerpt":{"rendered":"<p>Te-ai s\u0103turat s\u0103 arunci p\u0103trunjelul ofilit? Afl\u0103 cum \u00eel po\u021bi p\u0103stra verde, aromat \u0219i nutritiv timp de s\u0103pt\u0103m\u00e2ni sau chiar luni! Tot ce ai nevoie<\/p>\n","protected":false},"author":1,"featured_media":40123,"comment_status":"closed","ping_status":"closed","sticky":false,"template":"","format":"standard","meta":[],"categories":[1],"tags":[],"_links":{"self":[{"href":"http:\/\/calatorinromania.com\/index.php?rest_route=\/wp\/v2\/posts\/40122"}],"collection":[{"href":"http:\/\/calatorinromania.com\/index.php?rest_route=\/wp\/v2\/posts"}],"about":[{"href":"http:\/\/calatorinromania.com\/index.php?rest_route=\/wp\/v2\/types\/post"}],"author":[{"embeddable":true,"href":"http:\/\/calatorinromania.com\/index.php?rest_route=\/wp\/v2\/users\/1"}],"replies":[{"embeddable":true,"href":"http:\/\/calatorinromania.com\/index.php?rest_route=%2Fwp%2Fv2%2Fcomments&post=40122"}],"version-history":[{"count":1,"href":"http:\/\/calatorinromania.com\/index.php?rest_route=\/wp\/v2\/posts\/40122\/revisions"}],"predecessor-version":[{"id":40124,"href":"http:\/\/calatorinromania.com\/index.php?rest_route=\/wp\/v2\/posts\/40122\/revisions\/40124"}],"wp:featuredmedia":[{"embeddable":true,"href":"http:\/\/calatorinromania.com\/index.php?rest_route=\/wp\/v2\/media\/40123"}],"wp:attachment":[{"href":"http:\/\/calatorinromania.com\/index.php?rest_route=%2Fwp%2Fv2%2Fmedia&parent=40122"}],"wp:term":[{"taxonomy":"category","embeddable":true,"href":"http:\/\/calatorinromania.com\/index.php?rest_route=%2Fwp%2Fv2%2Fcategories&post=40122"},{"taxonomy":"post_tag","embeddable":true,"href":"http:\/\/calatorinromania.com\/index.php?rest_route=%2Fwp%2Fv2%2Ftags&post=40122"}],"curies":[{"name":"wp","href":"https:\/\/api.w.org\/{rel}","templated":true}]}}