{"id":40119,"date":"2025-06-16T06:19:32","date_gmt":"2025-06-16T06:19:32","guid":{"rendered":"https:\/\/calatorinromania.com\/?p=40119"},"modified":"2025-06-16T06:19:33","modified_gmt":"2025-06-16T06:19:33","slug":"cum-sa-cultivi-afine-delicioase-in-galeti-sau-ghivece-mari-chiar-la-tine-acasa","status":"publish","type":"post","link":"http:\/\/calatorinromania.com\/?p=40119","title":{"rendered":"Cum S\u0103 Cultivi Afine Delicioase \u00een G\u0103le\u021bi sau Ghivece Mari \u2013 Chiar la Tine Acas\u0103!"},"content":{"rendered":"\n<blockquote class=\"wp-block-quote\">\n<p>Afinele nu doar c\u0103 sunt gustoase \u0219i pline de antioxidan\u021bi \ud83d\udc99, dar se pot cultiva cu u\u0219urin\u021b\u0103 chiar \u0219i \u00een <strong>spa\u021bii mici<\/strong> \u2013 pe balcon, teras\u0103 sau chiar \u00een apartament. Iat\u0103 cum s\u0103 ob\u021bii o <strong>recolt\u0103 bogat\u0103<\/strong> pas cu pas:<\/p>\n<\/blockquote>\n\n\n\n<h3>\ud83e\udea3 <strong>1. Alege G\u0103leata Ideal\u0103<\/strong><\/h3>\n\n\n\n<p>\u2714\ufe0f Capacitate: <strong>20\u201325 litri<\/strong> \u2013 pentru o bun\u0103 dezvoltare a r\u0103d\u0103cinilor<br>\u2714\ufe0f G\u0103uri de drenaj la baz\u0103 \u2013 <strong>obligatorii<\/strong> pentru a preveni putrezirea<br>\u2714\ufe0f Material rezistent: <strong>plastic dur, ceramic\u0103 sau lemn<\/strong><\/p>\n\n\n\n<p>\ud83d\udd27 Dac\u0103 g\u0103leata nu are g\u0103uri, folose\u0219te un burghiu pentru a le face manual.<\/p>\n\n\n\n<p><\/p>\n\n\n\n<p><\/p>\n\n\n\n<h3>\ud83c\udf31 <strong>2. Alege Soiul Potrivit de Afin<\/strong><\/h3>\n\n\n\n<p>Unele soiuri se preteaz\u0103 mai bine la cultura \u00een ghiveci. Iat\u0103 c\u00e2teva variante excelente:<\/p>\n\n\n\n<ul>\n<li><strong>Lowbush<\/strong> \u2013 soi pitic, ideal pentru spa\u021bii mici<\/li>\n\n\n\n<li><strong>Half-High<\/strong> \u2013 tuf\u0103 compact\u0103, perfect\u0103 pentru ghivece mari<\/li>\n\n\n\n<li><strong>Rabbiteye<\/strong> \u2013 ideal pentru zonele calde, rezistent la secet\u0103 \u2600\ufe0f<\/li>\n<\/ul>\n\n\n\n<p><\/p>\n\n\n\n<h3>\ud83e\uddea <strong>3. Alege \u0219i Preg\u0103te\u0219te Solul Corect<\/strong><\/h3>\n\n\n\n<p>Afinele iubesc un sol <strong>acid<\/strong>, cu pH \u00eentre <strong>4.5 \u0219i 5.5<\/strong>.<\/p>\n\n\n\n<p>\ud83d\udd39 Folose\u0219te: <strong>substrat pentru plante acidofile<\/strong><br>\ud83d\udd39 Po\u021bi amesteca: <strong>turb\u0103, rumegu\u0219 de pin \u0219i perlit<\/strong><br>\ud83d\udd39 Evit\u0103 solurile grele, argiloase \u2013 re\u021bin prea mult\u0103 ap\u0103!<br>\ud83d\udd39 Testeaz\u0103 pH-ul \u0219i ajusteaz\u0103-l cu <strong>sulf<\/strong> sau <strong>ace de pin<\/strong> dac\u0103 este necesar.<\/p>\n\n\n\n<p><\/p>\n\n\n\n<p><\/p>\n\n\n\n<h3>\ud83c\udf3f <strong>4. Planteaz\u0103 Corect Afinul<\/strong><\/h3>\n\n\n\n<ol>\n<li>Umple g\u0103leata cu substrat, l\u0103s\u00e2nd <strong>5\u20137 cm<\/strong> liberi sus.<\/li>\n\n\n\n<li>Planteaz\u0103 astfel \u00eenc\u00e2t r\u0103d\u0103cina s\u0103 fie la nivelul solului.<\/li>\n\n\n\n<li>Apas\u0103 u\u0219or \u00een jurul plantei pentru stabilizare.<\/li>\n\n\n\n<li><strong>Ud\u0103 bine<\/strong> \u0219i a\u0219az\u0103 g\u0103leata \u00eentr-un loc <strong>cu mult soare<\/strong> (6\u20138 ore\/zi).<\/li>\n<\/ol>\n\n\n\n<p><\/p>\n\n\n\n<h3>\ud83d\udca7 <strong>5. Udare \u0219i Fertilizare Corect\u0103<\/strong><\/h3>\n\n\n\n<p>\ud83e\udea3 <strong>Udare<\/strong>:<\/p>\n\n\n\n<ul>\n<li>De <strong>2\u20133 ori pe s\u0103pt\u0103m\u00e2n\u0103<\/strong> vara<\/li>\n\n\n\n<li>Solul trebuie s\u0103 fie <strong>mereu umed<\/strong>, dar nu \u00eembibat<\/li>\n\n\n\n<li>Evit\u0103 apa cu calcar \u2192 folose\u0219te <strong>ap\u0103 de ploaie<\/strong> sau <strong>filtrat\u0103<\/strong><\/li>\n<\/ul>\n\n\n\n<p>\ud83c\udf3f <strong>Fertilizare<\/strong>:<\/p>\n\n\n\n<ul>\n<li>Prim\u0103vara \u0219i vara \u2192 <strong>\u00eengr\u0103\u0219\u0103m\u00e2nt pentru plante acidofile<\/strong><\/li>\n\n\n\n<li>Natural: <strong>za\u021b de cafea<\/strong>, <strong>coji de banan\u0103<\/strong>, <strong>compost de frunze<\/strong><\/li>\n<\/ul>\n\n\n\n<p><\/p>\n\n\n\n<h3>\u2600\ufe0f\u2744\ufe0f <strong>6. Soare \u0219i Protec\u021bie Climatic\u0103<\/strong><\/h3>\n\n\n\n<ul>\n<li>\u2714\ufe0f Minimum <strong>6\u20138 ore de soare\/zi<\/strong><\/li>\n\n\n\n<li>\ud83d\udd25 Vara: protejeaz\u0103 de soarele puternic la pr\u00e2nz<\/li>\n\n\n\n<li>\u2744\ufe0f Iarna: izoleaz\u0103 ghiveciul cu <strong>frunze uscate, p\u00e2nz\u0103 agrotextil\u0103<\/strong> sau mut\u0103-l \u00eentr-un loc ferit de \u00eenghe\u021b<\/li>\n<\/ul>\n\n\n\n<p><\/p>\n\n\n\n<h3>\u2702\ufe0f <strong>7. \u00cengrijire \u0219i T\u0103iere<\/strong><\/h3>\n\n\n\n<p>Dup\u0103 <strong>2\u20133 ani<\/strong>, \u00eencepe s\u0103 tai:<\/p>\n\n\n\n<ul>\n<li>\ud83c\udf3f <strong>Ramurile b\u0103tr\u00e2ne \u0219i uscate<\/strong><\/li>\n\n\n\n<li>\ud83c\udf42 <strong>Frunzele bolnave<\/strong><\/li>\n\n\n\n<li>\ud83e\udeb4 Las\u0103 planta s\u0103 \u201erespire\u201d \u2013 aerisirea previne bolile<\/li>\n<\/ul>\n\n\n\n<p><\/p>\n\n\n\n<h3>\ud83d\udc26 <strong>8. Protejeaz\u0103 Planta de D\u0103un\u0103tori<\/strong><\/h3>\n\n\n\n<ul>\n<li>Folose\u0219te <strong>plase de protec\u021bie<\/strong> pentru p\u0103s\u0103ri<\/li>\n\n\n\n<li>Dac\u0103 apar afide: pulverizeaz\u0103 cu <strong>ap\u0103 + s\u0103pun natural<\/strong><\/li>\n<\/ul>\n\n\n\n<p><\/p>\n\n\n\n<h3>\ud83e\uded0 <strong>9. Recoltarea Afinelor<\/strong><\/h3>\n\n\n\n<p>\ud83d\udd39 Afinele sunt gata c\u00e2nd:<\/p>\n\n\n\n<ul>\n<li>Sunt complet <strong>albastre<\/strong><\/li>\n\n\n\n<li>Sunt <strong>u\u0219or moi la atingere<\/strong><\/li>\n\n\n\n<li>Se desprind u\u0219or (dar nu for\u021bat)<\/li>\n<\/ul>\n\n\n\n<p>\ud83d\udd01 Recoltarea se face <strong>treptat<\/strong>, \u00een func\u021bie de coacere. Poate dura c\u00e2teva s\u0103pt\u0103m\u00e2ni.<\/p>\n\n\n\n<p><\/p>\n\n\n\n<p><\/p>\n\n\n\n<h3>\ud83c\udf1f <strong>Concluzie<\/strong><\/h3>\n\n\n\n<blockquote class=\"wp-block-quote\">\n<p>Cultivarea afinelor \u00een g\u0103le\u021bi este <strong>u\u0219or de realizat, pl\u0103cut\u0103 \u0219i extrem de eficient\u0103<\/strong>, chiar dac\u0103 locuie\u0219ti la bloc sau nu ai gr\u0103din\u0103.<br>\ud83e\uded0 Te vei bucura de fructe proaspete, gustoase \u0219i s\u0103n\u0103toase \u2013 chiar de pe balconul t\u0103u!<\/p>\n<\/blockquote>\n\n\n\n<p>Vrei s\u0103 transform acest ghid \u00eentr-o <strong>postare carusel pentru Instagram<\/strong>, un <strong>videoclip explicativ<\/strong> sau un <strong>poster tip\u0103rit<\/strong>? Spune-mi cum vrei s\u0103-l folose\u0219ti \u0219i te ajut cu pl\u0103cere! \ud83d\ude0a\ud83c\udf3fInstrumente<\/p>\n","protected":false},"excerpt":{"rendered":"<p>Afinele nu doar c\u0103 sunt gustoase \u0219i pline de antioxidan\u021bi \ud83d\udc99, dar se pot cultiva cu u\u0219urin\u021b\u0103 chiar \u0219i \u00een spa\u021bii mici \u2013 pe balcon,<\/p>\n","protected":false},"author":1,"featured_media":40120,"comment_status":"closed","ping_status":"closed","sticky":false,"template":"","format":"standard","meta":[],"categories":[1],"tags":[],"_links":{"self":[{"href":"http:\/\/calatorinromania.com\/index.php?rest_route=\/wp\/v2\/posts\/40119"}],"collection":[{"href":"http:\/\/calatorinromania.com\/index.php?rest_route=\/wp\/v2\/posts"}],"about":[{"href":"http:\/\/calatorinromania.com\/index.php?rest_route=\/wp\/v2\/types\/post"}],"author":[{"embeddable":true,"href":"http:\/\/calatorinromania.com\/index.php?rest_route=\/wp\/v2\/users\/1"}],"replies":[{"embeddable":true,"href":"http:\/\/calatorinromania.com\/index.php?rest_route=%2Fwp%2Fv2%2Fcomments&post=40119"}],"version-history":[{"count":1,"href":"http:\/\/calatorinromania.com\/index.php?rest_route=\/wp\/v2\/posts\/40119\/revisions"}],"predecessor-version":[{"id":40121,"href":"http:\/\/calatorinromania.com\/index.php?rest_route=\/wp\/v2\/posts\/40119\/revisions\/40121"}],"wp:featuredmedia":[{"embeddable":true,"href":"http:\/\/calatorinromania.com\/index.php?rest_route=\/wp\/v2\/media\/40120"}],"wp:attachment":[{"href":"http:\/\/calatorinromania.com\/index.php?rest_route=%2Fwp%2Fv2%2Fmedia&parent=40119"}],"wp:term":[{"taxonomy":"category","embeddable":true,"href":"http:\/\/calatorinromania.com\/index.php?rest_route=%2Fwp%2Fv2%2Fcategories&post=40119"},{"taxonomy":"post_tag","embeddable":true,"href":"http:\/\/calatorinromania.com\/index.php?rest_route=%2Fwp%2Fv2%2Ftags&post=40119"}],"curies":[{"name":"wp","href":"https:\/\/api.w.org\/{rel}","templated":true}]}}