{"id":40107,"date":"2025-06-14T19:47:49","date_gmt":"2025-06-14T19:47:49","guid":{"rendered":"https:\/\/calatorinromania.com\/?p=40107"},"modified":"2025-06-14T19:47:50","modified_gmt":"2025-06-14T19:47:50","slug":"cutremur-in-televiziune-este-vorba-de-dan-capatos","status":"publish","type":"post","link":"http:\/\/calatorinromania.com\/?p=40107","title":{"rendered":"Cutremur \u00een televiziune! Este vorba de Dan Capatos"},"content":{"rendered":"\n<p>Dan Capatos, unul dintre cei mai cunoscu\u021bi prezentatori TV din Rom\u00e2nia, urmeaz\u0103 s\u0103 fie supus unei interven\u021bii chirurgicale.<\/p>\n\n\n\n<p><\/p>\n\n\n\n<p>Dan Capatos, unul dintre cei mai cunoscu\u021bi prezentatori TV din Rom\u00e2nia, urmeaz\u0103 s\u0103 fie supus unei interven\u021bii chirurgicale. Anun\u021bul a fost f\u0103cut chiar de el, \u00een direct, \u00een cadrul emisiunii \u201eUn Show P\u0103c\u0103tos\u201d, de la Antena Stars.<\/p>\n\n\n\n<p><\/p>\n\n\n\n<p>Dan Capatos dispare de pe micile ecrane o perioad\u0103. Prezentatorul urmeaz\u0103 s\u0103 se opereze<\/p>\n\n\n\n<p><\/p>\n\n\n\n<p>Dan Capatos a descoperit \u00een urm\u0103 cu c\u00e2teva luni c\u0103 se confrunt\u0103 cu probleme de s\u0103n\u0103tate. Dup\u0103 mai multe investiga\u021bii, medicii i-au descoperit prezentatorului un polip pe una din corzile vocale. A\u0219adar, Capatos urmeaz\u0103 s\u0103 ajung\u0103 pe masa de opera\u021bie \u00een doar c\u00e2teva zile. Interven\u021bia chirurgical\u0103 presupune anestezie general\u0103 \u0219i intubase, ceea ce \u00eenseamn\u0103 o perioad\u0103 de recuperare mai lung\u0103.<\/p>\n\n\n\n<p><\/p>\n\n\n\n<p>Cu toate c\u0103 nu trece printr-o perioad\u0103 u\u0219oar\u0103, Capatos a vrut s\u0103 fie sincer cu publicul s\u0103u \u0219i s\u0103 le ofere fanilor toate detaliile legate de starea sa de s\u0103n\u0103tate. Aceasta a recunoscut c\u0103 a resim\u021bit probleme \u00een voce \u00een ultimele luni, iar investiga\u021biile meficale au confirmat prezen\u021ba polipului. Totodat\u0103, prezentatorul TV a declarat c\u0103 nu inten\u021bioneaz\u0103 s\u0103 dispar\u0103 de tot de pe micile ecrane. Dup\u0103 ce se va recupera, el se va \u00eentoarce \u00een lumina reflectoarelor.<\/p>\n\n\n\n<p><\/p>\n\n\n\n<p>\u201eVa urma o perioad\u0103 mai grea, dar m\u0103 \u00eentorc \u00een septembrie\u201d, a spus el \u00een emisiune.<\/p>\n\n\n\n<p><\/p>\n\n\n\n<p>Dup\u0103 opera\u021bie, Capatos va avea nevoie de odihn\u0103 vocal\u0103 complet\u0103. Astfel, timp de mai multe s\u0103pt\u0103m\u00e2ni, el nu va putea vorbi, iar revenirea la formatul obi\u0219nuit al emisiunii va fi posibil\u0103 abia dup\u0103 ce medicii \u00eei vor da acordul. \u00cen aceast\u0103 perioad\u0103, este posibil ca emisiunea \u201eUn Show P\u0103c\u0103tos\u201d s\u0103 intre \u00een pauz\u0103 sau s\u0103 fie preluat\u0103 temporar de un alt moderator, de\u0219i nu a fost f\u0103cut un anun\u021b oficial \u00een acest sens.<\/p>\n\n\n\n<p><\/p>\n\n\n\n<p>Cu toate c\u0103 trece printr-o perioad\u0103 delicat\u0103, prezentatorul TV r\u0103m\u00e2ne optimist, av\u00e2nd \u00eencredere \u00een medici \u0219i sper\u00e2nd c\u0103 se va reface complet \u00een scurt timp.<\/p>\n\n\n\n<p><\/p>\n\n\n\n<p>\u201eAm trecut prin multe \u00een cariera mea, dar s\u0103n\u0103tatea este pe primul loc. Mul\u021bumesc tuturor celor care mi-au transmis mesaje de sus\u021binere\u201d, a spus el.<\/p>\n","protected":false},"excerpt":{"rendered":"<p>Dan Capatos, unul dintre cei mai cunoscu\u021bi prezentatori TV din Rom\u00e2nia, urmeaz\u0103 s\u0103 fie supus unei interven\u021bii chirurgicale. Dan Capatos, unul dintre cei mai cunoscu\u021bi<\/p>\n","protected":false},"author":1,"featured_media":39984,"comment_status":"closed","ping_status":"closed","sticky":false,"template":"","format":"standard","meta":[],"categories":[1],"tags":[],"_links":{"self":[{"href":"http:\/\/calatorinromania.com\/index.php?rest_route=\/wp\/v2\/posts\/40107"}],"collection":[{"href":"http:\/\/calatorinromania.com\/index.php?rest_route=\/wp\/v2\/posts"}],"about":[{"href":"http:\/\/calatorinromania.com\/index.php?rest_route=\/wp\/v2\/types\/post"}],"author":[{"embeddable":true,"href":"http:\/\/calatorinromania.com\/index.php?rest_route=\/wp\/v2\/users\/1"}],"replies":[{"embeddable":true,"href":"http:\/\/calatorinromania.com\/index.php?rest_route=%2Fwp%2Fv2%2Fcomments&post=40107"}],"version-history":[{"count":1,"href":"http:\/\/calatorinromania.com\/index.php?rest_route=\/wp\/v2\/posts\/40107\/revisions"}],"predecessor-version":[{"id":40108,"href":"http:\/\/calatorinromania.com\/index.php?rest_route=\/wp\/v2\/posts\/40107\/revisions\/40108"}],"wp:featuredmedia":[{"embeddable":true,"href":"http:\/\/calatorinromania.com\/index.php?rest_route=\/wp\/v2\/media\/39984"}],"wp:attachment":[{"href":"http:\/\/calatorinromania.com\/index.php?rest_route=%2Fwp%2Fv2%2Fmedia&parent=40107"}],"wp:term":[{"taxonomy":"category","embeddable":true,"href":"http:\/\/calatorinromania.com\/index.php?rest_route=%2Fwp%2Fv2%2Fcategories&post=40107"},{"taxonomy":"post_tag","embeddable":true,"href":"http:\/\/calatorinromania.com\/index.php?rest_route=%2Fwp%2Fv2%2Ftags&post=40107"}],"curies":[{"name":"wp","href":"https:\/\/api.w.org\/{rel}","templated":true}]}}